{"id":48288,"date":"2023-05-19T21:54:51","date_gmt":"2023-05-20T00:54:51","guid":{"rendered":"https:\/\/www.paranapraia.com.br\/?p=48288"},"modified":"2023-05-19T21:54:52","modified_gmt":"2023-05-20T00:54:52","slug":"entidades-repudiam-discurso-de-deputado-do-pl-em-homenagem-a-avo-nazista","status":"publish","type":"post","link":"https:\/\/www.paranapraia.com.br\/index.php\/2023\/05\/19\/entidades-repudiam-discurso-de-deputado-do-pl-em-homenagem-a-avo-nazista\/","title":{"rendered":"Entidades repudiam discurso de deputado do PL em homenagem a av\u00f4 nazista"},"content":{"rendered":"\n<p>O deputado federal Paulo Bilynskyj (PL) exaltou nesta \u00faltima quinta-feira (18), na C\u00e2mara dos Deputados, a luta do av\u00f4 contra o comunismo na Ucr\u00e2nia. Seu av\u00f4 fez parte da Waffen SS (SS Armada), ex\u00e9rcito pessoal nazista de Adolf Hitler durante a Segunda Guerra Mundial, cuja fun\u00e7\u00e3o tamb\u00e9m era a de vigiar campos de concentra\u00e7\u00e3o, locais respons\u00e1veis pelo aprisionamento e o exterm\u00ednio em massa de judeus.<\/p>\n\n\n\n<p>O parlamentar fez a sua fala vestindo camisa em homenagem ao Dia Internacional da Vyshyvanka com um s\u00edmbolo de heran\u00e7a da Ucr\u00e2nia. \u201cEssas vestes s\u00e3o uma homenagem \u00e0s minhas origens, ao meu av\u00f4 Bohdan Bilynskyj, que chegou ao Brasil, em 30 de setembro de 1948, ap\u00f3s lutar bravamente pela liberdade de seu pa\u00eds, invadido por russos comunistas. \u00c9 na Ucr\u00e2nia dos anos 30 que come\u00e7a a luta da minha fam\u00edlia contra o comunismo\u201d, disse.<\/p>\n\n\n\n<p>Para entidades e especialistas, a fala do deputado foi uma apologia clara do nazismo. \u201cO deputado Paulo Bilynskyj afirmou nas pr\u00f3prias redes sociais, ao responder um seguidor, que o av\u00f4 era parte da SS. Ciente do que era essa mil\u00edcia nazista, tomou a decis\u00e3o de subir ao p\u00falpito da C\u00e2mara dos Deputados e exaltar a participa\u00e7\u00e3o do av\u00f4 em uma c\u00e9lula de massacre de minorias \u2013 n\u00e3o s\u00f3 de judeus, mas tamb\u00e9m negros, pessoas LGBTQIA+, deficientes f\u00edsicos e comunistas. \u00c9, sem d\u00favidas, uma exalta\u00e7\u00e3o ao nazismo, usando a falsa justificativa de que o comunismo seria \u2018o mal do mundo\u2019, \u2018o pior cen\u00e1rio\u2019. Sendo assim, para ele, o nazismo seria mais toler\u00e1vel e o nazismo nunca \u00e9 toler\u00e1vel\u201d, afirma Michel Gherman, assessor acad\u00eamico do Instituto Brasil-Israel.<\/p>\n\n\n\n<p>A Conib (Confedera\u00e7\u00e3o Israelita do Brasil) emitiu nota condenando a fala do deputado. \u201cA Conib condena e lamenta profundamente as declara\u00e7\u00f5es do deputado Paulo Bilynskyj na C\u00e2mara dos Deputados exaltando a\u00e7\u00e3o do Ex\u00e9rcito alem\u00e3o na Segunda Guerra Mundial. Sob o comando de Hitler, as tropas nazistas provocaram a morte de dezenas de milh\u00f5es de pessoas e foram fundamentais para a perpetra\u00e7\u00e3o do Holocausto, que exterminou 6 milh\u00f5es de judeus na Europa\u201d, disse Cl\u00e1udio Lottenberg, presidente da entidade.<\/p>\n\n\n\n<p>Para o pesquisador de p\u00f3s-doutorado do departamento de ci\u00eancia pol\u00edtica da USP, Ronaldo Tadeu de Souza, estudioso do pensamento pol\u00edtico conservador e de direita, o discurso do deputado \u00e9 declaradamente nazifascista. \u201cO mais grave \u00e9 que ele n\u00e3o faz uma refer\u00eancia gen\u00e9rica, que j\u00e1 seria terr\u00edvel e conden\u00e1vel, mas ele faz uma exalta\u00e7\u00e3o particular e pessoal. Ou seja, ele tem plena percep\u00e7\u00e3o do que est\u00e1 enunciando ao fazer refer\u00eancia elogiosa ao Waffen SS, que era n\u00e3o apenas o ex\u00e9rcito (convencional) do hitlerismo, mas o setor de elite daquele, altamente violento, racista, elitizado, fiel ao ide\u00e1rio de Hitler e seu grupo, convicto da miss\u00e3o de exterm\u00ednio das ra\u00e7as, culturas inferiores, judeus e comunistas. \u00c9 um louvor pleno e cabal do nazismo\u201d.<\/p>\n\n\n\n<h3 class=\"wp-block-heading\">Crescimento do neonazismo no Brasil<\/h3>\n\n\n\n<p>O discurso do deputado, entretanto, n\u00e3o \u00e9 um fato isolado e se insere em um contexto de crescimento de grupos neonazistas no pa\u00eds. Mapa elaborado pela antrop\u00f3loga Adriana Dias, pesquisadora do neonazismo no Brasil, mostra que, de janeiro de 2019 a maio de 2021, houve um crescimento de 270,6% na quantidade desses n\u00facleos extremistas no pa\u00eds, o que significa pelo menos 530 grupos.<\/p>\n\n\n\n<p>A elei\u00e7\u00e3o de Jair Bolsonaro (PL) para a Presid\u00eancia foi um dos fatores que multiplicou a ideologia em territ\u00f3rio nacional. O ex-presidente de extrema-direita marcou sua carreira pol\u00edtica por discursos nacionalistas e preconceituosos contra popula\u00e7\u00e3o LGBTQIA+, negros, mulheres e minorias de forma geral, posturas apoiadas por nazistas. Em 2011, antes de Bolsonaro assumir a presid\u00eancia, lideran\u00e7as de grupos neonazistas convocaram uma manifesta\u00e7\u00e3o de apoio ao ent\u00e3o deputado na Avenida Paulista.<\/p>\n\n\n\n<p>O pr\u00f3prio slogan de campanha do ex-presidente \u2014 \u201cBrasil acima de tudo\u201d \u2014, lembra a frase \u201cDeutscland \u00fcber alles\u201d, que significa \u201cAlemanha acima de tudo\u201d, bord\u00e3o utilizado na Alemanha de Hitler. Entre os atos de seu governo que o aproximaram de elementos nazistas, est\u00e1 a reuni\u00e3o, no Pal\u00e1cio do Planalto, dele com a deputada alem\u00e3 Beatrix von Storch, neta do ministro das Finan\u00e7as de Hitler, Lutz Graf Schwerin von Krosigk, e l\u00edder do partido de extrema direita alem\u00e3o AfD (Alternativa para a Alemanha). Em 2018, a parlamentar foi investigada por incitar o \u00f3dio contra imigrantes mu\u00e7ulmanos nas redes sociais, quando o Twitter e Facebook removeram suas postagens, classificadas como discurso de \u00f3dio.<\/p>\n\n\n\n<p>Outro exemplo de aproxima\u00e7\u00e3o entre o governo Bolsonaro e a ideologia extremista se deu quando o ex-secret\u00e1rio especial da Cultura Roberto Alvim veiculou v\u00eddeo parafraseando um discurso do ministro da propaganda nazista, Joseph Goebbels.<\/p>\n\n\n\n<p>Outra raz\u00e3o para o recrudescimento do nazismo no Brasil est\u00e1 na falta de uma legisla\u00e7\u00e3o clara contra discursos de \u00f3dio, principal obst\u00e1culo para que esses crimes sejam punidos de maneira exemplar. Atualmente, o nazismo \u00e9 punido com base na Lei de Crimes Raciais, com pena de at\u00e9 cinco anos de pris\u00e3o, mas h\u00e1 d\u00favidas se a legisla\u00e7\u00e3o \u00e9 clara e dura o suficiente. Segundo especialistas, faltam ainda treinamento e melhor compreens\u00e3o das normas nas pol\u00edcias, nos Minist\u00e9rios P\u00fablicos e no Judici\u00e1rio.<\/p>\n\n\n\n<p>\u201cH\u00e1 uma liga\u00e7\u00e3o clara entre o aumento de grupos neonazista e o sentimento de liberdade de um deputado federal de exaltar um grupo nazista na C\u00e2mara. Vivemos um longo processo de normaliza\u00e7\u00e3o do nazismo. No Brasil, hoje, pessoas que simpatizam com a ideologia de Adolf Hitler n\u00e3o t\u00eam sequer medo de esconder o que pensam. S\u00e3o orgulhosos, mesmo que a apologia ao nazismo seja crime. \u00c9 constrangedor que o pa\u00eds tenha chegado neste ponto e mostra a urg\u00eancia de passarmos por um processo de desnazifica\u00e7\u00e3o\u201d, afirma Gherman.<\/p>\n\n\n\n<p>Para Tadeu de Souza, n\u00e3o h\u00e1 d\u00favidas de que a manifesta\u00e7\u00e3o do deputado federal n\u00e3o se trata de um fato isolado. \u201cAs evid\u00eancias s\u00e3o bastante consistentes de que h\u00e1 um crescimento de grupos, movimentos e de uma gestualidade nazista entre n\u00f3s e o pr\u00f3prio deputado Bilynskyj tem essa no\u00e7\u00e3o. N\u00e3o \u00e9 algo fortuito a declara\u00e7\u00e3o dele\u201d.<\/p>\n\n\n\n<p>O pesquisador da USP acredita ser dif\u00edcil prever o desfecho ou o horizonte dessas manifesta\u00e7\u00f5es na vida pol\u00edtica e na sociedade. \u201cDe todo modo, temos de estar muito atentos a essas manifesta\u00e7\u00f5es, especialmente por vir de um deputado federal que era policial civil do Estado de S\u00e3o Paulo\u201d, alerta.<\/p>\n\n\n\n<p><strong>Isto\u00c9<\/strong><\/p>\n","protected":false},"excerpt":{"rendered":"<p>O deputado federal Paulo Bilynskyj (PL) exaltou nesta \u00faltima quinta-feira (18), na C\u00e2mara dos Deputados, a luta do av\u00f4 contra o comunismo na Ucr\u00e2nia. Seu av\u00f4 fez parte da Waffen SS (SS Armada), ex\u00e9rcito pessoal nazista de Adolf Hitler durante a Segunda Guerra Mundial, cuja fun\u00e7\u00e3o tamb\u00e9m era a de vigiar campos de concentra\u00e7\u00e3o, locais [&hellip;]<\/p>\n","protected":false},"author":2,"featured_media":48289,"comment_status":"open","ping_status":"open","sticky":false,"template":"","format":"standard","meta":{"advanced_seo_description":"","jetpack_seo_html_title":"","jetpack_seo_noindex":false,"_jetpack_memberships_contains_paid_content":false,"footnotes":""},"categories":[32],"tags":[],"class_list":{"0":"post-48288","1":"post","2":"type-post","3":"status-publish","4":"format-standard","5":"has-post-thumbnail","7":"category-politica"},"jetpack_featured_media_url":"https:\/\/www.paranapraia.com.br\/wp-content\/uploads\/2023\/05\/bruno-spada-camara-deputados.jpg","jetpack_sharing_enabled":true,"_links":{"self":[{"href":"https:\/\/www.paranapraia.com.br\/index.php\/wp-json\/wp\/v2\/posts\/48288"}],"collection":[{"href":"https:\/\/www.paranapraia.com.br\/index.php\/wp-json\/wp\/v2\/posts"}],"about":[{"href":"https:\/\/www.paranapraia.com.br\/index.php\/wp-json\/wp\/v2\/types\/post"}],"author":[{"embeddable":true,"href":"https:\/\/www.paranapraia.com.br\/index.php\/wp-json\/wp\/v2\/users\/2"}],"replies":[{"embeddable":true,"href":"https:\/\/www.paranapraia.com.br\/index.php\/wp-json\/wp\/v2\/comments?post=48288"}],"version-history":[{"count":1,"href":"https:\/\/www.paranapraia.com.br\/index.php\/wp-json\/wp\/v2\/posts\/48288\/revisions"}],"predecessor-version":[{"id":48290,"href":"https:\/\/www.paranapraia.com.br\/index.php\/wp-json\/wp\/v2\/posts\/48288\/revisions\/48290"}],"wp:featuredmedia":[{"embeddable":true,"href":"https:\/\/www.paranapraia.com.br\/index.php\/wp-json\/wp\/v2\/media\/48289"}],"wp:attachment":[{"href":"https:\/\/www.paranapraia.com.br\/index.php\/wp-json\/wp\/v2\/media?parent=48288"}],"wp:term":[{"taxonomy":"category","embeddable":true,"href":"https:\/\/www.paranapraia.com.br\/index.php\/wp-json\/wp\/v2\/categories?post=48288"},{"taxonomy":"post_tag","embeddable":true,"href":"https:\/\/www.paranapraia.com.br\/index.php\/wp-json\/wp\/v2\/tags?post=48288"}],"curies":[{"name":"wp","href":"https:\/\/api.w.org\/{rel}","templated":true}]}}