{"id":48285,"date":"2023-05-19T21:47:30","date_gmt":"2023-05-20T00:47:30","guid":{"rendered":"https:\/\/www.paranapraia.com.br\/?p=48285"},"modified":"2023-05-19T21:47:30","modified_gmt":"2023-05-20T00:47:30","slug":"no-fundo-eu-coloco-a-culpa-no-governo-diz-moro-sobre-a-cassacao-de-deltan","status":"publish","type":"post","link":"https:\/\/www.paranapraia.com.br\/index.php\/2023\/05\/19\/no-fundo-eu-coloco-a-culpa-no-governo-diz-moro-sobre-a-cassacao-de-deltan\/","title":{"rendered":"\u2018No fundo, eu coloco a culpa no governo\u2019, diz Moro sobre a cassa\u00e7\u00e3o de Deltan"},"content":{"rendered":"\n<p>O senador\u00a0Sergio Moro\u00a0(Uni\u00e3o Brasil-PR) disse que o governo Lula vem construindo um clima de \u201ccontinuidade da polariza\u00e7\u00e3o\u201d, que \u201cfavorece a persegui\u00e7\u00e3o da oposi\u00e7\u00e3o\u201d ao ser perguntado sobre a cassa\u00e7\u00e3o do deputado\u00a0Deltan Dallagnol\u00a0(Podemos-PR) pelo Tribunal Superior Eleitoral (TSE). A declara\u00e7\u00e3o foi publicada em entrevista ao jornal Folha de S. Paulo nesta sexta-feira (19).<\/p>\n\n\n\n<p>Moro diz divergir \u201crespeitosamente\u201d da decis\u00e3o da corte eleitoral que\u00a0cassou o mandato do deputado. Mas, segundo ele, h\u00e1 um contexto desfavor\u00e1vel por tr\u00e1s dela.<\/p>\n\n\n\n<p>\u201cNo fundo, eu coloco a culpa no governo, porque o PT e o governo v\u00eam construindo esse clima no Brasil de continuidade da polariza\u00e7\u00e3o\u201d, diz o senador. \u201cEnt\u00e3o, o tribunal aplicou a lei, acho que fez uma interpreta\u00e7\u00e3o incorreta da lei, n\u00e3o foi a melhor. Mas, no fundo, \u00e9 esse contexto de cassa\u00e7\u00e3o, de amea\u00e7a, de censura, isso n\u00e3o faz bem ao pa\u00eds\u201d.\u00a0<\/p>\n\n\n\n<p>Deltan foi cassado por decis\u00e3o un\u00e2nime dos ministros do TSE na \u00faltima ter\u00e7a-feira (16). Segundo o\u00a0entendimento dos ministros, o parlamentar fez uma manobra jur\u00eddica ao pedir exonera\u00e7\u00e3o do Minist\u00e9rio P\u00fablico na imin\u00eancia de que fosse aberto contra ele um processo disciplinar que poderia t\u00ea-lo deixado ineleg\u00edvel. Com base nisso, decidiram pela perda de mandato do deputado.<\/p>\n\n\n\n<p>Tanto Deltan quanto Sergio Moro s\u00e3o nomes-s\u00edmbolo da Lava Jato \u2013 Deltan como coordenador da for\u00e7a-tarefa da investiga\u00e7\u00e3o no Minist\u00e9rio Publico, Moro como juiz respons\u00e1vel pelas condena\u00e7\u00f5es com base no que foi investigado. Na entrevista \u00e0 Folha, o senador defendeu a opera\u00e7\u00e3o: \u201cQuem foi processado na Lava Jato recebeu suborno ou pagou o suborno. (\u2026) O que houve depois foi uma revis\u00e3o, uma revanche contra esse combate \u00e0 corrup\u00e7\u00e3o que eu lamento, mas eu nunca tratei essas quest\u00f5es de um ponto de vista pessoal\u201d.<\/p>\n","protected":false},"excerpt":{"rendered":"<p>O senador\u00a0Sergio Moro\u00a0(Uni\u00e3o Brasil-PR) disse que o governo Lula vem construindo um clima de \u201ccontinuidade da polariza\u00e7\u00e3o\u201d, que \u201cfavorece a persegui\u00e7\u00e3o da oposi\u00e7\u00e3o\u201d ao ser perguntado sobre a cassa\u00e7\u00e3o do deputado\u00a0Deltan Dallagnol\u00a0(Podemos-PR) pelo Tribunal Superior Eleitoral (TSE). A declara\u00e7\u00e3o foi publicada em entrevista ao jornal Folha de S. Paulo nesta sexta-feira (19). Moro diz divergir [&hellip;]<\/p>\n","protected":false},"author":2,"featured_media":48286,"comment_status":"open","ping_status":"open","sticky":false,"template":"","format":"standard","meta":{"advanced_seo_description":"","jetpack_seo_html_title":"","jetpack_seo_noindex":false,"_jetpack_memberships_contains_paid_content":false,"footnotes":""},"categories":[32],"tags":[],"class_list":{"0":"post-48285","1":"post","2":"type-post","3":"status-publish","4":"format-standard","5":"has-post-thumbnail","7":"category-politica"},"jetpack_featured_media_url":"https:\/\/www.paranapraia.com.br\/wp-content\/uploads\/2023\/05\/MIN_SERGIO_MORO_01.jpg","jetpack_sharing_enabled":true,"_links":{"self":[{"href":"https:\/\/www.paranapraia.com.br\/index.php\/wp-json\/wp\/v2\/posts\/48285"}],"collection":[{"href":"https:\/\/www.paranapraia.com.br\/index.php\/wp-json\/wp\/v2\/posts"}],"about":[{"href":"https:\/\/www.paranapraia.com.br\/index.php\/wp-json\/wp\/v2\/types\/post"}],"author":[{"embeddable":true,"href":"https:\/\/www.paranapraia.com.br\/index.php\/wp-json\/wp\/v2\/users\/2"}],"replies":[{"embeddable":true,"href":"https:\/\/www.paranapraia.com.br\/index.php\/wp-json\/wp\/v2\/comments?post=48285"}],"version-history":[{"count":1,"href":"https:\/\/www.paranapraia.com.br\/index.php\/wp-json\/wp\/v2\/posts\/48285\/revisions"}],"predecessor-version":[{"id":48287,"href":"https:\/\/www.paranapraia.com.br\/index.php\/wp-json\/wp\/v2\/posts\/48285\/revisions\/48287"}],"wp:featuredmedia":[{"embeddable":true,"href":"https:\/\/www.paranapraia.com.br\/index.php\/wp-json\/wp\/v2\/media\/48286"}],"wp:attachment":[{"href":"https:\/\/www.paranapraia.com.br\/index.php\/wp-json\/wp\/v2\/media?parent=48285"}],"wp:term":[{"taxonomy":"category","embeddable":true,"href":"https:\/\/www.paranapraia.com.br\/index.php\/wp-json\/wp\/v2\/categories?post=48285"},{"taxonomy":"post_tag","embeddable":true,"href":"https:\/\/www.paranapraia.com.br\/index.php\/wp-json\/wp\/v2\/tags?post=48285"}],"curies":[{"name":"wp","href":"https:\/\/api.w.org\/{rel}","templated":true}]}}