{"id":48279,"date":"2023-05-19T21:23:51","date_gmt":"2023-05-20T00:23:51","guid":{"rendered":"https:\/\/www.paranapraia.com.br\/?p=48279"},"modified":"2023-05-19T21:23:52","modified_gmt":"2023-05-20T00:23:52","slug":"esposa-de-mauro-cid-admite-a-pf-que-usou-certificado-de-vacinacao-falso","status":"publish","type":"post","link":"https:\/\/www.paranapraia.com.br\/index.php\/2023\/05\/19\/esposa-de-mauro-cid-admite-a-pf-que-usou-certificado-de-vacinacao-falso\/","title":{"rendered":"Esposa de Mauro Cid admite \u00e0 PF que usou certificado de vacina\u00e7\u00e3o falso"},"content":{"rendered":"\n<p>A esposa de\u00a0Mauro Cid, Gabriela Santiago Cid, admitiu em depoimento \u00e0\u00a0Pol\u00edcia Federal (PF)\u00a0nesta sexta-feira (19) que utilizou um certificado de vacina\u00e7\u00e3o falsificado feito pelo seu marido. As informa\u00e7\u00f5es s\u00e3o de Renata Agostini, analista de pol\u00edtica da\u00a0<strong>CNN<\/strong>.<\/p>\n\n\n\n<p>Ela disse ter conhecimento do esquema de fraude dos cart\u00f5es de vacina\u00e7\u00e3o e que fez uso de um deles por n\u00e3o ser vacinada contra a\u00a0Covid-19.<\/p>\n\n\n\n<p>As investiga\u00e7\u00f5es da pol\u00edcia apontam que ela utilizou a documenta\u00e7\u00e3o falsa para realizar ao menos tr\u00eas viagens aos Estados Unidos.<\/p>\n\n\n\n<p>Gabriela Cid deixou a sede da PF em Bras\u00edlia por volta das 17h10, tendo prestado esclarecimentos \u00e0 corpora\u00e7\u00e3o por quase tr\u00eas horas.<\/p>\n\n\n\n<p>Na quinta-feira (18), Mauro Cid, que foi ajudante de ordens do ex-presidente\u00a0Jair Bolsonaro (PL), ficou em sil\u00eancio diante das perguntas da PF, sob a justificativa de que sua defesa n\u00e3o havia tido acesso ao resultado da per\u00edcia dos celulares apreendidos na opera\u00e7\u00e3o da PF antes do depoimento.<\/p>\n\n\n\n<p>Ele est\u00e1 preso preventivamente desde o dia 3 de maio no Batalh\u00e3o de Pol\u00edcia do Ex\u00e9rcito, em Bras\u00edlia.<\/p>\n\n\n\n<p>A Pol\u00edcia Federal tem evid\u00eancias que apontam que Cid estava envolvido em um esquema de inser\u00e7\u00e3o de dados falsos sobre vacina\u00e7\u00e3o contra Covid-19 nos sistemas do Minist\u00e9rio da Sa\u00fade.<\/p>\n\n\n\n<p>Os cart\u00f5es de vacina\u00e7\u00e3o dele, de sua esposa e de sua fam\u00edlia teriam sido fraudados, assim como o cart\u00e3o do ex-presidente Jair Bolsonaro e de sua filha com Michelle Bolsonaro.<\/p>\n\n\n\n<p>Mensagens extra\u00eddas do celular do ex-ajudante pela Pol\u00edcia Federal revelam conversas dele com a esposa em que eles colocam em d\u00favida os imunizantes.\u00a0Diversos especialistas j\u00e1 atestaram a seguran\u00e7a e efic\u00e1cia das vacinas utilizadas contra a Covid-19.<\/p>\n\n\n\n<h2 class=\"wp-block-heading\">O sil\u00eancio de Mauro Cid<\/h2>\n\n\n\n<p>A justificativa dada pelo tenente-coronel ao ficar em sil\u00eancio foi a falta de acesso \u00e0 per\u00edcia dos celulares apreendidos no in\u00edcio deste m\u00eas pela PF. Al\u00e9m do celular de Mauro Cid, tamb\u00e9m foram apreendidos os celulares de outros presos na opera\u00e7\u00e3o, como de Max Guilherme e S\u00e9rgio Cordeiro, ex-assessores de Bolsonaro, e do aliado do ex-presidente e ex-major do Ex\u00e9rcito Ailton Barros.<\/p>\n\n\n\n<p>Segundo informa\u00e7\u00f5es da analista de pol\u00edtica da&nbsp;<strong>CNN<\/strong>&nbsp;Renata Agostini, a per\u00edcia no celular de Mauro Cid terminou na quarta-feira (17) e n\u00e3o foi inclu\u00edda nos autos do processo, de forma que a defesa do militar n\u00e3o teve acesso e tempo h\u00e1bil para analisar o que foi encontrado antes que o militar pudesse se pronunciar.<\/p>\n\n\n\n<p>Al\u00e9m do suposto esquema de fraude em dados de vacina\u00e7\u00e3o contra Covid, Cid tamb\u00e9m poderia ser questionado pela PF sobre outros assuntos encontrados na per\u00edcia de seu celular e dos aparelhos de outros assessores de Jair Bolsonaro que tamb\u00e9m foram apreendidos.<\/p>\n\n\n\n<p>A&nbsp;<strong>CNN&nbsp;<\/strong>revelou, por exemplo, que Barros&nbsp;<a href=\"https:\/\/www.cnnbrasil.com.br\/politica\/aliado-discutiu-golpe-de-estado-com-mauro-cid-em-dezembro-de-2022\/\">manteve troca de mensagens e \u00e1udios com Mauro Cid<\/a>&nbsp;e com o ex-n\u00famero dois do Minist\u00e9rio da Sa\u00fade e ex-assessor da Casa Civil,&nbsp;<a href=\"https:\/\/www.cnnbrasil.com.br\/politica\/audio-revela-coronel-elcio-em-trama-golpista\/\">coronel Elcio Franco, sobre um golpe de Estado ap\u00f3s as elei\u00e7\u00f5es de 2022.<\/a><\/p>\n\n\n\n<p>Apesar do sil\u00eancio no depoimento de quinta, a defesa de Cid n\u00e3o descartou prestar depoimento \u00e0 PF posteriormente.<\/p>\n\n\n\n<p>Aliados de Bolsonaro minimizaram a op\u00e7\u00e3o de Mauro Cid de permanecer em sil\u00eancio em depoimento. Segundo fontes ligadas \u00e0 defesa, o movimento foi \u201ctecnicamente perfeito\u201d, j\u00e1 que a per\u00edcia no telefone do ex-ajudante de ordens de Bolsonaro terminou somente um dia antes.<\/p>\n\n\n\n<h2 class=\"wp-block-heading\">Opera\u00e7\u00e3o Venire<\/h2>\n\n\n\n<p>A Pol\u00edcia Federal prendeu Mauro Cid no dia 3 de maio, em Bras\u00edlia. Max Guilherme e S\u00e9rgio Cordeiro, assessores de Bolsonaro que trabalhavam no Planalto, tamb\u00e9m foram presos. O secret\u00e1rio municipal de Governo da cidade de Duque de Caxias (RJ), Jo\u00e3o Carlos de Sousa Brecha, tamb\u00e9m foi alvo de pris\u00e3o preventiva.<\/p>\n\n\n\n<p>O celular do ex-presidente foi apreendido.<\/p>\n\n\n\n<p>As a\u00e7\u00f5es fazem parte da Opera\u00e7\u00e3o Venire, que investiga a pr\u00e1tica de crimes na inser\u00e7\u00e3o de dados falsos sobre vacina\u00e7\u00e3o contra Covid-19 nos sistemas do Minist\u00e9rio da Sa\u00fade (sistemas SI-PNI e RNDS).<\/p>\n\n\n\n<p>A\u00a0<strong>CNN<\/strong>\u00a0apurou que a cidade de Duque de Caxias se envolve na investiga\u00e7\u00e3o porque um dos registros encontrados no sistema da Sa\u00fade sobre a vacina\u00e7\u00e3o de Bolsonaro foi feito em um posto de sa\u00fade do munic\u00edpio fluminense. Nesse posto, houve um registro de que o ex-presidente teria se imunizado contra a Covid-19 no local, e a investiga\u00e7\u00e3o apontou que era um dado adulterado.<\/p>\n\n\n\n<p>CNN<\/p>\n","protected":false},"excerpt":{"rendered":"<p>A esposa de\u00a0Mauro Cid, Gabriela Santiago Cid, admitiu em depoimento \u00e0\u00a0Pol\u00edcia Federal (PF)\u00a0nesta sexta-feira (19) que utilizou um certificado de vacina\u00e7\u00e3o falsificado feito pelo seu marido. As informa\u00e7\u00f5es s\u00e3o de Renata Agostini, analista de pol\u00edtica da\u00a0CNN. Ela disse ter conhecimento do esquema de fraude dos cart\u00f5es de vacina\u00e7\u00e3o e que fez uso de um deles [&hellip;]<\/p>\n","protected":false},"author":2,"featured_media":48280,"comment_status":"open","ping_status":"open","sticky":false,"template":"","format":"standard","meta":{"advanced_seo_description":"","jetpack_seo_html_title":"","jetpack_seo_noindex":false,"_jetpack_memberships_contains_paid_content":false,"footnotes":""},"categories":[32],"tags":[],"class_list":{"0":"post-48279","1":"post","2":"type-post","3":"status-publish","4":"format-standard","5":"has-post-thumbnail","7":"category-politica"},"jetpack_featured_media_url":"https:\/\/www.paranapraia.com.br\/wp-content\/uploads\/2023\/05\/GARJSX5JK5BKRM47P3LASP2GAI-scaled.jpg","jetpack_sharing_enabled":true,"_links":{"self":[{"href":"https:\/\/www.paranapraia.com.br\/index.php\/wp-json\/wp\/v2\/posts\/48279"}],"collection":[{"href":"https:\/\/www.paranapraia.com.br\/index.php\/wp-json\/wp\/v2\/posts"}],"about":[{"href":"https:\/\/www.paranapraia.com.br\/index.php\/wp-json\/wp\/v2\/types\/post"}],"author":[{"embeddable":true,"href":"https:\/\/www.paranapraia.com.br\/index.php\/wp-json\/wp\/v2\/users\/2"}],"replies":[{"embeddable":true,"href":"https:\/\/www.paranapraia.com.br\/index.php\/wp-json\/wp\/v2\/comments?post=48279"}],"version-history":[{"count":1,"href":"https:\/\/www.paranapraia.com.br\/index.php\/wp-json\/wp\/v2\/posts\/48279\/revisions"}],"predecessor-version":[{"id":48281,"href":"https:\/\/www.paranapraia.com.br\/index.php\/wp-json\/wp\/v2\/posts\/48279\/revisions\/48281"}],"wp:featuredmedia":[{"embeddable":true,"href":"https:\/\/www.paranapraia.com.br\/index.php\/wp-json\/wp\/v2\/media\/48280"}],"wp:attachment":[{"href":"https:\/\/www.paranapraia.com.br\/index.php\/wp-json\/wp\/v2\/media?parent=48279"}],"wp:term":[{"taxonomy":"category","embeddable":true,"href":"https:\/\/www.paranapraia.com.br\/index.php\/wp-json\/wp\/v2\/categories?post=48279"},{"taxonomy":"post_tag","embeddable":true,"href":"https:\/\/www.paranapraia.com.br\/index.php\/wp-json\/wp\/v2\/tags?post=48279"}],"curies":[{"name":"wp","href":"https:\/\/api.w.org\/{rel}","templated":true}]}}