{"id":48274,"date":"2023-05-19T21:19:14","date_gmt":"2023-05-20T00:19:14","guid":{"rendered":"https:\/\/www.paranapraia.com.br\/?p=48274"},"modified":"2023-05-19T21:19:14","modified_gmt":"2023-05-20T00:19:14","slug":"publicitaria-foi-para-a-uti-apos-usar-ozempic-sem-orientacao-medica","status":"publish","type":"post","link":"https:\/\/www.paranapraia.com.br\/index.php\/2023\/05\/19\/publicitaria-foi-para-a-uti-apos-usar-ozempic-sem-orientacao-medica\/","title":{"rendered":"Publicit\u00e1ria foi para a UTI ap\u00f3s usar Ozempic sem orienta\u00e7\u00e3o m\u00e9dica"},"content":{"rendered":"\n<p>Basta digitar &#8220;Ozempic&#8221; nas buscas de redes sociais para encontrar v\u00eddeos mostrando pessoas dizendo que emagreceram usando o medicamento e dando seus depoimentos sobre ele.<\/p>\n\n\n\n<p>Foi buscando esse resultado que a publicit\u00e1ria Fernanda Guimar\u00e3es Pimenta, de 29 anos, decidiu fazer o uso do medicamento sem orienta\u00e7\u00e3o m\u00e9dica e acabou parando na UTI e quase teve uma insufici\u00eancia hep\u00e1tica &#8211; quando o f\u00edgado para de funcionar.<\/p>\n\n\n\n<p>Ap\u00f3s assistir a esses v\u00eddeos nas redes sociais, Fernanda decidiu usar o Ozempic, uma &#8220;canetinha&#8221; com uma agulha na ponta, sem acompanhamento m\u00e9dico em julho do ano passado. Ela tamb\u00e9m conhecia algumas amigas que faziam o uso do medicamento e estavam perdendo peso rapidamente.<\/p>\n\n\n\n<figure class=\"wp-block-image size-full\"><img loading=\"lazy\" decoding=\"async\" width=\"984\" height=\"554\" src=\"https:\/\/www.paranapraia.com.br\/wp-content\/uploads\/2023\/05\/WhatsApp-Image-2023-05-19-at-21.15.55-1.jpeg\" alt=\"\" class=\"wp-image-48276\" srcset=\"https:\/\/www.paranapraia.com.br\/wp-content\/uploads\/2023\/05\/WhatsApp-Image-2023-05-19-at-21.15.55-1.jpeg 984w, https:\/\/www.paranapraia.com.br\/wp-content\/uploads\/2023\/05\/WhatsApp-Image-2023-05-19-at-21.15.55-1-300x169.jpeg 300w, https:\/\/www.paranapraia.com.br\/wp-content\/uploads\/2023\/05\/WhatsApp-Image-2023-05-19-at-21.15.55-1-768x432.jpeg 768w, https:\/\/www.paranapraia.com.br\/wp-content\/uploads\/2023\/05\/WhatsApp-Image-2023-05-19-at-21.15.55-1-696x392.jpeg 696w, https:\/\/www.paranapraia.com.br\/wp-content\/uploads\/2023\/05\/WhatsApp-Image-2023-05-19-at-21.15.55-1-746x420.jpeg 746w\" sizes=\"(max-width: 984px) 100vw, 984px\" \/><\/figure>\n\n\n\n<p>&#8220;Comecei a ser impactada pelos v\u00eddeos, at\u00e9 brinco falando que fui influenciada pelo meu pr\u00f3prio trabalho j\u00e1 que sou publicit\u00e1ria. O algoritmo come\u00e7ou a me apresentar diversos v\u00eddeos falando sobre o uso do Ozempic e seus resultados positivos. Ent\u00e3o, eu coloquei na minha cabe\u00e7a que se eu tomasse, iria dar super certo tamb\u00e9m&#8221;, relata.<\/p>\n\n\n\n<p>Na \u00e9poca, a publicitaria estava insatisfeita com o pr\u00f3prio corpo ap\u00f3s engordar 10 quilos durante o per\u00edodo de pandemia e passar do manequim 40 para o 44. Trabalhando em home-office, ela deixou de ir caminhando at\u00e9 o escrit\u00f3rio em que trabalha, em S\u00e3o Caetano do Sul, aumentando o seu sedentarismo e contribuindo para o ganho de peso.<\/p>\n\n\n\n<p>Em nota \u00e0 BBC News Brasil, o laborat\u00f3rio Novo Nordisk, fabricante o Ozempic explicou que o medicamento \u00e9 indicado para o tratamento de adultos com diabetes tipo 2 insuficientemente controlado, como adjuvante \u00e0 dieta e exerc\u00edcio f\u00edsicos.<\/p>\n\n\n\n<p>O fabricante acrescenta ainda que o medicamento deve ser utilizado e comercializado apenas sob prescri\u00e7\u00e3o m\u00e9dica, contraindicado para gr\u00e1vidas, lactantes e pacientes al\u00e9rgicos \u00e0 semaglutida.<\/p>\n\n\n\n<p>Sobre as complica\u00e7\u00f5es tidas por Fernanda, ap\u00f3s o uso sem prescri\u00e7\u00e3o do medicamento, o fabricante explicou que o medicamento n\u00e3o interfere na fun\u00e7\u00e3o do f\u00edgado.<\/p>\n\n\n\n<p>\u201cEle pode ser usado em pacientes que possuem insufici\u00eancia hep\u00e1tica leve e moderada. A experi\u00eancia em pacientes com insufici\u00eancia hep\u00e1tica grave \u00e9 pequena. Mas n\u00e3o ocorre o aumento das enzimas hep\u00e1ticas relacionadas ao uso do medicamento. Contudo, o aumento de enzimas pancre\u00e1ticas pode ocorrer de maneira transit\u00f3ria e pacientes com hist\u00f3rico pr\u00e9vio de pancreatite devem utilizar o produto com cautela\u201d, disse em nota.<\/p>\n\n\n\n<p>\u201cOs dist\u00farbios gastrointestinais, tal como n\u00e1usea, foram os eventos adversos mais frequentemente relatados, sendo a maioria transit\u00f3rios, de intensidade leve e n\u00e3o levando a interrup\u00e7\u00e3o do tratamento. Esses eventos ocorreram em uma propor\u00e7\u00e3o semelhante em rela\u00e7\u00e3o a outros an\u00e1logos de GLP-1 j\u00e1 comercializados no Brasil. A interrup\u00e7\u00e3o prematura do tratamento devido a eventos adversos foram inferior a 10% em todos os grupos estudados1-7. Cabe ressaltar que o tratamento deve sempre ser orientado pelas recomenda\u00e7\u00f5es fornecidas pelo m\u00e9dico respons\u00e1vel e deve basear-se em uma avalia\u00e7\u00e3o individual das necessidades do paciente\u201d, acrescentou.<\/p>\n\n\n\n<h2 class=\"wp-block-heading\">&#8216;\u00c2nsia e dor de cabe\u00e7a<\/h2>\n\n\n\n<p>&#8216;&#8221;Eu insisti muito para que meu namorado comprasse o medicamento para mim. E como uma forma de tentar me agradar, ele comprou em uma farm\u00e1cia, sem receita ou qualquer tipo de restri\u00e7\u00e3o e pagou R$ 850. N\u00e3o pensei em nenhum momento passar pelo m\u00e9dico, eu estava muito esperan\u00e7osa que iria funcionar e eu emagreceria&#8221;, detalha a publicit\u00e1ria.<\/p>\n\n\n\n<p>Logo ap\u00f3s a aquisi\u00e7\u00e3o do medicamento, Fernanda recorreu mais uma vez aos v\u00eddeos das redes sociais para aprender a aplicar a medica\u00e7\u00e3o e decidiu que usaria o Ozempic uma vez por semana, aumentando a dose em cada aplica\u00e7\u00e3o.<\/p>\n\n\n\n<p>&#8220;Fiz a aplica\u00e7\u00e3o da primeira inje\u00e7\u00e3o. Comecei a sentir muita \u00e2nsia e dor de cabe\u00e7a, mas at\u00e9 a\u00ed estava dentro dos sintomas esperados pela medica\u00e7\u00e3o e s\u00e3o previstos na bula. Na semana seguinte, eu resolvi aumentar por conta pr\u00f3pria a dosagem, passando de 0,25 mg para 0,5 mg, achando que potencializaria os resultados&#8221;, recorda a publicit\u00e1ria.<\/p>\n\n\n\n<p>Ap\u00f3s a segunda aplica\u00e7\u00e3o, os sintomas ficaram mais intensos e a publicit\u00e1ria decidiu buscar ajuda m\u00e9dica indo ao pronto-socorro da cidade. Foram oito idas ao hospital para tratar os sintomas que n\u00e3o cessavam.<\/p>\n\n\n\n<p>Com vergonha, a jovem n\u00e3o relatou aos m\u00e9dicos que estava usando o Ozempic sem acompanhamento profissional.<\/p>\n\n\n\n<p>&#8220;Eu n\u00e3o parava de vomitar, sentia muita dor no est\u00f4mago e passava o dia enjoada. Fui oito vezes ao pronto-socorro, para tomar medica\u00e7\u00e3o na veia e nada adiantava. Eu voltava para casa e continuava vomitando&#8221;, recorda.<\/p>\n\n\n\n<p>&#8220;Fiquei com vergonha de falar para o m\u00e9dico que eu estava usando por conta pr\u00f3pria, ent\u00e3o falei que estava tomando Ozempic, mas que um m\u00e9dico tinha indicado&#8221;, acrescenta.<\/p>\n\n\n\n<p>Ap\u00f3s exames de sangue, os m\u00e9dicos constataram que a publicit\u00e1ria apresentava altera\u00e7\u00f5es no f\u00edgado e pediram que ela fosse internada. Devido \u00e0 gravidade do quadro de sa\u00fade de Fernanda, ela foi encaminhada para a UTI para que os m\u00e9dicos pudessem monitorar de perto as enzimas do f\u00edgado, que segundo a publicit\u00e1ria, a quantidade estava mais de dez vezes acima do considerado normal.<\/p>\n\n\n\n<p>&#8220;Falei que n\u00e3o queria ficar na UTI e a m\u00e9dica foi bem sincera e disse &#8220;ou eu te interno para monitorar seu f\u00edgado, ou voc\u00ea pode ir para fila do transplante&#8221; porque caso as enzimas continuassem subindo meu \u00f3rg\u00e3o pararia de funcionar&#8221;, relata a publicit\u00e1ria.<\/p>\n\n\n\n<p>Al\u00e9m do problema no f\u00edgado, a publicit\u00e1ria tamb\u00e9m foi diagnosticada com pedra na ves\u00edcula. Os especialistas n\u00e3o sabem se ela foi desencadeada pelo uso do Ozempic ou se a jovem j\u00e1 tinha o problema e s\u00f3 foi potencializado pelo medicamento.<\/p>\n\n\n\n<p>Foram sete dias de interna\u00e7\u00e3o na UTI, tomando medica\u00e7\u00f5es para dor e controlar o f\u00edgado. Com o tratamento, as enzinas do f\u00edgado de Fernanda reduziram, indicando a recupera\u00e7\u00e3o do \u00f3rg\u00e3o, descartando a necessidade de um transplante.<\/p>\n\n\n\n<p>Recuperada, a publicit\u00e1ria passou a fazer muscula\u00e7\u00e3o duas vezes por semana e j\u00e1 eliminou sete dos dez quilos que havia engordado durante a pandemia.<\/p>\n\n\n\n<h2 class=\"wp-block-heading\">O que \u00e9 o Ozempic e quando ele \u00e9 indicado<\/h2>\n\n\n\n<p>Ozempic \u00e9 o nome comercial de um medicamento injet\u00e1vel chamado Semaglutida, indicado inicialmente para auxiliar no tratamento do diabete tipo 2.<\/p>\n\n\n\n<p>A Semaglutida ajuda a controlar o a\u00e7\u00facar no sangue, aumentando a produ\u00e7\u00e3o de insulina e reduzindo a produ\u00e7\u00e3o de glicose pelo f\u00edgado. Como \u00e9 um medicamento, a dose e forma de usar devem ser orientadas por um m\u00e9dico.<\/p>\n\n\n\n<p>&#8220;Ela ajuda a controlar o a\u00e7\u00facar no sangue, reduz o apetite e retarda o esvaziamento g\u00e1strico, o que significa que os alimentos permanecem no est\u00f4mago por mais tempo, proporcionando uma sensa\u00e7\u00e3o de saciedade. Al\u00e9m disso, ela pode reduzir a gordura corporal. Em estudos cl\u00ednicos, a Semaglutida demonstrou melhorar a sensibilidade \u00e0 insulina e aumentar a queima de gordura, o que pode ajudar na perda de peso. Isso tamb\u00e9m \u00e9 uma vantagem na redu\u00e7\u00e3o da gordura no f\u00edgado, beneficiando portadores de esteatose hep\u00e1tica com dificuldade ou m\u00e1 resposta a mudan\u00e7a de h\u00e1bitos com dieta e exerc\u00edcios&#8221;, explica Carla Adriana Loureiro de Matos, hepatologista do n\u00facleo de medicina avan\u00e7ada do Hospital S\u00edrio Liban\u00eas.<\/p>\n\n\n\n<p>Apesar disso, diferente do que acontece na Europa e EUA, a Semaglutida ainda n\u00e3o est\u00e1 liberada pela Anvisa (Ag\u00eancia Nacional de Vigil\u00e2ncia Sanit\u00e1ria) para uso unicamente contra a obesidade no Brasil.<\/p>\n\n\n\n<p>&#8220;Sua utiliza\u00e7\u00e3o \u00e9 recomendada para adultos, portadores de diabete tipo 2, como auxiliar no tratamento, em conjunto com dieta e exerc\u00edcios. Pode ser utilizado como \u00fanica medica\u00e7\u00e3o, mas tamb\u00e9m pode ser utilizado em associa\u00e7\u00e3o com outros medicamentos, se necess\u00e1rio. O Ozempic ainda n\u00e3o \u00e9 liberado para uso em crian\u00e7as e adolescentes menores de 18 anos e n\u00e3o deve ser utilizado em gr\u00e1vidas devido \u00e0 falta de estudos com esse p\u00fablico&#8221;, acrescenta Matos.<\/p>\n\n\n\n<p>Assim como todo medicamento, seu uso indiscriminado pode ter consequ\u00eancias graves, como:<\/p>\n\n\n\n<ul class=\"wp-block-list\">\n<li>Potencializa\u00e7\u00e3o das complica\u00e7\u00f5es oculares do diab\u00e9tico;<\/li>\n\n\n\n<li>Desidrata\u00e7\u00e3o grave com insufici\u00eancia renal;<\/li>\n\n\n\n<li>Pancreatite aguda grave.<\/li>\n<\/ul>\n\n\n\n<p>&#8220;Pacientes que est\u00e3o usando o Ozempic se precisarem passar por um procedimento cir\u00fargico, por exemplo, precisam suspender o uso v\u00e1rios dias antes ou ent\u00e3o o jejum que para cirurgia seria de 8 horas, tem que ser de 48 horas, porque os pacientes podem aspirar o conte\u00fado g\u00e1strico na hora da intuba\u00e7\u00e3o&#8221;, explica Rodrigo Surjan, m\u00e9dico-cirurgi\u00e3o do Hospital Nove de Julho.<\/p>\n\n\n\n<h2 class=\"wp-block-heading\">Por que ele causa um emagrecimento t\u00e3o r\u00e1pido?<\/h2>\n\n\n\n<p>Um dos &#8220;efeitos colaterais&#8221; da Semaglutida \u00e9 a perda de peso r\u00e1pido. Isso acontece porque a Semaglutida, que \u00e9 um agonista (que simula a a\u00e7\u00e3o) de um horm\u00f4nio chamado GLP-1, produzido pelo intestino e, al\u00e9m de contribuir para o controle da glicemia, tamb\u00e9m atua no hipot\u00e1lamo, diminuindo a vontade de comer. E, como j\u00e1 demonstrado em alguns estudos, tamb\u00e9m melhora a fome emocional, que \u00e9 aquele comer por ansiedade.<\/p>\n\n\n\n<figure class=\"wp-block-embed\"><div class=\"wp-block-embed__wrapper\">\nhttps:\/\/d995aeedbb1b47927cdf6f71519bce8e.safeframe.googlesyndication.com\/safeframe\/1-0-40\/html\/container.html\n<\/div><\/figure>\n\n\n\n<p>&#8220;Foram feitos estudos visando o tratamento da obesidade com o Ozempic e observou-se que doses maiores teriam um efeito melhor na perda de peso. Com esse estudo, foi aprovado no Brasil um medicamento com o nome comercial de Wegovy, que ainda n\u00e3o est\u00e1 comercializado nas farm\u00e1cias, mas que em breve chegar\u00e1. Ele apresenta uma dose maior da Semaglutida do que se tem no Ozempic, sendo mais eficaz no tratamento da obesidade&#8221;, explica F\u00e1bio Trujilho, diretor do Departamento de Obesidade da Sociedade Brasileira de Endocrinologia e Metabologia (SBEM).<\/p>\n\n\n\n<p>O Wegovy, o medicamento espec\u00edfico contra a obesidade, tamb\u00e9m tem como seu princ\u00edpio ativo a Semaglutida. Ele j\u00e1 foi aprovado pela Anvisa e traz 2,4 mg (o Ozempic tem 1mg).<\/p>\n\n\n\n<p>&#8220;Esse medicamento pode resultar em perdas m\u00e9dias de 17% do peso corporal e pode ser usada com seguran\u00e7a em pessoas com ou sem diabete. Entretanto, sempre com acompanhamento m\u00e9dico que vai fazer a dosagem correta, uma vez que o aumento lento e gradual da dose reduz, e muito, a chance de efeitos colaterais&#8221;, diz Bruno Geloneze, pesquisador da Unicamp e membro do departamento cient\u00edfico da Abeso (Associa\u00e7\u00e3o Brasileira para o Estudo da Obesidade e S\u00edndrome Metab\u00f3lica).<\/p>\n\n\n\n<p>No entanto, a aprova\u00e7\u00e3o n\u00e3o quer dizer que ele pode ser usado de forma indiscriminada e por qualquer pessoal que deseja emagrecer.<\/p>\n\n\n\n<p>Um dos crit\u00e9rios para indica\u00e7\u00e3o de medicamentos no tratamento da obesidade \u00e9 o \u00cdndice de Massa Corp\u00f3rea (IMC) maior do que 30 (IMC &lt; 30 = obesidade de grau 1), ou em pessoas que tem IMC maior ou igual a 27 e que tenham outras comorbidades associadas \u00e0 obesidade e a perda de peso possa contribuir para a melhora geral.<\/p>\n\n\n\n<p>Para calcular o IMC basta dividir o peso de uma pessoa pela altura dela elevada ao quadrado. O n\u00famero obtido a partir dessa opera\u00e7\u00e3o matem\u00e1tica se encaixa em uma das categorias a seguir:<\/p>\n\n\n\n<ul class=\"wp-block-list\">\n<li>Menor que 18,5 &#8211; abaixo do peso normal<\/li>\n\n\n\n<li>Entre 18,5 e 24,9 &#8211; peso normal<\/li>\n\n\n\n<li>Entre 25 e 29,9 &#8211; sobrepeso<\/li>\n\n\n\n<li>Entre 30 e 34,9 &#8211; obesidade grau 1<\/li>\n\n\n\n<li>Entre 35 e 39,9 &#8211; obesidade grau 2<\/li>\n\n\n\n<li>Acima de 40 &#8211; obesidade grau 3<\/li>\n<\/ul>\n\n\n\n<p>&#8220;Acontece que vemos muita gente recorrendo \u00e0 automedica\u00e7\u00e3o sem seguir esses crit\u00e9rios. \u00c0s vezes pessoas com o peso normal, que querem perder 2 ou 3 kg e acabam fazendo o uso inadequado do rem\u00e9dio, j\u00e1 que ele n\u00e3o tem essa indica\u00e7\u00e3o&#8221;, diz o diretor d SBEM.<\/p>\n\n\n\n<p>G1<\/p>\n","protected":false},"excerpt":{"rendered":"<p>Basta digitar &#8220;Ozempic&#8221; nas buscas de redes sociais para encontrar v\u00eddeos mostrando pessoas dizendo que emagreceram usando o medicamento e dando seus depoimentos sobre ele. Foi buscando esse resultado que a publicit\u00e1ria Fernanda Guimar\u00e3es Pimenta, de 29 anos, decidiu fazer o uso do medicamento sem orienta\u00e7\u00e3o m\u00e9dica e acabou parando na UTI e quase teve [&hellip;]<\/p>\n","protected":false},"author":2,"featured_media":48277,"comment_status":"open","ping_status":"open","sticky":false,"template":"","format":"standard","meta":{"advanced_seo_description":"","jetpack_seo_html_title":"","jetpack_seo_noindex":false,"_jetpack_memberships_contains_paid_content":false,"footnotes":""},"categories":[40],"tags":[],"class_list":{"0":"post-48274","1":"post","2":"type-post","3":"status-publish","4":"format-standard","5":"has-post-thumbnail","7":"category-destaques"},"jetpack_featured_media_url":"https:\/\/www.paranapraia.com.br\/wp-content\/uploads\/2023\/05\/WhatsApp-Image-2023-05-19-at-21.18.26.jpeg","jetpack_sharing_enabled":true,"_links":{"self":[{"href":"https:\/\/www.paranapraia.com.br\/index.php\/wp-json\/wp\/v2\/posts\/48274"}],"collection":[{"href":"https:\/\/www.paranapraia.com.br\/index.php\/wp-json\/wp\/v2\/posts"}],"about":[{"href":"https:\/\/www.paranapraia.com.br\/index.php\/wp-json\/wp\/v2\/types\/post"}],"author":[{"embeddable":true,"href":"https:\/\/www.paranapraia.com.br\/index.php\/wp-json\/wp\/v2\/users\/2"}],"replies":[{"embeddable":true,"href":"https:\/\/www.paranapraia.com.br\/index.php\/wp-json\/wp\/v2\/comments?post=48274"}],"version-history":[{"count":1,"href":"https:\/\/www.paranapraia.com.br\/index.php\/wp-json\/wp\/v2\/posts\/48274\/revisions"}],"predecessor-version":[{"id":48278,"href":"https:\/\/www.paranapraia.com.br\/index.php\/wp-json\/wp\/v2\/posts\/48274\/revisions\/48278"}],"wp:featuredmedia":[{"embeddable":true,"href":"https:\/\/www.paranapraia.com.br\/index.php\/wp-json\/wp\/v2\/media\/48277"}],"wp:attachment":[{"href":"https:\/\/www.paranapraia.com.br\/index.php\/wp-json\/wp\/v2\/media?parent=48274"}],"wp:term":[{"taxonomy":"category","embeddable":true,"href":"https:\/\/www.paranapraia.com.br\/index.php\/wp-json\/wp\/v2\/categories?post=48274"},{"taxonomy":"post_tag","embeddable":true,"href":"https:\/\/www.paranapraia.com.br\/index.php\/wp-json\/wp\/v2\/tags?post=48274"}],"curies":[{"name":"wp","href":"https:\/\/api.w.org\/{rel}","templated":true}]}}