{"id":4827,"date":"2019-04-05T14:49:06","date_gmt":"2019-04-05T17:49:06","guid":{"rendered":"https:\/\/www.paranapraia.com.br\/?p=4827"},"modified":"2019-04-05T14:49:07","modified_gmt":"2019-04-05T17:49:07","slug":"quem-tem-minha-senha-tem-minha-confianca-diz-bolsonaro-sobre-uso-de-rede-social","status":"publish","type":"post","link":"https:\/\/www.paranapraia.com.br\/index.php\/2019\/04\/05\/quem-tem-minha-senha-tem-minha-confianca-diz-bolsonaro-sobre-uso-de-rede-social\/","title":{"rendered":"\u2018Quem tem minha senha tem minha confian\u00e7a\u2019, diz Bolsonaro sobre uso de rede social"},"content":{"rendered":"\n<h4 class=\"wp-block-heading\">olsonaro n\u00e3o contou quem tamb\u00e9m opera as suas p\u00e1ginas<\/h4>\n\n\n\n<p> O presidente Jair Bolsonaro disse nesta sexta-feira (5) que n\u00e3o \u00e9 apenas ele quem tem a senha e publica em sua conta oficial nas redes sociais. Bolsonaro n\u00e3o contou quem tamb\u00e9m opera as suas p\u00e1ginas, mas disse que confia e respalda todo conte\u00fado compartilhado. <\/p>\n\n\n\n<p>\u201cNo meu Twitter, \u00e9 responsabilidade minha. Quem tem minha senha tem minha confian\u00e7a. N\u00e3o sou eu que posto (algumas vezes), mas dou o aval\u201d, disse Bolsonaro, em um caf\u00e9 da manh\u00e3 com jornalistas no Pal\u00e1cio do Planalto.<br>Questionada pela reportagem recentemente, a assessoria de comunica\u00e7\u00e3o do presidente vinha se negando a informar se mais algu\u00e9m, al\u00e9m de Bolsonaro, tem a senha de suas redes sociais.<\/p>\n\n\n\n<p>Nos tr\u00eas primeiros meses de mandato, Bolsonaro criou pol\u00eamicas quando, por exemplo, divulgou v\u00eddeo com imagens obscenas e compartilhou cr\u00edtica enviesada a uma rep\u00f3rter. Segundo o presidente, o que o vereador Carlos Bolsonaro (PSC-RJ) publica em suas redes sociais \u00e9 de responsabilidade dele, n\u00e3o do Pal\u00e1cio do Planalto.<br>\u201cO que meu filho posta \u00e9 responsabilidade dele. Ali \u00e9 liberdade de imprensa pura. N\u00e3o \u00e9 canela. \u00c9 pesco\u00e7o para baixo\u201d, disse.<\/p>\n\n\n\n<p>A queda do advogado Gustavo Bebianno da Secretaria-Geral, em fevereiro, ocorreu ap\u00f3s o vereador t\u00ea-lo chamado de mentiroso pelo Twitter em meio ao esc\u00e2ndalo das candidaturas de laranjas do PSL, revelado pelo jornal\u00a0Folha de S.Paulo.<\/p>\n\n\n\n<p>Bandab<\/p>\n","protected":false},"excerpt":{"rendered":"<p>olsonaro n\u00e3o contou quem tamb\u00e9m opera as suas p\u00e1ginas O presidente Jair Bolsonaro disse nesta sexta-feira (5) que n\u00e3o \u00e9 apenas ele quem tem a senha e publica em sua conta oficial nas redes sociais. Bolsonaro n\u00e3o contou quem tamb\u00e9m opera as suas p\u00e1ginas, mas disse que confia e respalda todo conte\u00fado compartilhado. \u201cNo meu [&hellip;]<\/p>\n","protected":false},"author":2,"featured_media":4828,"comment_status":"open","ping_status":"open","sticky":false,"template":"","format":"standard","meta":{"advanced_seo_description":"","jetpack_seo_html_title":"","jetpack_seo_noindex":false,"_jetpack_memberships_contains_paid_content":false,"footnotes":""},"categories":[55],"tags":[],"class_list":{"0":"post-4827","1":"post","2":"type-post","3":"status-publish","4":"format-standard","5":"has-post-thumbnail","7":"category-curiosidades"},"jetpack_featured_media_url":"https:\/\/www.paranapraia.com.br\/wp-content\/uploads\/2019\/04\/f_449290.jpg","jetpack_sharing_enabled":true,"_links":{"self":[{"href":"https:\/\/www.paranapraia.com.br\/index.php\/wp-json\/wp\/v2\/posts\/4827"}],"collection":[{"href":"https:\/\/www.paranapraia.com.br\/index.php\/wp-json\/wp\/v2\/posts"}],"about":[{"href":"https:\/\/www.paranapraia.com.br\/index.php\/wp-json\/wp\/v2\/types\/post"}],"author":[{"embeddable":true,"href":"https:\/\/www.paranapraia.com.br\/index.php\/wp-json\/wp\/v2\/users\/2"}],"replies":[{"embeddable":true,"href":"https:\/\/www.paranapraia.com.br\/index.php\/wp-json\/wp\/v2\/comments?post=4827"}],"version-history":[{"count":1,"href":"https:\/\/www.paranapraia.com.br\/index.php\/wp-json\/wp\/v2\/posts\/4827\/revisions"}],"predecessor-version":[{"id":4829,"href":"https:\/\/www.paranapraia.com.br\/index.php\/wp-json\/wp\/v2\/posts\/4827\/revisions\/4829"}],"wp:featuredmedia":[{"embeddable":true,"href":"https:\/\/www.paranapraia.com.br\/index.php\/wp-json\/wp\/v2\/media\/4828"}],"wp:attachment":[{"href":"https:\/\/www.paranapraia.com.br\/index.php\/wp-json\/wp\/v2\/media?parent=4827"}],"wp:term":[{"taxonomy":"category","embeddable":true,"href":"https:\/\/www.paranapraia.com.br\/index.php\/wp-json\/wp\/v2\/categories?post=4827"},{"taxonomy":"post_tag","embeddable":true,"href":"https:\/\/www.paranapraia.com.br\/index.php\/wp-json\/wp\/v2\/tags?post=4827"}],"curies":[{"name":"wp","href":"https:\/\/api.w.org\/{rel}","templated":true}]}}