{"id":48268,"date":"2023-05-19T21:07:19","date_gmt":"2023-05-20T00:07:19","guid":{"rendered":"https:\/\/www.paranapraia.com.br\/?p=48268"},"modified":"2023-05-19T21:07:20","modified_gmt":"2023-05-20T00:07:20","slug":"atencao-ambulantes-cadastramento-para-atuar-no-aniversario-de-matinhos-comeca-segunda-feira-22","status":"publish","type":"post","link":"https:\/\/www.paranapraia.com.br\/index.php\/2023\/05\/19\/atencao-ambulantes-cadastramento-para-atuar-no-aniversario-de-matinhos-comeca-segunda-feira-22\/","title":{"rendered":"Aten\u00e7\u00e3o ambulantes: cadastramento para atuar no anivers\u00e1rio de Matinhos come\u00e7a segunda-feira (22)"},"content":{"rendered":"\n<p>A Prefeitura de Matinhos, por meio do Departamento de Fiscaliza\u00e7\u00e3o, informa que os ambulantes que atuaram na temporada de ver\u00e3o 2022\/2023, e que querem trabalhar no anivers\u00e1rio da cidade, devem comparecer ao setor de Fiscaliza\u00e7\u00e3o para regularizar sua situa\u00e7\u00e3o. O prazo para a regulariza\u00e7\u00e3o \u00e9 dos dias 22 a 25 deste m\u00eas, das 8h \u00e0s 11h30 e das 13h \u00e0s 17h. Eles devem apresentar <a><\/a>qualquer um dos seguintes documentos: RG, CPF ou CNH. O Departamento de Fiscaliza\u00e7\u00e3o fica na sede da Prefeitura de Matinhos. O endere\u00e7o \u00e9 Rua Pastor Elias Abrah\u00e3o, n.\u00ba 22, no Centro.<\/p>\n\n\n\n<p>Departamento de Comunica\u00e7\u00e3o<\/p>\n\n\n\n<p>Prefeitura de Matinhos<\/p>\n\n\n\n<p>Acesse o nosso portal: <a href=\"https:\/\/matinhos.atende.net\/cidadao\/noticia\/atencao-ambulantes-cadastramento-para-atuar-no-aniversario-da-cidade?fbclid=IwAR1KK0jHF1_5w9SsOnB-8kLL59PgUdKazmSo7UP4zzH-r9hJwTLWJZ4kLCE\" rel=\"noreferrer noopener\" target=\"_blank\">https:\/\/matinhos.atende.net\/&#8230;\/atencao-ambulantes&#8230;<\/a><\/p>\n","protected":false},"excerpt":{"rendered":"<p>A Prefeitura de Matinhos, por meio do Departamento de Fiscaliza\u00e7\u00e3o, informa que os ambulantes que atuaram na temporada de ver\u00e3o 2022\/2023, e que querem trabalhar no anivers\u00e1rio da cidade, devem comparecer ao setor de Fiscaliza\u00e7\u00e3o para regularizar sua situa\u00e7\u00e3o. O prazo para a regulariza\u00e7\u00e3o \u00e9 dos dias 22 a 25 deste m\u00eas, das 8h \u00e0s [&hellip;]<\/p>\n","protected":false},"author":2,"featured_media":48269,"comment_status":"open","ping_status":"open","sticky":false,"template":"","format":"standard","meta":{"advanced_seo_description":"","jetpack_seo_html_title":"","jetpack_seo_noindex":false,"_jetpack_memberships_contains_paid_content":false,"footnotes":""},"categories":[88],"tags":[],"class_list":{"0":"post-48268","1":"post","2":"type-post","3":"status-publish","4":"format-standard","5":"has-post-thumbnail","7":"category-matinhos"},"jetpack_featured_media_url":"https:\/\/www.paranapraia.com.br\/wp-content\/uploads\/2023\/05\/348235503_949974786314717_8172291017183812876_n.png","jetpack_sharing_enabled":true,"_links":{"self":[{"href":"https:\/\/www.paranapraia.com.br\/index.php\/wp-json\/wp\/v2\/posts\/48268"}],"collection":[{"href":"https:\/\/www.paranapraia.com.br\/index.php\/wp-json\/wp\/v2\/posts"}],"about":[{"href":"https:\/\/www.paranapraia.com.br\/index.php\/wp-json\/wp\/v2\/types\/post"}],"author":[{"embeddable":true,"href":"https:\/\/www.paranapraia.com.br\/index.php\/wp-json\/wp\/v2\/users\/2"}],"replies":[{"embeddable":true,"href":"https:\/\/www.paranapraia.com.br\/index.php\/wp-json\/wp\/v2\/comments?post=48268"}],"version-history":[{"count":1,"href":"https:\/\/www.paranapraia.com.br\/index.php\/wp-json\/wp\/v2\/posts\/48268\/revisions"}],"predecessor-version":[{"id":48270,"href":"https:\/\/www.paranapraia.com.br\/index.php\/wp-json\/wp\/v2\/posts\/48268\/revisions\/48270"}],"wp:featuredmedia":[{"embeddable":true,"href":"https:\/\/www.paranapraia.com.br\/index.php\/wp-json\/wp\/v2\/media\/48269"}],"wp:attachment":[{"href":"https:\/\/www.paranapraia.com.br\/index.php\/wp-json\/wp\/v2\/media?parent=48268"}],"wp:term":[{"taxonomy":"category","embeddable":true,"href":"https:\/\/www.paranapraia.com.br\/index.php\/wp-json\/wp\/v2\/categories?post=48268"},{"taxonomy":"post_tag","embeddable":true,"href":"https:\/\/www.paranapraia.com.br\/index.php\/wp-json\/wp\/v2\/tags?post=48268"}],"curies":[{"name":"wp","href":"https:\/\/api.w.org\/{rel}","templated":true}]}}