{"id":48257,"date":"2023-05-19T18:28:28","date_gmt":"2023-05-19T21:28:28","guid":{"rendered":"https:\/\/www.paranapraia.com.br\/?p=48257"},"modified":"2023-05-19T18:28:29","modified_gmt":"2023-05-19T21:28:29","slug":"policia-penal-inaugura-posto-de-atendimento-de-monitoracao-eletronica-em-guaratuba","status":"publish","type":"post","link":"https:\/\/www.paranapraia.com.br\/index.php\/2023\/05\/19\/policia-penal-inaugura-posto-de-atendimento-de-monitoracao-eletronica-em-guaratuba\/","title":{"rendered":"Pol\u00edcia Penal inaugura posto de atendimento de monitora\u00e7\u00e3o eletr\u00f4nica em Guaratuba"},"content":{"rendered":"\n<p>O Governo do Estado, por meio da Pol\u00edcia Penal do Paran\u00e1 (PPPR), inaugurou nesta sexta-feira (19) em Guaratuba, no Litoral, mais uma extens\u00e3o do Posto Avan\u00e7ado de Monitora\u00e7\u00e3o (PAM) da regional de Curitiba, que atende a popula\u00e7\u00e3o monitorada da Capital, Regi\u00e3o Metropolitana e Litoral. A nova estrutura atender\u00e1 cerca de 100 detentos, sendo mais um ponto de apoio \u00e0 regional, juntamente com as extens\u00f5es localizadas nos munic\u00edpios de Paranagu\u00e1 e Lapa.<\/p>\n\n\n\n<p>Atualmente, a Pol\u00edcia Penal possui 12 extens\u00f5es em todo o Estado, que apoiam os nove Postos Avan\u00e7ados de Monitora\u00e7\u00e3o (PAM) das regionais de Curitiba, Ponta Grossa, Guarapuava, Londrina, Maring\u00e1, Cruzeiro do Oeste, Francisco Beltr\u00e3o, Cascavel e Foz do Igua\u00e7u.<\/p>\n\n\n\n<p>O diretor-adjunto da Pol\u00edcia Penal do Paran\u00e1, Mauricio Ferracini, ressalta a import\u00e2ncia da amplia\u00e7\u00e3o na estrutura da institui\u00e7\u00e3o. \u201cAo deslocar essa estrutura para Guaratuba, conseguimos aumentar a efetividade no acompanhamento e assist\u00eancia ao preso monitorado. \u00c9 um grande ganho para o munic\u00edpio e a Pol\u00edcia Penal, que amplia sua estrutura e capacidade de opera\u00e7\u00e3o\u201d, disse.<\/p>\n\n\n\n<p>O chefe da Divis\u00e3o de Monitoramento Eletr\u00f4nico (DME), Claudio Xavier, explica que o objetivo da cria\u00e7\u00e3o da nova extens\u00e3o \u00e9 tornar o atendimento mais acess\u00edvel \u00e0s pessoas que residem na cidade, pois em alguns casos os detentos encontram dificuldade de deslocamento at\u00e9 Paranagu\u00e1, que era o posto de atendimento mais pr\u00f3ximo.<\/p>\n\n\n\n<p>\u201cA estrutura ter\u00e1 todo o aparato necess\u00e1rio e contar\u00e1 com a equipe de dois policiais penais que far\u00e3o o atendimento in loco de todas as demandas de monitora\u00e7\u00e3o eletr\u00f4nica da cidade. Essa estrutura viabiliza e torna mais acess\u00edvel esse atendimento \u00e0s pessoas monitoradas\u201d, afirmou.<\/p>\n\n\n\n<p>Segundo o prefeito de Guaratuba, Roberto Justus, a cidade j\u00e1 tem uma parceria com a Pol\u00edcia Penal na aplica\u00e7\u00e3o de servi\u00e7os aos presos e acompanha o quanto esse trabalho \u00e9 importante para a sociedade.<\/p>\n\n\n\n<p>\u201cFiquei muito impressionado com a estrutura f\u00edsica do novo local e com o trabalho que \u00e9 executado pelos policiais penais que trabalham na monitora\u00e7\u00e3o eletr\u00f4nica. Entendemos o quanto \u00e9 importante o papel da institui\u00e7\u00e3o na ressocializa\u00e7\u00e3o da popula\u00e7\u00e3o carcer\u00e1ria atrav\u00e9s do atendimento mais pr\u00f3ximo desses indiv\u00edduos\u201d, disse.<\/p>\n\n\n\n<p>AEN<\/p>\n","protected":false},"excerpt":{"rendered":"<p>O Governo do Estado, por meio da Pol\u00edcia Penal do Paran\u00e1 (PPPR), inaugurou nesta sexta-feira (19) em Guaratuba, no Litoral, mais uma extens\u00e3o do Posto Avan\u00e7ado de Monitora\u00e7\u00e3o (PAM) da regional de Curitiba, que atende a popula\u00e7\u00e3o monitorada da Capital, Regi\u00e3o Metropolitana e Litoral. A nova estrutura atender\u00e1 cerca de 100 detentos, sendo mais um [&hellip;]<\/p>\n","protected":false},"author":2,"featured_media":48258,"comment_status":"open","ping_status":"open","sticky":false,"template":"","format":"standard","meta":{"advanced_seo_description":"","jetpack_seo_html_title":"","jetpack_seo_noindex":false,"_jetpack_memberships_contains_paid_content":false,"footnotes":""},"categories":[40],"tags":[],"class_list":{"0":"post-48257","1":"post","2":"type-post","3":"status-publish","4":"format-standard","5":"has-post-thumbnail","7":"category-destaques"},"jetpack_featured_media_url":"https:\/\/www.paranapraia.com.br\/wp-content\/uploads\/2023\/05\/guaratuba_013-scaled.jpg","jetpack_sharing_enabled":true,"_links":{"self":[{"href":"https:\/\/www.paranapraia.com.br\/index.php\/wp-json\/wp\/v2\/posts\/48257"}],"collection":[{"href":"https:\/\/www.paranapraia.com.br\/index.php\/wp-json\/wp\/v2\/posts"}],"about":[{"href":"https:\/\/www.paranapraia.com.br\/index.php\/wp-json\/wp\/v2\/types\/post"}],"author":[{"embeddable":true,"href":"https:\/\/www.paranapraia.com.br\/index.php\/wp-json\/wp\/v2\/users\/2"}],"replies":[{"embeddable":true,"href":"https:\/\/www.paranapraia.com.br\/index.php\/wp-json\/wp\/v2\/comments?post=48257"}],"version-history":[{"count":1,"href":"https:\/\/www.paranapraia.com.br\/index.php\/wp-json\/wp\/v2\/posts\/48257\/revisions"}],"predecessor-version":[{"id":48259,"href":"https:\/\/www.paranapraia.com.br\/index.php\/wp-json\/wp\/v2\/posts\/48257\/revisions\/48259"}],"wp:featuredmedia":[{"embeddable":true,"href":"https:\/\/www.paranapraia.com.br\/index.php\/wp-json\/wp\/v2\/media\/48258"}],"wp:attachment":[{"href":"https:\/\/www.paranapraia.com.br\/index.php\/wp-json\/wp\/v2\/media?parent=48257"}],"wp:term":[{"taxonomy":"category","embeddable":true,"href":"https:\/\/www.paranapraia.com.br\/index.php\/wp-json\/wp\/v2\/categories?post=48257"},{"taxonomy":"post_tag","embeddable":true,"href":"https:\/\/www.paranapraia.com.br\/index.php\/wp-json\/wp\/v2\/tags?post=48257"}],"curies":[{"name":"wp","href":"https:\/\/api.w.org\/{rel}","templated":true}]}}