{"id":48251,"date":"2023-05-19T17:58:05","date_gmt":"2023-05-19T20:58:05","guid":{"rendered":"https:\/\/www.paranapraia.com.br\/?p=48251"},"modified":"2023-05-19T17:58:05","modified_gmt":"2023-05-19T20:58:05","slug":"dallagnol-e-convocado-por-juiz-da-lava-jato-para-depoimento-sobre-declaracoes-de-tacla-duran","status":"publish","type":"post","link":"https:\/\/www.paranapraia.com.br\/index.php\/2023\/05\/19\/dallagnol-e-convocado-por-juiz-da-lava-jato-para-depoimento-sobre-declaracoes-de-tacla-duran\/","title":{"rendered":"Dallagnol \u00e9 convocado por juiz da Lava Jato para depoimento sobre declara\u00e7\u00f5es de Tacla Duran"},"content":{"rendered":"\n<p>O deputado federal cassado\u00a0Deltan Dallagnol\u00a0(Podemos) foi convocado pelo novo juiz da Lava Jato,\u00a0Eduardo Appio, para prestar depoimento na condi\u00e7\u00e3o de testemunha sobre declara\u00e7\u00f5es do advogado Rodrigo Tacla Duran, r\u00e9u por lavagem de dinheiro para a empreiteira Odebrecht em processo da for\u00e7a-tarefa.<\/p>\n\n\n\n<p>O despacho \u00e9 desta sexta-feira (19), tr\u00eas dias depois de Deltan Dallagnol\u00a0ter o registro de candidatura cassado\u00a0pelo\u00a0Tribunal Superior Eleitoral\u00a0(TSE), na ter\u00e7a (16). Dallagnol disse que vai recorrer no Supremo Tribunal Federal (STF).<\/p>\n\n\n\n<p>Dallagnol ser\u00e1 ouvido na condi\u00e7\u00e3o de testemunha por ter sido citado por Tacla Duran em uma acusa\u00e7\u00e3o de suspei\u00e7\u00e3o que o r\u00e9u fez contra o procurador da Rep\u00fablica Walter Jos\u00e9 Mathias J\u00fanior. Tacla Duran alega que Mathias J\u00fanior n\u00e3o pode atuar no caso dele por ter proximidade com Dallagnol, que foi procurador da for\u00e7a-tarefa em\u00a0Curitiba.<\/p>\n\n\n\n<p>No despacho, o juiz diz que quer ouvir de Dallagnol se ele &#8220;mant\u00e9m v\u00ednculo de amizade pessoal e \u00edntima&#8221; com o procurador. Appio afirma, ainda, que durante uma audi\u00eancia de Tacla Duran, Mathias J\u00fanior reconheceu &#8220;v\u00ednculos de conviv\u00eancia pessoal&#8221; com Dallagnol.<\/p>\n\n\n\n<p>Pela decis\u00e3o, a audi\u00eancia foi designada para 19 de junho, \u00e0s 16h30, em formato presencial. O depoimento ser\u00e1 em Curitiba, na sede da 13\u00aa Vara Federal. Conforme apura\u00e7\u00e3o do&nbsp;<a class=\"\" href=\"http:\/\/g1.globo.com\/pr\/parana\/\">g1<\/a>, Dallagnol deve ser intimado por um Oficial de Justi\u00e7a nos pr\u00f3ximos dias.<\/p>\n\n\n\n<p>O\u00a0g1\u00a0aguarda retorno de Dallagnol e tenta localizar o contato do procurador Mathias J\u00fanior.<\/p>\n\n\n\n<p><strong>Fam\u00edlia humilde<\/strong><\/p>\n\n\n\n<p>Os pais do La\u00e9cio mant\u00e9m a fam\u00edlia hoje com muito esfor\u00e7o. A Lidiane trabalha como ajudante em uma pizzaria e o pai, Newton, \u00e9 feirante.<\/p>\n\n\n\n<p>\u201cO pai dele sai todos os dias, 6 horas da manh\u00e3 para pegar as frutas e verduras para vender e fazer o dinheirinho dele\u201d, explicou Lidiane.<\/p>\n\n\n\n<p><strong>Bateria improvisada<\/strong><\/p>\n\n\n\n<p>L\u00e1ecio est\u00e1 na escola e garante que \u00e9 um bom aluno. Nas horas vagas, ele gosta de improvisar a bateria com alguns itens da casa e acompanhar os artistas que mais gosta.<\/p>\n\n\n\n<p>Lidiane sempre comemora o talento do filho e disse que, na \u00faltima semana, resolveu filmar e compartilhar nas redes sociais. O v\u00eddeo viralizou e La\u00e9cio ganhou o cora\u00e7\u00e3o de milhares de internautas.<\/p>\n\n\n\n<p>\u201cEu nunca imaginei que um v\u00eddeo do meu filho tocando iria chegar t\u00e3o longe. Isso \u00e9 maravilhoso n\u00e9?\u201d, comemorou a m\u00e3e.<\/p>\n\n\n\n<p>Lidiane tamb\u00e9m contou que pretende fazer um perfil supervisionado para o filho, j\u00e1 que ela tem muitos outros registros do La\u00e9cio dando show com a bateria improvisada dele.<\/p>\n\n\n\n<p><strong>Maior sonho<\/strong><\/p>\n\n\n\n<p>\u201cO sonho dele \u00e9 ter uma bateria de verdade, mas infelizmente a gente n\u00e3o tem como comprar\u201d, disse a m\u00e3e.<\/p>\n\n\n\n<p>Por isso, a equipe do S\u00f3 Not\u00edcia Boa e do S\u00f3 Vaquinha Boa se uniu para realizar esse sonho do La\u00e9cio e ele j\u00e1 fez uma promessa pra gente:<\/p>\n\n\n\n<p>\u201cEu vou amar ter uma bateria de verdade. Vou fazer um show especial para voc\u00eas\u201d, disse o menino, emocionado.<\/p>\n\n\n\n<p>Quem mais quer ver esse super show e dar uma bateria de verdade ao La\u00e9cio? Vamos ajudar!<\/p>\n\n\n\n<p>Doe pelo PIX\u00a0laecio-bateria@sovaquinhaboa.com.br\u00a0ou direto no site do S\u00f3 Vaquinha Boa<\/p>\n\n\n\n<p>S\u00f3 Not\u00edcia Boa<\/p>\n","protected":false},"excerpt":{"rendered":"<p>O deputado federal cassado\u00a0Deltan Dallagnol\u00a0(Podemos) foi convocado pelo novo juiz da Lava Jato,\u00a0Eduardo Appio, para prestar depoimento na condi\u00e7\u00e3o de testemunha sobre declara\u00e7\u00f5es do advogado Rodrigo Tacla Duran, r\u00e9u por lavagem de dinheiro para a empreiteira Odebrecht em processo da for\u00e7a-tarefa. O despacho \u00e9 desta sexta-feira (19), tr\u00eas dias depois de Deltan Dallagnol\u00a0ter o registro [&hellip;]<\/p>\n","protected":false},"author":2,"featured_media":47972,"comment_status":"open","ping_status":"open","sticky":false,"template":"","format":"standard","meta":{"advanced_seo_description":"","jetpack_seo_html_title":"","jetpack_seo_noindex":false,"_jetpack_memberships_contains_paid_content":false,"footnotes":""},"categories":[32],"tags":[],"class_list":{"0":"post-48251","1":"post","2":"type-post","3":"status-publish","4":"format-standard","5":"has-post-thumbnail","7":"category-politica"},"jetpack_featured_media_url":"https:\/\/www.paranapraia.com.br\/wp-content\/uploads\/2023\/05\/Deltan_Dallagnol-Devolucao_simbolica-2015_05_11-scaled.jpg","jetpack_sharing_enabled":true,"_links":{"self":[{"href":"https:\/\/www.paranapraia.com.br\/index.php\/wp-json\/wp\/v2\/posts\/48251"}],"collection":[{"href":"https:\/\/www.paranapraia.com.br\/index.php\/wp-json\/wp\/v2\/posts"}],"about":[{"href":"https:\/\/www.paranapraia.com.br\/index.php\/wp-json\/wp\/v2\/types\/post"}],"author":[{"embeddable":true,"href":"https:\/\/www.paranapraia.com.br\/index.php\/wp-json\/wp\/v2\/users\/2"}],"replies":[{"embeddable":true,"href":"https:\/\/www.paranapraia.com.br\/index.php\/wp-json\/wp\/v2\/comments?post=48251"}],"version-history":[{"count":1,"href":"https:\/\/www.paranapraia.com.br\/index.php\/wp-json\/wp\/v2\/posts\/48251\/revisions"}],"predecessor-version":[{"id":48252,"href":"https:\/\/www.paranapraia.com.br\/index.php\/wp-json\/wp\/v2\/posts\/48251\/revisions\/48252"}],"wp:featuredmedia":[{"embeddable":true,"href":"https:\/\/www.paranapraia.com.br\/index.php\/wp-json\/wp\/v2\/media\/47972"}],"wp:attachment":[{"href":"https:\/\/www.paranapraia.com.br\/index.php\/wp-json\/wp\/v2\/media?parent=48251"}],"wp:term":[{"taxonomy":"category","embeddable":true,"href":"https:\/\/www.paranapraia.com.br\/index.php\/wp-json\/wp\/v2\/categories?post=48251"},{"taxonomy":"post_tag","embeddable":true,"href":"https:\/\/www.paranapraia.com.br\/index.php\/wp-json\/wp\/v2\/tags?post=48251"}],"curies":[{"name":"wp","href":"https:\/\/api.w.org\/{rel}","templated":true}]}}