{"id":48247,"date":"2023-05-19T17:43:48","date_gmt":"2023-05-19T20:43:48","guid":{"rendered":"https:\/\/www.paranapraia.com.br\/?p=48247"},"modified":"2023-05-19T17:43:49","modified_gmt":"2023-05-19T20:43:49","slug":"cisne-branco-vira-atracao-do-porto-de-paranagua-neste-final-de-semana","status":"publish","type":"post","link":"https:\/\/www.paranapraia.com.br\/index.php\/2023\/05\/19\/cisne-branco-vira-atracao-do-porto-de-paranagua-neste-final-de-semana\/","title":{"rendered":"Cisne Branco vira atra\u00e7\u00e3o do Porto de Paranagu\u00e1 neste final de semana"},"content":{"rendered":"\n<p>O Porto de Paranagu\u00e1 recebeu nesta sexta-feira (19) o Navio Veleiro Cisne Branco, da Marinha do Brasil. A embarca\u00e7\u00e3o est\u00e1 em miss\u00e3o de treinamento e fica atracada at\u00e9 a pr\u00f3xima quarta-feira (24). No s\u00e1bado (20) e domingo (21), haver\u00e1 visita\u00e7\u00e3o p\u00fablica gratuita.&nbsp;A visita\u00e7\u00e3o ser\u00e1 das 13h30 at\u00e9 17h30, e \u00e9 obrigat\u00f3rio trazer um documento com foto e usar cal\u00e7ado fechado e sem salto.<\/p>\n\n\n\n<p>A a\u00e7\u00e3o \u00e9 uma parceria com a Portos do Paran\u00e1, que t\u00eam o objetivo de integrar a comunidade e permitir que os moradores conhe\u00e7am o navio e tamb\u00e9m a estrutura portu\u00e1ria.<\/p>\n\n\n\n<figure class=\"wp-block-image size-large\"><img loading=\"lazy\" decoding=\"async\" width=\"1024\" height=\"683\" src=\"https:\/\/www.paranapraia.com.br\/wp-content\/uploads\/2023\/05\/img_3555_copiar-1024x683.jpg\" alt=\"\" class=\"wp-image-48249\" srcset=\"https:\/\/www.paranapraia.com.br\/wp-content\/uploads\/2023\/05\/img_3555_copiar-1024x683.jpg 1024w, https:\/\/www.paranapraia.com.br\/wp-content\/uploads\/2023\/05\/img_3555_copiar-300x200.jpg 300w, https:\/\/www.paranapraia.com.br\/wp-content\/uploads\/2023\/05\/img_3555_copiar-768x512.jpg 768w, https:\/\/www.paranapraia.com.br\/wp-content\/uploads\/2023\/05\/img_3555_copiar-1536x1024.jpg 1536w, https:\/\/www.paranapraia.com.br\/wp-content\/uploads\/2023\/05\/img_3555_copiar-2048x1365.jpg 2048w, https:\/\/www.paranapraia.com.br\/wp-content\/uploads\/2023\/05\/img_3555_copiar-696x464.jpg 696w, https:\/\/www.paranapraia.com.br\/wp-content\/uploads\/2023\/05\/img_3555_copiar-1068x712.jpg 1068w, https:\/\/www.paranapraia.com.br\/wp-content\/uploads\/2023\/05\/img_3555_copiar-630x420.jpg 630w\" sizes=\"(max-width: 1024px) 100vw, 1024px\" \/><\/figure>\n\n\n\n<p>\u201cToda a popula\u00e7\u00e3o est\u00e1 convidada a visitar e conhecer esse navio t\u00e3o importante da Marinha. O porto est\u00e1 aberto aos parnanguaras e aos litor\u00e2neos para que as pessoas possam conhecer a nossa estrutura\u201d, destaca Andr\u00e9 Pioli, diretor de Desenvolvimento Empresarial da empresa p\u00fablica.<\/p>\n\n\n\n<p>Desde que chegou ao ber\u00e7o 205, a embarca\u00e7\u00e3o virou atra\u00e7\u00e3o para todos que trabalham na faixa portu\u00e1ria. &#8220;Convidamos todas as fam\u00edlias a conhecer, interagir com a tripula\u00e7\u00e3o e tirar d\u00favidas sobre a carreira na Marinha e a miss\u00e3o do navio\u201d, avisa Arthur Janeiro, capit\u00e3o-tenente e respons\u00e1vel pela Comunica\u00e7\u00e3o Social do Cisne Branco.<\/p>\n\n\n\n<p>O Navio Veleiro foi entregue \u00e0 Marinha do Brasil no dia 9 de mar\u00e7o de 2000, no Rio Tejo, mesma data e local da partira de Pedro \u00c1lvares Cabral ao Brasil. \u201cA primeira regata foi nas comemora\u00e7\u00f5es dos 500 anos de descobrimento do Brasil e desde ent\u00e3o o Cisne Branco participa de grandes eventos n\u00e1uticos representando a Marinha e o Pa\u00eds\u201d, explica Janeiro. A embarca\u00e7\u00e3o tamb\u00e9m cumpre a miss\u00e3o de treinamento para novos marinheiros.<\/p>\n\n\n\n<p><strong>Servi\u00e7o:<\/strong><\/p>\n\n\n\n<p>Visita\u00e7\u00e3o ao Cisne Branco<\/p>\n\n\n\n<p>Data: s\u00e1bado, dia 20, e domingo, dia 21<\/p>\n\n\n\n<p>Hor\u00e1rio: 13h30 \u00e0s 17h30<\/p>\n\n\n\n<p>Local: Porto de Paranagu\u00e1 \u2013 Pal\u00e1cio Dom Pedro II &#8211; Avenida Portu\u00e1ria S\/N<\/p>\n\n\n\n<p>Ingresso: Gratuito<\/p>\n\n\n\n<p>Observa\u00e7\u00e3o: obrigat\u00f3rio uso de cal\u00e7ado fechado como t\u00eanis, botas ou sapatos sem salto<\/p>\n\n\n\n<p>AEN<\/p>\n","protected":false},"excerpt":{"rendered":"<p>O Porto de Paranagu\u00e1 recebeu nesta sexta-feira (19) o Navio Veleiro Cisne Branco, da Marinha do Brasil. A embarca\u00e7\u00e3o est\u00e1 em miss\u00e3o de treinamento e fica atracada at\u00e9 a pr\u00f3xima quarta-feira (24). No s\u00e1bado (20) e domingo (21), haver\u00e1 visita\u00e7\u00e3o p\u00fablica gratuita.&nbsp;A visita\u00e7\u00e3o ser\u00e1 das 13h30 at\u00e9 17h30, e \u00e9 obrigat\u00f3rio trazer um documento com [&hellip;]<\/p>\n","protected":false},"author":2,"featured_media":48248,"comment_status":"open","ping_status":"open","sticky":false,"template":"","format":"standard","meta":{"advanced_seo_description":"","jetpack_seo_html_title":"","jetpack_seo_noindex":false,"_jetpack_memberships_contains_paid_content":false,"footnotes":""},"categories":[40],"tags":[],"class_list":{"0":"post-48247","1":"post","2":"type-post","3":"status-publish","4":"format-standard","5":"has-post-thumbnail","7":"category-destaques"},"jetpack_featured_media_url":"https:\/\/www.paranapraia.com.br\/wp-content\/uploads\/2023\/05\/img_3624_copiar-scaled.jpg","jetpack_sharing_enabled":true,"_links":{"self":[{"href":"https:\/\/www.paranapraia.com.br\/index.php\/wp-json\/wp\/v2\/posts\/48247"}],"collection":[{"href":"https:\/\/www.paranapraia.com.br\/index.php\/wp-json\/wp\/v2\/posts"}],"about":[{"href":"https:\/\/www.paranapraia.com.br\/index.php\/wp-json\/wp\/v2\/types\/post"}],"author":[{"embeddable":true,"href":"https:\/\/www.paranapraia.com.br\/index.php\/wp-json\/wp\/v2\/users\/2"}],"replies":[{"embeddable":true,"href":"https:\/\/www.paranapraia.com.br\/index.php\/wp-json\/wp\/v2\/comments?post=48247"}],"version-history":[{"count":1,"href":"https:\/\/www.paranapraia.com.br\/index.php\/wp-json\/wp\/v2\/posts\/48247\/revisions"}],"predecessor-version":[{"id":48250,"href":"https:\/\/www.paranapraia.com.br\/index.php\/wp-json\/wp\/v2\/posts\/48247\/revisions\/48250"}],"wp:featuredmedia":[{"embeddable":true,"href":"https:\/\/www.paranapraia.com.br\/index.php\/wp-json\/wp\/v2\/media\/48248"}],"wp:attachment":[{"href":"https:\/\/www.paranapraia.com.br\/index.php\/wp-json\/wp\/v2\/media?parent=48247"}],"wp:term":[{"taxonomy":"category","embeddable":true,"href":"https:\/\/www.paranapraia.com.br\/index.php\/wp-json\/wp\/v2\/categories?post=48247"},{"taxonomy":"post_tag","embeddable":true,"href":"https:\/\/www.paranapraia.com.br\/index.php\/wp-json\/wp\/v2\/tags?post=48247"}],"curies":[{"name":"wp","href":"https:\/\/api.w.org\/{rel}","templated":true}]}}