{"id":48244,"date":"2023-05-19T17:39:29","date_gmt":"2023-05-19T20:39:29","guid":{"rendered":"https:\/\/www.paranapraia.com.br\/?p=48244"},"modified":"2023-05-19T17:39:30","modified_gmt":"2023-05-19T20:39:30","slug":"condominios-compoem-politica-para-idosos-no-parana-e-chamam-atencao-de-outros-estados","status":"publish","type":"post","link":"https:\/\/www.paranapraia.com.br\/index.php\/2023\/05\/19\/condominios-compoem-politica-para-idosos-no-parana-e-chamam-atencao-de-outros-estados\/","title":{"rendered":"Condom\u00ednios comp\u00f5em pol\u00edtica para idosos no Paran\u00e1 e chamam aten\u00e7\u00e3o de outros estados"},"content":{"rendered":"\n<p>Durante a sua agenda\u00a0em Portugal nesta semana, o governador Carlos Massa Ratinho Junior se reuniu com o ministro da Sa\u00fade, Manuel Pizarro, com quem conversou, entre outros temas, sobre pol\u00edticas p\u00fablicas de acolhimento aos idosos. Entre os assuntos tratados, est\u00e1 o programa Viver Mais Paran\u00e1, que desde 2019 resultou na entrega de quatro condom\u00ednios de uso exclusivo da terceira idade no Estado.<\/p>\n\n\n\n<p>Enquanto a expectativa de vida m\u00e9dia em Portugal \u00e9 de 82 anos, no Brasil ela est\u00e1 em 76, o que garante ao pa\u00eds europeu uma experi\u00eancia mais longa na presta\u00e7\u00e3o de servi\u00e7os a essa parcela da popula\u00e7\u00e3o.<\/p>\n\n\n\n<p>Ao lado de outras iniciativas, como a Cidade do Idoso e os centros de conviv\u00eancia para idosos, os condom\u00ednios residenciais fazem parte de uma estrat\u00e9gia de fortalecimento do Governo do Paran\u00e1 em a\u00e7\u00f5es focadas em pessoas com mais de 60 anos. O planejamento leva em conta estudos do IBGE que apontam que o Brasil ter\u00e1, at\u00e9 2030, mais idosos do que crian\u00e7as pela primeira vez em sua hist\u00f3ria, em um processo de transi\u00e7\u00e3o demogr\u00e1fica que levou metade do tempo para ocorrer no Pa\u00eds em rela\u00e7\u00e3o \u00e0 Europa.<\/p>\n\n\n\n<p>\u201cNo Paran\u00e1, temos tr\u00eas grandes iniciativas nessa \u00e1rea porque entendemos que a popula\u00e7\u00e3o est\u00e1 ficando mais idosa. No Estado, a expectativa de vida \u00e9 de 78 anos. Esse \u00e9 um p\u00fablico que precisa de assist\u00eancia e que ainda est\u00e1 muito ativo, dentro da chamada economia prateada\u201d, disse o governador durante a agenda em Portugal.<\/p>\n\n\n\n<p>\u201cEstamos construindo Condom\u00ednios dos Idosos em v\u00e1rios munic\u00edpios, com toda a acessibilidade necess\u00e1ria e at\u00e9 piscina aquecida, al\u00e9m de outros programas como a Cidade do Idoso. J\u00e1 temos um olhar diferente para a terceira idade, mas podemos expandir ainda mais essas pol\u00edticas\u201d, acrescentou Ratinho Junior.<\/p>\n\n\n\n<p><strong>DIFERENCIAIS<\/strong>&nbsp;\u2013 O projeto-piloto do Condom\u00ednio do Idoso foi conclu\u00eddo em outubro de 2020 em Jaguaria\u00edva, nos Campos Gerais. Um ano depois, o segundo conjunto foi entregue em Foz do Igua\u00e7u, na regi\u00e3o Oeste e, em dezembro de 2021, Prudent\u00f3polis, no Centro-Sul do Paran\u00e1, recebeu a terceira unidade. A entrega mais recente aconteceu em Corn\u00e9lio Proc\u00f3pio, na regi\u00e3o Norte do Estado, em dezembro de 2022. No total, h\u00e1 21 projetos em andamento.<\/p>\n\n\n\n<p>Todos os condom\u00ednios seguem um modelo construtivo parecido. S\u00e3o conjuntos compostos por 40 moradias cada, com amplos espa\u00e7os de uso comum para atendimentos na \u00e1rea de sa\u00fade e assist\u00eancia social, al\u00e9m de \u00e1reas de lazer e conviv\u00eancia. O acompanhamento dos moradores \u00e9 feito por t\u00e9cnicos das \u00e1reas de sa\u00fade, educa\u00e7\u00e3o f\u00edsica e assist\u00eancia social do munic\u00edpio e, de maneira complementar, podem contar com a participa\u00e7\u00e3o de estudantes universit\u00e1rios dessas \u00e1reas oriundos das universidades estaduais.<\/p>\n\n\n\n<p>Os projetos s\u00e3o destinados a casais ou idosos sozinhos a partir de 60 anos e renda de at\u00e9 seis sal\u00e1rios m\u00ednimos, com prioridade de atendimento \u00e0queles com menor poder aquisitivo. Os selecionados arcam como um custo inicial de 15% de um sal\u00e1rio m\u00ednimo nacional ao m\u00eas, o que atualmente equivale a R$ 198.<\/p>\n\n\n\n<p>De acordo com o presidente da Cohapar, Jorge Lange, o objetivo do programa \u00e9 oferecer condi\u00e7\u00f5es para o envelhecimento digno da parcela mais carente da popula\u00e7\u00e3o. \u201cA popula\u00e7\u00e3o brasileira est\u00e1 envelhecendo rapidamente e o Governo do Estado tem buscado desenvolver e melhorar iniciativas como o Viver Mais Paran\u00e1 para que as pessoas da terceira idade tenham um envelhecimento tranquilo, com todo o cuidado, seguran\u00e7a e aten\u00e7\u00e3o necess\u00e1rios\u201d, afirmou.<\/p>\n\n\n\n<p><strong>REFER\u00caNCIA NACIONAL<\/strong>&nbsp;\u2013 As caracter\u00edsticas do programa Viver Mais t\u00eam chamado a aten\u00e7\u00e3o de outros estados e prefeituras de fora do Paran\u00e1 nos \u00faltimos anos. Nesta semana, o secret\u00e1rio estadual da Habita\u00e7\u00e3o do Rio Grande do Sul, Fabr\u00edcio Guazzelli Peruchin, esteve na sede da Companhia de Habita\u00e7\u00e3o do Paran\u00e1 (Cohapar) para aprender mais sobre os projetos. Ele tamb\u00e9m visitou o Condom\u00ednio do Idoso de Prudent\u00f3polis, onde tive contato com moradores, t\u00e9cnicos da Cohapar e prefeitura.<\/p>\n\n\n\n<p>Uma das residentes do conjunto \u00e9 Cristiane Lizabeth da Silva, que tamb\u00e9m preside a associa\u00e7\u00e3o de moradores e demonstra satisfa\u00e7\u00e3o com a estrutura do local. \u201cO condom\u00ednio foi muito bem projetado, em um local tranquilo e sossegado. S\u00f3 temos a agradecer pelo projeto, que foi muito bem elaborado e est\u00e1 sendo muito bem administrado\u201d, contou.<\/p>\n\n\n\n<p>O diretor de Habita\u00e7\u00e3o da Secretaria de Habita\u00e7\u00e3o e Regulariza\u00e7\u00e3o Fundi\u00e1ria do Rio Grande do Sul, Guido Bamberg, que representou a delega\u00e7\u00e3o ga\u00facha na visita ao condom\u00ednio, explica que a equipe tomou conhecimento do programa a partir de uma agenda entre os estados durante encontro do Cons\u00f3rcio de Integra\u00e7\u00e3o Sul e Sudeste (Cosud), realizado no Rio de Janeiro.<\/p>\n\n\n\n<p>\u201cIsso nos motivou a vir at\u00e9 o Paran\u00e1 para conhecer de perto a iniciativa, que n\u00e3o visa apenas proporcionar melhor qualidade de vida aos idosos, mas proporcionar um novo recome\u00e7o \u00e0s pessoas que, mesmo com idade avan\u00e7ada, conseguem formar uma nova rede de conviv\u00eancia\u201d, disse.<\/p>\n\n\n\n<p>\u201cTivemos oportunidade de reconhecer muitos idosos, cada um com sua particularidade, e o que nos chamou a aten\u00e7\u00e3o foi a efici\u00eancia da parceria que o Estado do Paran\u00e1 tem com a administra\u00e7\u00e3o municipal, o que \u00e9 fundamental para que o programa funcione e alcance seus objetivos\u201d, acrescentou.<\/p>\n\n\n\n<p>Al\u00e9m do Rio Grande do Sul, a Cohapar j\u00e1 recebeu a visita de comitivas dos estados do Rio de Janeiro, Mato Grosso, Santa Catarina e Esp\u00edrito Santo, e de cidades de Minas Gerais e Bahia. \u201cO Viver Mais Paran\u00e1 \u00e9 um programa que est\u00e1 sendo propagado em todos os cantos do Brasil e que j\u00e1 foi premiado nacionalmente pela Associa\u00e7\u00e3o Brasileira de Cohabs e Agentes P\u00fablicos de Habita\u00e7\u00e3o. O Paran\u00e1 tem se colocado \u00e0 disposi\u00e7\u00e3o para que ele possa servir de modelo para o restante do Pa\u00eds\u201d, afirmou Lange.<\/p>\n\n\n\n<p>AEN<\/p>\n","protected":false},"excerpt":{"rendered":"<p>Durante a sua agenda\u00a0em Portugal nesta semana, o governador Carlos Massa Ratinho Junior se reuniu com o ministro da Sa\u00fade, Manuel Pizarro, com quem conversou, entre outros temas, sobre pol\u00edticas p\u00fablicas de acolhimento aos idosos. Entre os assuntos tratados, est\u00e1 o programa Viver Mais Paran\u00e1, que desde 2019 resultou na entrega de quatro condom\u00ednios de [&hellip;]<\/p>\n","protected":false},"author":2,"featured_media":48245,"comment_status":"open","ping_status":"open","sticky":false,"template":"","format":"standard","meta":{"advanced_seo_description":"","jetpack_seo_html_title":"","jetpack_seo_noindex":false,"_jetpack_memberships_contains_paid_content":false,"footnotes":""},"categories":[42],"tags":[],"class_list":{"0":"post-48244","1":"post","2":"type-post","3":"status-publish","4":"format-standard","5":"has-post-thumbnail","7":"category-cidades"},"jetpack_featured_media_url":"https:\/\/www.paranapraia.com.br\/wp-content\/uploads\/2023\/05\/comitiva_do_rio_grande_do_sul_2.jpg","jetpack_sharing_enabled":true,"_links":{"self":[{"href":"https:\/\/www.paranapraia.com.br\/index.php\/wp-json\/wp\/v2\/posts\/48244"}],"collection":[{"href":"https:\/\/www.paranapraia.com.br\/index.php\/wp-json\/wp\/v2\/posts"}],"about":[{"href":"https:\/\/www.paranapraia.com.br\/index.php\/wp-json\/wp\/v2\/types\/post"}],"author":[{"embeddable":true,"href":"https:\/\/www.paranapraia.com.br\/index.php\/wp-json\/wp\/v2\/users\/2"}],"replies":[{"embeddable":true,"href":"https:\/\/www.paranapraia.com.br\/index.php\/wp-json\/wp\/v2\/comments?post=48244"}],"version-history":[{"count":1,"href":"https:\/\/www.paranapraia.com.br\/index.php\/wp-json\/wp\/v2\/posts\/48244\/revisions"}],"predecessor-version":[{"id":48246,"href":"https:\/\/www.paranapraia.com.br\/index.php\/wp-json\/wp\/v2\/posts\/48244\/revisions\/48246"}],"wp:featuredmedia":[{"embeddable":true,"href":"https:\/\/www.paranapraia.com.br\/index.php\/wp-json\/wp\/v2\/media\/48245"}],"wp:attachment":[{"href":"https:\/\/www.paranapraia.com.br\/index.php\/wp-json\/wp\/v2\/media?parent=48244"}],"wp:term":[{"taxonomy":"category","embeddable":true,"href":"https:\/\/www.paranapraia.com.br\/index.php\/wp-json\/wp\/v2\/categories?post=48244"},{"taxonomy":"post_tag","embeddable":true,"href":"https:\/\/www.paranapraia.com.br\/index.php\/wp-json\/wp\/v2\/tags?post=48244"}],"curies":[{"name":"wp","href":"https:\/\/api.w.org\/{rel}","templated":true}]}}