{"id":4824,"date":"2019-04-05T14:48:02","date_gmt":"2019-04-05T17:48:02","guid":{"rendered":"https:\/\/www.paranapraia.com.br\/?p=4824"},"modified":"2019-04-05T14:48:03","modified_gmt":"2019-04-05T17:48:03","slug":"professora-e-demitida-de-universidade-apos-ofender-aluno-saiba-o-que-ela-disse","status":"publish","type":"post","link":"https:\/\/www.paranapraia.com.br\/index.php\/2019\/04\/05\/professora-e-demitida-de-universidade-apos-ofender-aluno-saiba-o-que-ela-disse\/","title":{"rendered":"Professora \u00e9 demitida de universidade ap\u00f3s ofender aluno; saiba o que ela disse"},"content":{"rendered":"\n<h4 class=\"wp-block-heading\">Alunos fizeram uma manifesta\u00e7\u00e3o contra atitude da professora na \u00faltima semana<\/h4>\n\n\n\n<p>Alunos da PUC-Minas gravaram, na \u00faltima semana, ofensas de uma professora de medicina veterin\u00e1ria a um estudante negro. No \u00e1udio, \u00e9 poss\u00edvel ouvi-la dizer: \u201cVai trabalhar. Tira aquele chinelo e vai ralar. E ainda corta o cabelo e v\u00ea se lava, um fedor danado\u201d. Ap\u00f3s protestos que a acusavam de racismo, ela foi demitida pela institui\u00e7\u00e3o. O epis\u00f3dio ocorreu na unidade Pra\u00e7a da Liberdade, em Belo Horizonte.<\/p>\n\n\n\n<p>Segundo o movimento anti-racista Juntos MG, o alvo dos xingamentos foi um integrante do coletivo que passou na sala de aula e perguntou se podia dar um recado aos alunos sobre um evento que aconteceria naquela semana.<\/p>\n\n\n\n<p>\u201cA nossa luta para populariza\u00e7\u00e3o da educa\u00e7\u00e3o vem de muitos anos, mas o racismo institucional alimenta esse tipo de absurdo tamb\u00e9m no ambiente educacional e \u00e9 respons\u00e1vel pela evas\u00e3o de muitos negros e negras de suas institui\u00e7\u00f5es de ensino\u201d, afirmou o coletivo em um post em sua p\u00e1gina do Facebook no \u00faltimo dia 29.<\/p>\n\n\n\n<p>BandaB<\/p>\n","protected":false},"excerpt":{"rendered":"<p>Alunos fizeram uma manifesta\u00e7\u00e3o contra atitude da professora na \u00faltima semana Alunos da PUC-Minas gravaram, na \u00faltima semana, ofensas de uma professora de medicina veterin\u00e1ria a um estudante negro. No \u00e1udio, \u00e9 poss\u00edvel ouvi-la dizer: \u201cVai trabalhar. Tira aquele chinelo e vai ralar. E ainda corta o cabelo e v\u00ea se lava, um fedor danado\u201d. [&hellip;]<\/p>\n","protected":false},"author":2,"featured_media":4825,"comment_status":"open","ping_status":"open","sticky":false,"template":"","format":"standard","meta":{"advanced_seo_description":"","jetpack_seo_html_title":"","jetpack_seo_noindex":false,"_jetpack_memberships_contains_paid_content":false,"footnotes":""},"categories":[1],"tags":[],"class_list":{"0":"post-4824","1":"post","2":"type-post","3":"status-publish","4":"format-standard","5":"has-post-thumbnail","7":"category-sem-categoria"},"jetpack_featured_media_url":"https:\/\/www.paranapraia.com.br\/wp-content\/uploads\/2019\/04\/xpuc-minas-protesto-1.jpg.pagespeed.ic_.23lEKYPVvj-1.jpg","jetpack_sharing_enabled":true,"_links":{"self":[{"href":"https:\/\/www.paranapraia.com.br\/index.php\/wp-json\/wp\/v2\/posts\/4824"}],"collection":[{"href":"https:\/\/www.paranapraia.com.br\/index.php\/wp-json\/wp\/v2\/posts"}],"about":[{"href":"https:\/\/www.paranapraia.com.br\/index.php\/wp-json\/wp\/v2\/types\/post"}],"author":[{"embeddable":true,"href":"https:\/\/www.paranapraia.com.br\/index.php\/wp-json\/wp\/v2\/users\/2"}],"replies":[{"embeddable":true,"href":"https:\/\/www.paranapraia.com.br\/index.php\/wp-json\/wp\/v2\/comments?post=4824"}],"version-history":[{"count":1,"href":"https:\/\/www.paranapraia.com.br\/index.php\/wp-json\/wp\/v2\/posts\/4824\/revisions"}],"predecessor-version":[{"id":4826,"href":"https:\/\/www.paranapraia.com.br\/index.php\/wp-json\/wp\/v2\/posts\/4824\/revisions\/4826"}],"wp:featuredmedia":[{"embeddable":true,"href":"https:\/\/www.paranapraia.com.br\/index.php\/wp-json\/wp\/v2\/media\/4825"}],"wp:attachment":[{"href":"https:\/\/www.paranapraia.com.br\/index.php\/wp-json\/wp\/v2\/media?parent=4824"}],"wp:term":[{"taxonomy":"category","embeddable":true,"href":"https:\/\/www.paranapraia.com.br\/index.php\/wp-json\/wp\/v2\/categories?post=4824"},{"taxonomy":"post_tag","embeddable":true,"href":"https:\/\/www.paranapraia.com.br\/index.php\/wp-json\/wp\/v2\/tags?post=4824"}],"curies":[{"name":"wp","href":"https:\/\/api.w.org\/{rel}","templated":true}]}}