{"id":48238,"date":"2023-05-19T17:28:04","date_gmt":"2023-05-19T20:28:04","guid":{"rendered":"https:\/\/www.paranapraia.com.br\/?p=48238"},"modified":"2023-05-19T17:28:04","modified_gmt":"2023-05-19T20:28:04","slug":"governo-do-estado-autoriza-edital-de-r-26-milhoes-para-instituicoes-que-atendem-criancas-e-adolescentes","status":"publish","type":"post","link":"https:\/\/www.paranapraia.com.br\/index.php\/2023\/05\/19\/governo-do-estado-autoriza-edital-de-r-26-milhoes-para-instituicoes-que-atendem-criancas-e-adolescentes\/","title":{"rendered":"Governo do Estado autoriza edital de R$ 26 milh\u00f5es para institui\u00e7\u00f5es que atendem crian\u00e7as e adolescentes"},"content":{"rendered":"\n<p>O governador Carlos Massa Ratinho Junior assinou nesta sexta-feira (19) a autoriza\u00e7\u00e3o para o chamamento p\u00fablico que possibilita a destina\u00e7\u00e3o de R$ 26 milh\u00f5es para institui\u00e7\u00f5es da sociedade civil que atendem crian\u00e7as e adolescentes realizarem manuten\u00e7\u00e3o e pequenos servi\u00e7os em suas estruturas.<\/p>\n\n\n\n<p>O recurso \u00e9 oriundo do Fundo da Inf\u00e2ncia e Adolesc\u00eancia, deliberado pelo Conselho Estadual dos Direitos da Crian\u00e7a e Adolescente (Cedca). O dinheiro poder\u00e1 ser aplicado em a\u00e7\u00f5es como substitui\u00e7\u00e3o parcial de itens da cobertura, pintura, substitui\u00e7\u00e3o de esquadrias e componentes, substitui\u00e7\u00e3o de revestimentos de pisos ou paredes, troca de itens de el\u00e9trica e hidr\u00e1ulica sem altera\u00e7\u00f5es das caracter\u00edsticas da instala\u00e7\u00e3o, manuten\u00e7\u00e3o ou recarga de extintores, limpeza de caixa d\u2019\u00e1gua.<\/p>\n\n\n\n<p>Do total liberado, h\u00e1 um valor m\u00ednimo, de R$ 30 mil, e m\u00e1ximo, de R$ 100 mil, que cada institui\u00e7\u00e3o poder\u00e1 acessar, cumprindo os crit\u00e9rios exigidos. \u201cEssa era uma reivindica\u00e7\u00e3o que h\u00e1 tempo o Governo do Estado e o Cedca\/PR estavam recebendo das organiza\u00e7\u00f5es e que com trabalho conjunto conseguimos atender\u201d, disse o secret\u00e1rio do Desenvolvimento Social e Fam\u00edlia, Rog\u00e9rio Carboni.<\/p>\n\n\n\n<p><strong>BENEFICIADAS &#8211;<\/strong>&nbsp;Todas as institui\u00e7\u00f5es que atuam nesta \u00e1rea podem ser beneficiadas com a libera\u00e7\u00e3o dos recursos, desde que cumpram as exig\u00eancias do edital. Somente em 2022, o Fundo Estadual da Inf\u00e2ncia e Adolesc\u00eancia deliberou R$ 86 milh\u00f5es, destinados ao apoio de projetos e programas em diversas institui\u00e7\u00f5es no Estado.<\/p>\n\n\n\n<p>O presidente do Cedca\/PR, Adriano Ribeiro dos Santos, destaca que essa rela\u00e7\u00e3o entre o conselho e o governo estadual \u00e9 essencial para o bom atendimento das crian\u00e7as e adolescentes. \u201cTodas as institui\u00e7\u00f5es j\u00e1 sabem como funciona, que \u00e9 necess\u00e1rio fazer o projeto, passar uma comiss\u00e3o composta pelos representantes do governo e do conselho para ter o recurso aprovado\u201d, disse ele. \u201cEstamos dando vaz\u00e3o a essa demanda, far\u00e1 diferen\u00e7a na vida de muitas crian\u00e7as e adolescentes\u201d, destacou.<\/p>\n\n\n\n<p><strong>COMO ACESSAR &#8211;&nbsp;<\/strong>Podem participar do chamamento as organiza\u00e7\u00f5es da sociedade civil (OSC\u2019s), assim definidas na Lei n\u00ba13.019\/2014. Depois de se enquadrarem nos requisitos da delibera\u00e7\u00e3o, as institui\u00e7\u00f5es devem apresentar suas propostas, por meio da plataforma eletr\u00f4nica<strong><a href=\"https:\/\/www.sistag.social.pr.gov.br\/\" target=\"_blank\" rel=\"noreferrer noopener\">&nbsp;www.sistag.social.pr.gov.br<\/a>.&nbsp;<\/strong>As propostas ser\u00e3o&nbsp;cadastradas e enviadas para an\u00e1lise.<\/p>\n\n\n\n<p><strong>As propostas passar\u00e3o por uma comiss\u00e3o julgadora e devem conter, no m\u00ednimo, os seguintes quesitos:<\/strong><\/p>\n\n\n\n<p>&#8211; o diagn\u00f3stico da realidade objeto da parceria e a demonstra\u00e7\u00e3o do nexo entre essa realidade e as atividades ou metas a serem atingidas.<\/p>\n\n\n\n<p>&#8211; descri\u00e7\u00e3o de metas quantitativas e mensur\u00e1veis a serem atingidas e de atividades a serem executadas, devendo estar claro, preciso e detalhado o que se pretende realizar ou obter, bem como quais ser\u00e3o os meios utilizados para tanto.<\/p>\n\n\n\n<p>&#8211; prazo para a execu\u00e7\u00e3o das atividades e o cumprimento das metas.<\/p>\n\n\n\n<p>&#8211; plano de aplica\u00e7\u00e3o de recursos com o valor m\u00e1ximo de cada meta, assinado pelo presidente da OSC e pelo contador respons\u00e1vel.<\/p>\n\n\n\n<p>Mais informa\u00e7\u00f5es de crit\u00e9rios e orienta\u00e7\u00f5es devem ser verificados pelo site do\u00a0<strong><a rel=\"noreferrer noopener\" href=\"https:\/\/www.cedca.pr.gov.br\/\" target=\"_blank\">CEDCA\/PR<\/a><\/strong>.<\/p>\n\n\n\n<p>AEN<\/p>\n","protected":false},"excerpt":{"rendered":"<p>O governador Carlos Massa Ratinho Junior assinou nesta sexta-feira (19) a autoriza\u00e7\u00e3o para o chamamento p\u00fablico que possibilita a destina\u00e7\u00e3o de R$ 26 milh\u00f5es para institui\u00e7\u00f5es da sociedade civil que atendem crian\u00e7as e adolescentes realizarem manuten\u00e7\u00e3o e pequenos servi\u00e7os em suas estruturas. O recurso \u00e9 oriundo do Fundo da Inf\u00e2ncia e Adolesc\u00eancia, deliberado pelo Conselho [&hellip;]<\/p>\n","protected":false},"author":2,"featured_media":48239,"comment_status":"open","ping_status":"open","sticky":false,"template":"","format":"standard","meta":{"advanced_seo_description":"","jetpack_seo_html_title":"","jetpack_seo_noindex":false,"_jetpack_memberships_contains_paid_content":false,"footnotes":""},"categories":[40],"tags":[],"class_list":{"0":"post-48238","1":"post","2":"type-post","3":"status-publish","4":"format-standard","5":"has-post-thumbnail","7":"category-destaques"},"jetpack_featured_media_url":"https:\/\/www.paranapraia.com.br\/wp-content\/uploads\/2023\/05\/whatsapp_image_20210913_at_10.35.57_1.jpg","jetpack_sharing_enabled":true,"_links":{"self":[{"href":"https:\/\/www.paranapraia.com.br\/index.php\/wp-json\/wp\/v2\/posts\/48238"}],"collection":[{"href":"https:\/\/www.paranapraia.com.br\/index.php\/wp-json\/wp\/v2\/posts"}],"about":[{"href":"https:\/\/www.paranapraia.com.br\/index.php\/wp-json\/wp\/v2\/types\/post"}],"author":[{"embeddable":true,"href":"https:\/\/www.paranapraia.com.br\/index.php\/wp-json\/wp\/v2\/users\/2"}],"replies":[{"embeddable":true,"href":"https:\/\/www.paranapraia.com.br\/index.php\/wp-json\/wp\/v2\/comments?post=48238"}],"version-history":[{"count":1,"href":"https:\/\/www.paranapraia.com.br\/index.php\/wp-json\/wp\/v2\/posts\/48238\/revisions"}],"predecessor-version":[{"id":48240,"href":"https:\/\/www.paranapraia.com.br\/index.php\/wp-json\/wp\/v2\/posts\/48238\/revisions\/48240"}],"wp:featuredmedia":[{"embeddable":true,"href":"https:\/\/www.paranapraia.com.br\/index.php\/wp-json\/wp\/v2\/media\/48239"}],"wp:attachment":[{"href":"https:\/\/www.paranapraia.com.br\/index.php\/wp-json\/wp\/v2\/media?parent=48238"}],"wp:term":[{"taxonomy":"category","embeddable":true,"href":"https:\/\/www.paranapraia.com.br\/index.php\/wp-json\/wp\/v2\/categories?post=48238"},{"taxonomy":"post_tag","embeddable":true,"href":"https:\/\/www.paranapraia.com.br\/index.php\/wp-json\/wp\/v2\/tags?post=48238"}],"curies":[{"name":"wp","href":"https:\/\/api.w.org\/{rel}","templated":true}]}}