{"id":4818,"date":"2019-04-05T14:43:49","date_gmt":"2019-04-05T17:43:49","guid":{"rendered":"https:\/\/www.paranapraia.com.br\/?p=4818"},"modified":"2019-04-05T14:43:50","modified_gmt":"2019-04-05T17:43:50","slug":"cinco-unidades-de-saude-de-curitiba-abrem-nesta-sabado-para-vacinacao-contra-febre-amarela","status":"publish","type":"post","link":"https:\/\/www.paranapraia.com.br\/index.php\/2019\/04\/05\/cinco-unidades-de-saude-de-curitiba-abrem-nesta-sabado-para-vacinacao-contra-febre-amarela\/","title":{"rendered":"Cinco unidades de sa\u00fade de Curitiba abrem nesta s\u00e1bado para vacina\u00e7\u00e3o contra febre amarela"},"content":{"rendered":"\n<h4 class=\"wp-block-heading\">A vacina \u00e9 aplicada em dose \u00fanica e o p\u00fablico-alvo s\u00e3o pessoas a partir de 9 meses at\u00e9 59 anos<\/h4>\n\n\n\n<p>H\u00e1 dois meses Curitiba oferta uma op\u00e7\u00e3o extra para a popula\u00e7\u00e3o se vacinar contra a febre amarela, abrindo algumas das unidades de sa\u00fade aos s\u00e1bados pela manh\u00e3. Neste s\u00e1bado (6\/4), cinco unidades de sa\u00fade estar\u00e3o de portas abertas: Xapinhal (Vila Xapinhal), Vila Feliz (Novo Mundo), S\u00e3o Jos\u00e9 (CIC), Moradias da Ordem e Moradias Santa Rita (Tatuquara).<\/p>\n\n\n\n<p>\u201cCom essa estrat\u00e9gia conseguimos ampliar significantemente a nossa cobertura contra a febre amarela. Desde que passou a fazer parte do esquema vacinal dos curitibanos, em julho do ano passado, tivemos grandes avan\u00e7os\u201d, destaca o diretor do Centro de Epidemiologia da Secretaria Municipal da Sa\u00fade, Alcides de Oliveira.<\/p>\n\n\n\n<p>Antes, a recomenda\u00e7\u00e3o era apenas para curitibanos que fossem viajar para as \u00e1reas consideradas de risco no Brasil ou para pa\u00edses que exigem comprova\u00e7\u00e3o dessa imuniza\u00e7\u00e3o.<\/p>\n\n\n\n<p>A vacina \u00e9 aplicada em dose \u00fanica e o p\u00fablico-alvo s\u00e3o pessoas a partir de 9 meses at\u00e9 59 anos. A cobertura vacinal nessa popula\u00e7\u00e3o subiu de 21%, em julho de 2018, para 56%, neste ano.<\/p>\n\n\n\n<p>Este ano j\u00e1 foram aplicadas 280.168 mil doses da vacina contra a febre amarela nas unidades de sa\u00fade de Curitiba, superando as 243.932 aplica\u00e7\u00f5es em todo o ano de 2018.<\/p>\n\n\n\n<p>A vacina\u00e7\u00e3o aos s\u00e1bados pela manh\u00e3 foi adotada no in\u00edcio de fevereiro, embora Curitiba n\u00e3o tem a circula\u00e7\u00e3o do v\u00edrus da febre amarela. Desde a confirma\u00e7\u00e3o do primeiro caso da doen\u00e7a no Paran\u00e1, em 28 de janeiro, a procura pela vacina aumentou.<\/p>\n\n\n\n<p>Al\u00e9m da oferta aos s\u00e1bados, a vacina est\u00e1 dispon\u00edvel de segunda a sexta-feira em 110 unidades de sa\u00fade de Curitiba.<\/p>\n\n\n\n<h1 class=\"wp-block-heading\">Indica\u00e7\u00e3o<\/h1>\n\n\n\n<p>A vacina \u00e9 aplicada em dose \u00fanica e o p\u00fablico-alvo s\u00e3o pessoas a partir de 9 meses at\u00e9 59 anos. A dose \u00e9 contraindicada para crian\u00e7as menores de 6 meses ou para quem tem o sistema imunol\u00f3gico enfraquecido, com hist\u00f3rico de rea\u00e7\u00e3o al\u00e9rgica grave a algum componente da vacina ou doen\u00e7a febril aguda.<\/p>\n\n\n\n<p>Pessoas acima dos 60 anos, gestantes e m\u00e3es que est\u00e3o amamentando beb\u00eas menores de 6 meses precisam de prescri\u00e7\u00e3o m\u00e9dica para tomar a vacina. Para os idosos, a prescri\u00e7\u00e3o m\u00e9dica \u00e9 feita ap\u00f3s se avaliar o risco de a vacina descompensar outras doen\u00e7as preexistentes.<\/p>\n\n\n\n<p>Em Curitiba, para gestantes e mulheres que amamentam beb\u00eas menores de 6 meses, a orienta\u00e7\u00e3o \u00e9 vacinar apenas aquelas que frequentam ou moram em s\u00edtios ou \u00e1reas de matas, onde h\u00e1 o risco de contamina\u00e7\u00e3o. As m\u00e3es que amamentam beb\u00eas maiores de seis meses podem se vacinar sem restri\u00e7\u00f5es.<\/p>\n\n\n\n<p>Vacina\u00e7\u00e3o contra a febre amarela neste s\u00e1bado (6\/4)<br>8h \u00e0s 12h \u2013 Unidade de Sa\u00fade Xapinhal (Rua Helbe de Macedo, s\/n, Vila Xapinhal)<br>8h \u00e0s 12h \u2013 Unidade de Sa\u00fade Moradias Santa Rita (Rua Adriana Zago Bueno, 743, Tatuquara)<br>8h \u00e0s 12h \u2013 Unidade de Sa\u00fade Moradias da Ordem (Rua Jovenilson Am\u00e9rico de Oliveira, 240, Tatuquara)<br>9h \u00e0s 13h \u2013 Unidade de Sa\u00fade Vila Feliz (Rua Pedro Gusso, 866 Novo Mundo)<br>8h \u00e0s 12h \u2013 Unidade de Sa\u00fade S\u00e3o Jos\u00e9 (Rua Pira\u00ed do Sul, 280, CIC)<\/p>\n\n\n\n<p>BandaB<\/p>\n","protected":false},"excerpt":{"rendered":"<p>A vacina \u00e9 aplicada em dose \u00fanica e o p\u00fablico-alvo s\u00e3o pessoas a partir de 9 meses at\u00e9 59 anos H\u00e1 dois meses Curitiba oferta uma op\u00e7\u00e3o extra para a popula\u00e7\u00e3o se vacinar contra a febre amarela, abrindo algumas das unidades de sa\u00fade aos s\u00e1bados pela manh\u00e3. Neste s\u00e1bado (6\/4), cinco unidades de sa\u00fade estar\u00e3o [&hellip;]<\/p>\n","protected":false},"author":2,"featured_media":4819,"comment_status":"open","ping_status":"open","sticky":false,"template":"","format":"standard","meta":{"advanced_seo_description":"","jetpack_seo_html_title":"","jetpack_seo_noindex":false,"_jetpack_memberships_contains_paid_content":false,"footnotes":""},"categories":[50],"tags":[],"class_list":{"0":"post-4818","1":"post","2":"type-post","3":"status-publish","4":"format-standard","5":"has-post-thumbnail","7":"category-saude"},"jetpack_featured_media_url":"https:\/\/www.paranapraia.com.br\/wp-content\/uploads\/2019\/04\/fa.jpg","jetpack_sharing_enabled":true,"_links":{"self":[{"href":"https:\/\/www.paranapraia.com.br\/index.php\/wp-json\/wp\/v2\/posts\/4818"}],"collection":[{"href":"https:\/\/www.paranapraia.com.br\/index.php\/wp-json\/wp\/v2\/posts"}],"about":[{"href":"https:\/\/www.paranapraia.com.br\/index.php\/wp-json\/wp\/v2\/types\/post"}],"author":[{"embeddable":true,"href":"https:\/\/www.paranapraia.com.br\/index.php\/wp-json\/wp\/v2\/users\/2"}],"replies":[{"embeddable":true,"href":"https:\/\/www.paranapraia.com.br\/index.php\/wp-json\/wp\/v2\/comments?post=4818"}],"version-history":[{"count":1,"href":"https:\/\/www.paranapraia.com.br\/index.php\/wp-json\/wp\/v2\/posts\/4818\/revisions"}],"predecessor-version":[{"id":4820,"href":"https:\/\/www.paranapraia.com.br\/index.php\/wp-json\/wp\/v2\/posts\/4818\/revisions\/4820"}],"wp:featuredmedia":[{"embeddable":true,"href":"https:\/\/www.paranapraia.com.br\/index.php\/wp-json\/wp\/v2\/media\/4819"}],"wp:attachment":[{"href":"https:\/\/www.paranapraia.com.br\/index.php\/wp-json\/wp\/v2\/media?parent=4818"}],"wp:term":[{"taxonomy":"category","embeddable":true,"href":"https:\/\/www.paranapraia.com.br\/index.php\/wp-json\/wp\/v2\/categories?post=4818"},{"taxonomy":"post_tag","embeddable":true,"href":"https:\/\/www.paranapraia.com.br\/index.php\/wp-json\/wp\/v2\/tags?post=4818"}],"curies":[{"name":"wp","href":"https:\/\/api.w.org\/{rel}","templated":true}]}}