{"id":48179,"date":"2023-05-19T16:45:24","date_gmt":"2023-05-19T19:45:24","guid":{"rendered":"https:\/\/www.paranapraia.com.br\/?p=48179"},"modified":"2023-05-19T16:45:24","modified_gmt":"2023-05-19T19:45:24","slug":"governo-manda-recolher-lotes-de-feijao-mofado-veja-marcas","status":"publish","type":"post","link":"https:\/\/www.paranapraia.com.br\/index.php\/2023\/05\/19\/governo-manda-recolher-lotes-de-feijao-mofado-veja-marcas\/","title":{"rendered":"Governo manda recolher lotes de feij\u00e3o mofado; veja marcas"},"content":{"rendered":"\n<p>O Minist\u00e9rio da Agricultura e Pecu\u00e1ria (<a rel=\"noreferrer noopener\" href=\"https:\/\/www.gov.br\/agricultura\/pt-br\" target=\"_blank\">Mapa<\/a>) determinou o recolhimento nacional de quatro lotes de feij\u00e3o, das marcas Da Mam\u00e3e e Sanes, que foram identificados como impr\u00f3prios para o consumo humano. Os gr\u00e3os mofados foram encontrados no Distrito Federal e no Rio de Janeiro.<\/p>\n\n\n\n<p><strong>Os lotes afetados s\u00e3o:<\/strong><\/p>\n\n\n\n<ul class=\"wp-block-list\">\n<li>51 do feij\u00e3o cores Da Mam\u00e3e;<\/li>\n\n\n\n<li>06 do feij\u00e3o preto Da Mam\u00e3e; e<\/li>\n\n\n\n<li>030423 e 080323 do feij\u00e3o preto da Sanes.<\/li>\n<\/ul>\n\n\n\n<p>Segundo o Mapa, esses produtos apresentam gr\u00e3os mofados e ardidos em um percentual de acima de 15%, o que pode colocar em risco a sa\u00fade dos consumidores.<\/p>\n\n\n\n<h4 class=\"wp-block-heading\">Opera\u00e7\u00e3o do Mapa<\/h4>\n\n\n\n<p>Os lotes de feij\u00e3o foram identificados em uma opera\u00e7\u00e3o anterior do Mapa, que resultou na apreens\u00e3o de mais de 150 toneladas da leguminosa no Rio de Janeiro. Ap\u00f3s an\u00e1lise laboratorial confirmou-se que os produtos n\u00e3o atendem aos padr\u00f5es de qualidade e seguran\u00e7a exigidos para o consumo humano.<\/p>\n\n\n\n<p>\u201cA seguran\u00e7a e a sa\u00fade dos consumidores s\u00e3o prioridades para o Mapa, que est\u00e1 em alerta para evitar que situa\u00e7\u00f5es semelhantes a essa ocorram no futuro\u201d, relata o diretor.<\/p>\n\n\n\n<h4 class=\"wp-block-heading\">Orienta\u00e7\u00f5es aos consumidores<\/h4>\n\n\n\n<p>Segundo o minist\u00e9rio, \u00e9 de extrema import\u00e2ncia que os consumidores estejam atentos e verifiquem cuidadosamente as embalagens dos produtos antes de adquiri-los.<\/p>\n\n\n\n<blockquote class=\"wp-block-quote is-layout-flow wp-block-quote-is-layout-flow\">\n<p>A den\u00fancia pode ser feita por meio do telefone de atendimento do Minist\u00e9rio (61) 3218-2089 ou por meio dos canais de atendimento dos \u00f3rg\u00e3os de defesa do consumidor.<\/p>\n<\/blockquote>\n\n\n\n<p>A pasta de Agricultura ressalta, ainda, que os consumidores devem verificar se possuem algum pacote de feij\u00e3o das marcas e lotes mencionados em suas resid\u00eancias ou restaurantes.<\/p>\n\n\n\n<p>Caso tenham adquirido esses produtos, o consumo deve ser interrompido imediatamente, e o consumidor deve entrar em contato com o com\u00e9rcio onde foi adquirido para o procedimento de devolu\u00e7\u00e3o ou descarte adequado.<\/p>\n\n\n\n<p>Metr\u00f3poles<\/p>\n","protected":false},"excerpt":{"rendered":"<p>O Minist\u00e9rio da Agricultura e Pecu\u00e1ria (Mapa) determinou o recolhimento nacional de quatro lotes de feij\u00e3o, das marcas Da Mam\u00e3e e Sanes, que foram identificados como impr\u00f3prios para o consumo humano. Os gr\u00e3os mofados foram encontrados no Distrito Federal e no Rio de Janeiro. Os lotes afetados s\u00e3o: Segundo o Mapa, esses produtos apresentam gr\u00e3os [&hellip;]<\/p>\n","protected":false},"author":2,"featured_media":48180,"comment_status":"open","ping_status":"open","sticky":false,"template":"","format":"standard","meta":{"advanced_seo_description":"","jetpack_seo_html_title":"","jetpack_seo_noindex":false,"_jetpack_memberships_contains_paid_content":false,"footnotes":""},"categories":[50],"tags":[],"class_list":{"0":"post-48179","1":"post","2":"type-post","3":"status-publish","4":"format-standard","5":"has-post-thumbnail","7":"category-saude"},"jetpack_featured_media_url":"https:\/\/www.paranapraia.com.br\/wp-content\/uploads\/2023\/05\/WhatsApp-Image-2023-05-19-at-16.43.20.jpeg","jetpack_sharing_enabled":true,"_links":{"self":[{"href":"https:\/\/www.paranapraia.com.br\/index.php\/wp-json\/wp\/v2\/posts\/48179"}],"collection":[{"href":"https:\/\/www.paranapraia.com.br\/index.php\/wp-json\/wp\/v2\/posts"}],"about":[{"href":"https:\/\/www.paranapraia.com.br\/index.php\/wp-json\/wp\/v2\/types\/post"}],"author":[{"embeddable":true,"href":"https:\/\/www.paranapraia.com.br\/index.php\/wp-json\/wp\/v2\/users\/2"}],"replies":[{"embeddable":true,"href":"https:\/\/www.paranapraia.com.br\/index.php\/wp-json\/wp\/v2\/comments?post=48179"}],"version-history":[{"count":1,"href":"https:\/\/www.paranapraia.com.br\/index.php\/wp-json\/wp\/v2\/posts\/48179\/revisions"}],"predecessor-version":[{"id":48181,"href":"https:\/\/www.paranapraia.com.br\/index.php\/wp-json\/wp\/v2\/posts\/48179\/revisions\/48181"}],"wp:featuredmedia":[{"embeddable":true,"href":"https:\/\/www.paranapraia.com.br\/index.php\/wp-json\/wp\/v2\/media\/48180"}],"wp:attachment":[{"href":"https:\/\/www.paranapraia.com.br\/index.php\/wp-json\/wp\/v2\/media?parent=48179"}],"wp:term":[{"taxonomy":"category","embeddable":true,"href":"https:\/\/www.paranapraia.com.br\/index.php\/wp-json\/wp\/v2\/categories?post=48179"},{"taxonomy":"post_tag","embeddable":true,"href":"https:\/\/www.paranapraia.com.br\/index.php\/wp-json\/wp\/v2\/tags?post=48179"}],"curies":[{"name":"wp","href":"https:\/\/api.w.org\/{rel}","templated":true}]}}