{"id":48172,"date":"2023-05-19T16:39:12","date_gmt":"2023-05-19T19:39:12","guid":{"rendered":"https:\/\/www.paranapraia.com.br\/?p=48172"},"modified":"2023-05-19T16:39:13","modified_gmt":"2023-05-19T19:39:13","slug":"macaco-prego-ferido-e-resgatado-pelo-iat-de-cianorte-e-se-recupera-apos-cirurgia","status":"publish","type":"post","link":"https:\/\/www.paranapraia.com.br\/index.php\/2023\/05\/19\/macaco-prego-ferido-e-resgatado-pelo-iat-de-cianorte-e-se-recupera-apos-cirurgia\/","title":{"rendered":"Macaco-prego ferido \u00e9 resgatado pelo IAT de Cianorte e se recupera ap\u00f3s cirurgia"},"content":{"rendered":"\n<p>O Escrit\u00f3rio Regional do Instituto \u00c1gua e Terra (IAT) de Cianorte, no Noroeste do Paran\u00e1, recebeu nesta quinta-feira (18) um macaco-prego ferido, resgatado por moradores da cidade. O animal foi encaminhado para a Cl\u00ednica Escola Veterin\u00e1ria da Universidade Paranaense (Unipar), em Umuarama, para a presta\u00e7\u00e3o de socorro m\u00e9dico veterin\u00e1rio.<\/p>\n\n\n\n<p>Ap\u00f3s o exame de raio-x constatar uma fratura no f\u00eamur, o macaco precisou passar por um procedimento cir\u00fargico. \u00c9 esse cuidado que pode, no futuro, permitir a recupera\u00e7\u00e3o completa e possibilitar a volta do animal para a natureza.<\/p>\n\n\n\n<p>O chefe regional do IAT em Cianorte, Marcelo Aparecido Marques, diz que o epis\u00f3dio evidencia a import\u00e2ncia de a popula\u00e7\u00e3o informar o Instituto sobre casos de animais silvestres feridos ou em situa\u00e7\u00e3o de risco para que possam receber os cuidados necess\u00e1rios.&nbsp;Ele tamb\u00e9m destaca a parceria para os cuidados dos animais.<\/p>\n\n\n\n<p>\u201cEssa parceria e colabora\u00e7\u00e3o entre a equipe do IAT e a Unipar possibilita cuidados espec\u00edficos, garantindo uma plena recupera\u00e7\u00e3o\u201d, afirma Marques. O macaco segue internado para reabilita\u00e7\u00e3o. Ap\u00f3s essa fase, com respaldo t\u00e9cnico, ele pode ser devolvido ao seu habitat natural.&nbsp;<\/p>\n\n\n\n<p><strong>CORUJAS<\/strong>&nbsp;\u2013 O macaco-prego \u00e9 o terceiro animal silvestre resgatado neste m\u00eas no Paran\u00e1. No dia 8 de maio, t\u00e9cnicos do IAT do N\u00facleo Regional de Pitanga, na regi\u00e3o central do Paran\u00e1,&nbsp;<a href=\"https:\/\/www.aen.pr.gov.br\/Noticia\/Coruja-orelhuda-e-resgatada-por-tecnicos-do-IAT-no-municipio-de-Pitanga\" target=\"_blank\" rel=\"noreferrer noopener\">acudiram uma coruja&nbsp;<em>Asio clamator<\/em><\/a>, popularmente conhecida como coruja-orelhuda. A ave foi encontrada ferida e bastante assustada ap\u00f3s fortes chuvas na cidade.&nbsp;<\/p>\n\n\n\n<p>A coruja foi encaminhada para o Centro de Apoio \u00e0 Fauna Silvestre (CAFS) de Guarapuava, que possui parceria com a cl\u00ednica veterin\u00e1ria da Universidade Estadual do Centro-Oeste (Unicentro). Antes, no dia 4 de maio,\u00a0foi socorrida uma\u00a0coruja da esp\u00e9cie\u00a0<em>As<\/em>i<em>o stygius<\/em>, popularmente conhecida como coruja-do-diabo ou mocho-diabo. A ave tinha ferimentos e foi tamb\u00e9m encaminhada ao CAFS de Guarapuava.\u00a0<\/p>\n\n\n\n<p><strong>COMO PROCEDER\u00a0<\/strong>\u2013 Ao se deparar com animais silvestres feridos o cidad\u00e3o pode entrar em contato com a\u00a0Ouvidoria do Instituto \u00c1gua e Terra (IAT)\u00a0ou com\u00a0Batalh\u00e3o de Pol\u00edcia Ambiental For\u00e7a Verde, da Pol\u00edcia Militar do Paran\u00e1.<\/p>\n\n\n\n<p>Se preferir, a pessoa pode ligar para o Disque Den\u00fancia 181, ou para a regional referente ao local do ocorrido. Informe de forma objetiva e precisa a localiza\u00e7\u00e3o e o que aconteceu com o animal. Quanto mais detalhes sobre a ocorr\u00eancia, melhor ser\u00e1 a apura\u00e7\u00e3o dos fatos e mais rapidamente as equipes conseguem fazer o atendimento.<\/p>\n\n\n\n<p>AEN<\/p>\n","protected":false},"excerpt":{"rendered":"<p>O Escrit\u00f3rio Regional do Instituto \u00c1gua e Terra (IAT) de Cianorte, no Noroeste do Paran\u00e1, recebeu nesta quinta-feira (18) um macaco-prego ferido, resgatado por moradores da cidade. O animal foi encaminhado para a Cl\u00ednica Escola Veterin\u00e1ria da Universidade Paranaense (Unipar), em Umuarama, para a presta\u00e7\u00e3o de socorro m\u00e9dico veterin\u00e1rio. Ap\u00f3s o exame de raio-x constatar [&hellip;]<\/p>\n","protected":false},"author":2,"featured_media":48173,"comment_status":"open","ping_status":"open","sticky":false,"template":"","format":"standard","meta":{"advanced_seo_description":"","jetpack_seo_html_title":"","jetpack_seo_noindex":false,"_jetpack_memberships_contains_paid_content":false,"footnotes":""},"categories":[40],"tags":[],"class_list":{"0":"post-48172","1":"post","2":"type-post","3":"status-publish","4":"format-standard","5":"has-post-thumbnail","7":"category-destaques"},"jetpack_featured_media_url":"https:\/\/www.paranapraia.com.br\/wp-content\/uploads\/2023\/05\/img-20230518-wa0084.jpg","jetpack_sharing_enabled":true,"_links":{"self":[{"href":"https:\/\/www.paranapraia.com.br\/index.php\/wp-json\/wp\/v2\/posts\/48172"}],"collection":[{"href":"https:\/\/www.paranapraia.com.br\/index.php\/wp-json\/wp\/v2\/posts"}],"about":[{"href":"https:\/\/www.paranapraia.com.br\/index.php\/wp-json\/wp\/v2\/types\/post"}],"author":[{"embeddable":true,"href":"https:\/\/www.paranapraia.com.br\/index.php\/wp-json\/wp\/v2\/users\/2"}],"replies":[{"embeddable":true,"href":"https:\/\/www.paranapraia.com.br\/index.php\/wp-json\/wp\/v2\/comments?post=48172"}],"version-history":[{"count":1,"href":"https:\/\/www.paranapraia.com.br\/index.php\/wp-json\/wp\/v2\/posts\/48172\/revisions"}],"predecessor-version":[{"id":48174,"href":"https:\/\/www.paranapraia.com.br\/index.php\/wp-json\/wp\/v2\/posts\/48172\/revisions\/48174"}],"wp:featuredmedia":[{"embeddable":true,"href":"https:\/\/www.paranapraia.com.br\/index.php\/wp-json\/wp\/v2\/media\/48173"}],"wp:attachment":[{"href":"https:\/\/www.paranapraia.com.br\/index.php\/wp-json\/wp\/v2\/media?parent=48172"}],"wp:term":[{"taxonomy":"category","embeddable":true,"href":"https:\/\/www.paranapraia.com.br\/index.php\/wp-json\/wp\/v2\/categories?post=48172"},{"taxonomy":"post_tag","embeddable":true,"href":"https:\/\/www.paranapraia.com.br\/index.php\/wp-json\/wp\/v2\/tags?post=48172"}],"curies":[{"name":"wp","href":"https:\/\/api.w.org\/{rel}","templated":true}]}}