{"id":48165,"date":"2023-05-19T16:29:29","date_gmt":"2023-05-19T19:29:29","guid":{"rendered":"https:\/\/www.paranapraia.com.br\/?p=48165"},"modified":"2023-05-19T16:29:30","modified_gmt":"2023-05-19T19:29:30","slug":"estado-lanca-programa-turismo-na-escola-para-valorizar-riquezas-regionais-cultura-e-meio-ambiente","status":"publish","type":"post","link":"https:\/\/www.paranapraia.com.br\/index.php\/2023\/05\/19\/estado-lanca-programa-turismo-na-escola-para-valorizar-riquezas-regionais-cultura-e-meio-ambiente\/","title":{"rendered":"Estado lan\u00e7a programa Turismo na Escola para valorizar riquezas regionais, cultura e meio ambiente"},"content":{"rendered":"\n<p>O Governo do Paran\u00e1 vai levar o turismo para as salas de aula, a fim de ampliar o conhecimento de professores e alunos sobre a atividade, principalmente em \u00e2mbito regional \u2013 \u00e9 o programa Turismo na Escola 2023. O objetivo \u00e9 que os estudante o valorizem como fonte de riqueza, de preserva\u00e7\u00e3o da hist\u00f3ria, da cultura e do meio ambiente. A iniciativa \u00e9 da secretaria estadual do Turismo (Setu), com o apoio das Inst\u00e2ncias de Governan\u00e7a de Turismo (IGR).<\/p>\n\n\n\n<p>Haver\u00e1 capacita\u00e7\u00e3o dos professores para que conhe\u00e7am melhor os principais segmentos tur\u00edsticos ofertados em suas regi\u00f5es. O aprendizado chegar\u00e1 \u00e0s aos estudantes como conte\u00fado transversal, ou seja, que n\u00e3o faz parte da grade oficial. A ideia \u00e9 inspirar projetos que ser\u00e3o formatados com a participa\u00e7\u00e3o dos alunos. O programa ir\u00e1 passar pelas 19 regi\u00f5es tur\u00edsticas do Paran\u00e1.<\/p>\n\n\n\n<p>A primeira capacita\u00e7\u00e3o ser\u00e1 em Francisco Beltr\u00e3o, no Sudoeste, na sexta-feira, 26 de maio. Ser\u00e3o capacitados cerca de 140 professores da rede municipal de ensino de outros 16 munic\u00edpios da regi\u00e3o: Amp\u00e9re; Capanema; Chopinzinho; Clevel\u00e2ndia; Coronel Domingos Soares; Coronel Vivida; Cruzeiro do Igua\u00e7u; Dois Vizinhos; Mangueirinha; Palmas; Salgado Filho; Salto do Lontra; Santa Izabel do Oeste; Santo Ant\u00f4nio do Sudoeste; S\u00e3o Jorge D`Oeste e Sulina.<\/p>\n\n\n\n<p>\u201cO que pretendemos \u00e9 criar uma consci\u00eancia tur\u00edstica nas crian\u00e7as\u201d, explica o secret\u00e1rio estadual de Turismo, M\u00e1rcio Nunes. \u201cAmpliar esse di\u00e1logo entre o turismo e a educa\u00e7\u00e3o, come\u00e7ando pela base, fazendo com que os estudantes conhe\u00e7am a regi\u00e3o tur\u00edstica onde residem, cres\u00e7am com essa consci\u00eancia e sejam disseminadores do conhecimento\u201d, completou o secret\u00e1rio.<\/p>\n\n\n\n<p>De acordo com o diretor de Gest\u00e3o, Sustentabilidade e Qualifica\u00e7\u00e3o do Turismo da Setu, Marcelo Martini, iniciar projetos vinculados \u00e0s escolas criar\u00e1 um vinculo do cidad\u00e3o com esse patrim\u00f4nio. \u201cO trabalho ser\u00e1 feito no sentido de despertar esse compromisso, preparar os jovens para receber bem o turista, com foco no lado profissional e, tamb\u00e9m, como fonte de conhecimento\u201d, disse Martini.<\/p>\n\n\n\n<p><strong>PARCERIA &#8211;&nbsp;<\/strong>A proposta do Turismo na Escola foi apresentada pela IGR Vales do Igua\u00e7u e a Setu abra\u00e7ou a ideia, considerando as iniciativas em andamento na pasta, que trabalha novas pol\u00edticas p\u00fablicas e parcerias para o desenvolvimento do setor. A capacita\u00e7\u00e3o ser\u00e1 ministrada pela turism\u00f3loga Alessandra Xavier e pela coordenadora de Qualifica\u00e7\u00e3o do Turismo, Leticia Tonetto, ambas da diretoria de Gest\u00e3o da Sustentabilidade e Qualifica\u00e7\u00e3o do Turismo da Setu.<\/p>\n\n\n\n<p>Elisandra Gessi, coordenadora de turismo da IGR Vales do Igua\u00e7u, conta que a ideia de fazer essa capacita\u00e7\u00e3o junto \u00e0s escolas atende aos princ\u00edpios da institui\u00e7\u00e3o, que foca no compromisso de auxiliar os munic\u00edpios no processo de crescimento sustent\u00e1vel do turismo. \u201cA educa\u00e7\u00e3o \u00e9 o alicerce dessa constru\u00e7\u00e3o. O olhar para o turismo como alternativa de preserva\u00e7\u00e3o de cultura, oportunidade de emprego e renda e de conserva\u00e7\u00e3o do meio ambiente precisa ser nutrido na popula\u00e7\u00e3o e deve ser na base\u201d, diz Elisandra.<\/p>\n\n\n\n<p><strong>GERA\u00c7\u00d5ES &#8211;&nbsp;<\/strong>N\u00e3o \u00e9 a primeira vez que as Inst\u00e2ncias de Governan\u00e7a de Turismo sinalizam para a educa\u00e7\u00e3o, com foco nas gera\u00e7\u00f5es futuras. Em 2022, a Ag\u00eancia de Desenvolvimento Regional do Sudoeste do Paran\u00e1\/IGR Vales do Igua\u00e7u, com apoio do Sistema Federa\u00e7\u00e3o das Ind\u00fastrias do Paran\u00e1 (Fiep), da Cooperativa Cresol e prefeituras, desenhou uma proposta semelhante e levou para Amp\u00e9re\/PR.<\/p>\n\n\n\n<p>A iniciativa resultou em 12 projetos elaborados por professores e alunos nas \u00e1reas de turismo de gastronomia, neg\u00f3cios, rural, religioso, cultura, esporte, al\u00e9m de imagens que inspiraram o Programa Turismo na Escola 2023.<\/p>\n\n\n\n<p><strong>PROGRAMA \u2013&nbsp;<\/strong>A meta do Programa Turismo na Escola 2023 \u00e9 aportar o setor para o ambiente educacional e fazer com que o estudante da rede municipal de ensino compreenda a import\u00e2ncia da preserva\u00e7\u00e3o do patrim\u00f4nio ambiental e hist\u00f3rico da cidade. \u201cVamos incentivar os alunos para que conhe\u00e7am a cultura e paisagens do lugar onde vivem. S\u00f3 cuidamos do que de fato conhecemos\u201d, disse Let\u00edcia.<\/p>\n\n\n\n<p>Para a turism\u00f3loga Alessandra Xavier, os paranaenses precisam valorizar o que t\u00eam de atrativo nas suas cidades, a hist\u00f3ria, cultura e \u00e1reas naturais. \u201c\u00c9 dar outro olhar para aquilo que j\u00e1 conhecem\u201d. Segundo ela, com a capacita\u00e7\u00e3o, professores ser\u00e3o apresentados aos conceitos de diferentes segmentos tur\u00edsticos. \u201cA pr\u00e1tica tem o munic\u00edpio como campo de pesquisa, envolvendo a comunidade escolar, estudantes e sociedade em geral\u201d, finalizou.<\/p>\n\n\n\n<p><strong>PRIMEIRA &#8211;<\/strong>&nbsp;A capacita\u00e7\u00e3o dos professores em Francisco Beltr\u00e3o ser\u00e1 realizada na sede da IGR Vales do Igua\u00e7u, com dura\u00e7\u00e3o de quatro horas.&nbsp;<\/p>\n","protected":false},"excerpt":{"rendered":"<p>O Governo do Paran\u00e1 vai levar o turismo para as salas de aula, a fim de ampliar o conhecimento de professores e alunos sobre a atividade, principalmente em \u00e2mbito regional \u2013 \u00e9 o programa Turismo na Escola 2023. O objetivo \u00e9 que os estudante o valorizem como fonte de riqueza, de preserva\u00e7\u00e3o da hist\u00f3ria, da [&hellip;]<\/p>\n","protected":false},"author":2,"featured_media":48166,"comment_status":"open","ping_status":"open","sticky":false,"template":"","format":"standard","meta":{"advanced_seo_description":"","jetpack_seo_html_title":"","jetpack_seo_noindex":false,"_jetpack_memberships_contains_paid_content":false,"footnotes":""},"categories":[40],"tags":[],"class_list":{"0":"post-48165","1":"post","2":"type-post","3":"status-publish","4":"format-standard","5":"has-post-thumbnail","7":"category-destaques"},"jetpack_featured_media_url":"https:\/\/www.paranapraia.com.br\/wp-content\/uploads\/2023\/05\/igr_vales_do_iguacu_acervo.jpg","jetpack_sharing_enabled":true,"_links":{"self":[{"href":"https:\/\/www.paranapraia.com.br\/index.php\/wp-json\/wp\/v2\/posts\/48165"}],"collection":[{"href":"https:\/\/www.paranapraia.com.br\/index.php\/wp-json\/wp\/v2\/posts"}],"about":[{"href":"https:\/\/www.paranapraia.com.br\/index.php\/wp-json\/wp\/v2\/types\/post"}],"author":[{"embeddable":true,"href":"https:\/\/www.paranapraia.com.br\/index.php\/wp-json\/wp\/v2\/users\/2"}],"replies":[{"embeddable":true,"href":"https:\/\/www.paranapraia.com.br\/index.php\/wp-json\/wp\/v2\/comments?post=48165"}],"version-history":[{"count":1,"href":"https:\/\/www.paranapraia.com.br\/index.php\/wp-json\/wp\/v2\/posts\/48165\/revisions"}],"predecessor-version":[{"id":48167,"href":"https:\/\/www.paranapraia.com.br\/index.php\/wp-json\/wp\/v2\/posts\/48165\/revisions\/48167"}],"wp:featuredmedia":[{"embeddable":true,"href":"https:\/\/www.paranapraia.com.br\/index.php\/wp-json\/wp\/v2\/media\/48166"}],"wp:attachment":[{"href":"https:\/\/www.paranapraia.com.br\/index.php\/wp-json\/wp\/v2\/media?parent=48165"}],"wp:term":[{"taxonomy":"category","embeddable":true,"href":"https:\/\/www.paranapraia.com.br\/index.php\/wp-json\/wp\/v2\/categories?post=48165"},{"taxonomy":"post_tag","embeddable":true,"href":"https:\/\/www.paranapraia.com.br\/index.php\/wp-json\/wp\/v2\/tags?post=48165"}],"curies":[{"name":"wp","href":"https:\/\/api.w.org\/{rel}","templated":true}]}}