{"id":48162,"date":"2023-05-19T16:27:54","date_gmt":"2023-05-19T19:27:54","guid":{"rendered":"https:\/\/www.paranapraia.com.br\/?p=48162"},"modified":"2023-05-19T16:27:55","modified_gmt":"2023-05-19T19:27:55","slug":"governo-incentiva-acoes-educativas-nos-municipios-que-recebem-o-castrapet-parana","status":"publish","type":"post","link":"https:\/\/www.paranapraia.com.br\/index.php\/2023\/05\/19\/governo-incentiva-acoes-educativas-nos-municipios-que-recebem-o-castrapet-parana\/","title":{"rendered":"Governo incentiva a\u00e7\u00f5es educativas nos munic\u00edpios que recebem o CastraPet Paran\u00e1"},"content":{"rendered":"\n<p>O Programa Permanente de Esteriliza\u00e7\u00e3o de C\u00e3es e Gatos (CastraPetParan\u00e1) chegou a 219 munic\u00edpios no \u00faltimo ciclo da iniciativa e alcan\u00e7ou mais de 73 mil animais. O Governo do Estado acompanha as a\u00e7\u00f5es educativas promovidas pelas cidades parceiras, uma das condi\u00e7\u00f5es para aquelas que s\u00e3o contempladas com o programa.<\/p>\n\n\n\n<p>As a\u00e7\u00f5es das prefeituras incluem orienta\u00e7\u00f5es sobre tutela respons\u00e1vel, que envolvem a impress\u00e3o e a distribui\u00e7\u00e3o da\u00a0cartilha &#8220;Mila e os animais de companhia&#8221;, disponibilizada pela Sedest e o Instituto \u00c1gua e Terra (IAT). A publica\u00e7\u00e3o pode ser acessada no site\u00a0Conex\u00e3o Ambiental. Os munic\u00edpios precisaram imprimi-la a um valor equivalente a 5% do custo para o servi\u00e7o da esteriliza\u00e7\u00e3o cir\u00fargica.<\/p>\n\n\n\n<p>At\u00e9 o momento j\u00e1 foram distribu\u00eddos cerca de 61 mil exemplares. A Sedest segue comunicando os munic\u00edpios sobre a import\u00e2ncia de a\u00e7\u00f5es educativas frequentes, a fim de complementar os resultados do programa.<\/p>\n\n\n\n<p>\u201cAs a\u00e7\u00f5es educativas, al\u00e9m de estarem firmadas em conv\u00eanio, s\u00e3o parte integrante do CastraPet Paran\u00e1. Se quisermos realmente solucionar o problema do abandono e dos maus-tratos de animais precisamos primeiro conscientizar as pessoas\u201d, ressalta o secret\u00e1rio estadual do Desenvolvimento Sustent\u00e1vel, Valdemar Bernardo Jorge.<\/p>\n\n\n\n<p><strong>OUTRAS IDEIAS&nbsp;<\/strong>\u2013&nbsp;Dos munic\u00edpios que j\u00e1 enviaram seus relat\u00f3rios referentes ao cumprimento desta contrapartida, alguns aproveitaram a oportunidade para criar outras formas de envolver as crian\u00e7as nas atividades de educa\u00e7\u00e3o para a tutela respons\u00e1vel.<\/p>\n\n\n\n<p>Foi o caso de Rio Azul, que distribuiu a cartilha nas escolas da rede municipal e tamb\u00e9m lan\u00e7ou um concurso de reda\u00e7\u00e3o para o 5\u00ba ano do ensino fundamental com o tema \u201cAbandonar o seu animal n\u00e3o \u00e9 nada legal\u201d.<\/p>\n\n\n\n<p>As escolas selecionaram a melhor reda\u00e7\u00e3o de cada turma, que foram depois avaliadas por um comit\u00ea. Este definiu os tr\u00eas primeiros lugares, premiados com camiseta e certificado de protetor-mirim. O primeiro lugar teve tamb\u00e9m sua reda\u00e7\u00e3o lida no Plen\u00e1rio na C\u00e2mara dos Vereadores no dia da entrega do resultado.<\/p>\n\n\n\n<p>Os vencedores foram as estudantes Eloiza de Andrade Lima Escola, da Municipal Professora Vanda Hessel, em 1\u00ba lugar; Klarissa Emanuelly Cola\u00e7o, aluna da Escola Municipal Professora Vanda Hessel, em 2\u00ba; e Gleisiana Porf\u00edrio de Souza, da Escola Rural Municipal Joaquim Vieira, em 3\u00ba.<\/p>\n\n\n\n<p>Segundo Rafael Iarema, m\u00e9dico veterin\u00e1rio da Prefeitura de Rio Azul, a ideia da reda\u00e7\u00e3o foi uma forma de propagar a conscientiza\u00e7\u00e3o sobre ado\u00e7\u00e3o, abandono e maus-tratos. \u201cA reda\u00e7\u00e3o foi muito bem aceita pelos professores, pois incentiva as crian\u00e7as a pensarem, e elas tamb\u00e9m fazem perguntas aos pais, o que vai multiplicando as a\u00e7\u00f5es. \u00c9 uma forma de passar para frente o aprendizado e conscientizar as crian\u00e7as e os adultos\u201d, afirma.<\/p>\n\n\n\n<p>J\u00e1 no munic\u00edpio de Bandeirantes, as coordenadoras das escolas da rede municipal receberam do m\u00e9dico veterin\u00e1rio do munic\u00edpio, Marcos Ant\u00f4nio Galera da Silva Junior, uma capacita\u00e7\u00e3o para que pudessem aproveitar todo o potencial da cartilha.<\/p>\n\n\n\n<p>O material traz um calend\u00e1rio de vacina\u00e7\u00e3o para c\u00e3es e gatos, dicas de como escolher um pet e at\u00e9 informa\u00e7\u00f5es sobre a import\u00e2ncia de se denunciar maus-tratos aos animais. \u201cH\u00e1 muitos c\u00e3es que padecem e sofrem com maus-tratos. A leitura da cartilha Mila e os animais de companhia vai indicar caminhos para que todos tenham um olhar diferenciado sobre os pets\u201d, observa Junior.<\/p>\n\n\n\n<p>A secret\u00e1ria de Meio Ambiente de Bandeirantes, Simone Beatriz Fuck Von Der Osten, reitera a import\u00e2ncia de investir na educa\u00e7\u00e3o das crian\u00e7as e adolescentes para que os objetivos do programa CastraPet Paran\u00e1 possam ser alcan\u00e7ados.<\/p>\n\n\n\n<p>\u201cA cartilha &#8216;Mila e os animais de companhia&#8217; \u00e9 um material bastante completo que consegue instruir de forma interativa, educativa e rica em informa\u00e7\u00f5es. A parte educacional nas escolas \u00e9 um trabalho que vai concluir o que foi realizado com as castra\u00e7\u00f5es, e far\u00e1 grande diferen\u00e7a para o sucesso desse programa\u201d, pontua.<\/p>\n\n\n\n<p>AEN<\/p>\n","protected":false},"excerpt":{"rendered":"<p>O Programa Permanente de Esteriliza\u00e7\u00e3o de C\u00e3es e Gatos (CastraPetParan\u00e1) chegou a 219 munic\u00edpios no \u00faltimo ciclo da iniciativa e alcan\u00e7ou mais de 73 mil animais. O Governo do Estado acompanha as a\u00e7\u00f5es educativas promovidas pelas cidades parceiras, uma das condi\u00e7\u00f5es para aquelas que s\u00e3o contempladas com o programa. As a\u00e7\u00f5es das prefeituras incluem orienta\u00e7\u00f5es [&hellip;]<\/p>\n","protected":false},"author":2,"featured_media":48163,"comment_status":"open","ping_status":"open","sticky":false,"template":"","format":"standard","meta":{"advanced_seo_description":"","jetpack_seo_html_title":"","jetpack_seo_noindex":false,"_jetpack_memberships_contains_paid_content":false,"footnotes":""},"categories":[42],"tags":[],"class_list":{"0":"post-48162","1":"post","2":"type-post","3":"status-publish","4":"format-standard","5":"has-post-thumbnail","7":"category-cidades"},"jetpack_featured_media_url":"https:\/\/www.paranapraia.com.br\/wp-content\/uploads\/2023\/05\/346478848_930946674846583_5473662850504707694_n.jpg","jetpack_sharing_enabled":true,"_links":{"self":[{"href":"https:\/\/www.paranapraia.com.br\/index.php\/wp-json\/wp\/v2\/posts\/48162"}],"collection":[{"href":"https:\/\/www.paranapraia.com.br\/index.php\/wp-json\/wp\/v2\/posts"}],"about":[{"href":"https:\/\/www.paranapraia.com.br\/index.php\/wp-json\/wp\/v2\/types\/post"}],"author":[{"embeddable":true,"href":"https:\/\/www.paranapraia.com.br\/index.php\/wp-json\/wp\/v2\/users\/2"}],"replies":[{"embeddable":true,"href":"https:\/\/www.paranapraia.com.br\/index.php\/wp-json\/wp\/v2\/comments?post=48162"}],"version-history":[{"count":1,"href":"https:\/\/www.paranapraia.com.br\/index.php\/wp-json\/wp\/v2\/posts\/48162\/revisions"}],"predecessor-version":[{"id":48164,"href":"https:\/\/www.paranapraia.com.br\/index.php\/wp-json\/wp\/v2\/posts\/48162\/revisions\/48164"}],"wp:featuredmedia":[{"embeddable":true,"href":"https:\/\/www.paranapraia.com.br\/index.php\/wp-json\/wp\/v2\/media\/48163"}],"wp:attachment":[{"href":"https:\/\/www.paranapraia.com.br\/index.php\/wp-json\/wp\/v2\/media?parent=48162"}],"wp:term":[{"taxonomy":"category","embeddable":true,"href":"https:\/\/www.paranapraia.com.br\/index.php\/wp-json\/wp\/v2\/categories?post=48162"},{"taxonomy":"post_tag","embeddable":true,"href":"https:\/\/www.paranapraia.com.br\/index.php\/wp-json\/wp\/v2\/tags?post=48162"}],"curies":[{"name":"wp","href":"https:\/\/api.w.org\/{rel}","templated":true}]}}