{"id":48159,"date":"2023-05-19T12:37:30","date_gmt":"2023-05-19T15:37:30","guid":{"rendered":"https:\/\/www.paranapraia.com.br\/?p=48159"},"modified":"2023-05-19T12:37:30","modified_gmt":"2023-05-19T15:37:30","slug":"estado-convoca-16-novos-profissionais-do-concurso-de-2021-e-reforca-gestao-ambiental","status":"publish","type":"post","link":"https:\/\/www.paranapraia.com.br\/index.php\/2023\/05\/19\/estado-convoca-16-novos-profissionais-do-concurso-de-2021-e-reforca-gestao-ambiental\/","title":{"rendered":"Estado convoca 16 novos profissionais do concurso de 2021 e refor\u00e7a gest\u00e3o ambiental"},"content":{"rendered":"\n<p>O Governo do Estado divulgou nesta sexta-feira (19), por meio do&nbsp;<a href=\"https:\/\/www.aen.pr.gov.br\/sites\/default\/arquivos_restritos\/files\/documento\/2023-05\/2079_1.pdf\" target=\"_blank\" rel=\"noreferrer noopener\">Decreto n\u00ba 2.079\/23<\/a>&nbsp;, uma nova lista de candidatos aprovados no concurso de 2021 do Instituto \u00c1gua e Terra (IAT), vinculado \u00e0 Secretaria do Desenvolvimento Sustent\u00e1vel. Ao todo, 16 pessoas foram convocadas nesta segunda chamada, entre engenheiros florestais (4), engenheiros agr\u00f4nomos (2), engenheiros civis (5), t\u00e9cnicos de manejo e meio ambiente (3), soci\u00f3logo (1) e bi\u00f3logo (1).<\/p>\n\n\n\n<p>Eles integrar\u00e3o as regionais do IAT de Cascavel, Curitiba, Jacarezinho, Paranava\u00ed, Pato Branco e Toledo. A contrata\u00e7\u00e3o se dar\u00e1 atrav\u00e9s da Secretaria de Estado da Administra\u00e7\u00e3o e Previd\u00eancia (Seap). A data para a apresenta\u00e7\u00e3o da documenta\u00e7\u00e3o necess\u00e1ria ainda ser\u00e1 divulgada.<\/p>\n\n\n\n<p>\u201c\u00c9 um avan\u00e7o importante para atender as grandes demandas da popula\u00e7\u00e3o, em especial do setor produtivo. Eles v\u00e3o atuar em rela\u00e7\u00e3o ao licenciamento, monitoramento, fiscaliza\u00e7\u00e3o e outorga de uso da \u00e1gua, entre outras \u00e1reas\u201d, afirmou o diretor-presidente do IAT, Everton Souza.<\/p>\n\n\n\n<p>O IAT \u00e9 um \u00f3rg\u00e3o vinculado \u00e0 Secretaria do Desenvolvimento Sustent\u00e1vel (Sedest) e respons\u00e1vel por proteger, preservar, conservar, controlar e recuperar o patrim\u00f4nio ambiental paranaense, buscando melhor qualidade de vida e o desenvolvimento sustent\u00e1vel com a participa\u00e7\u00e3o da sociedade.<\/p>\n\n\n\n<p><strong>CONCURSO&nbsp;<\/strong>\u2013 O processo seletivo contou originalmente com 12.555 inscritos, que fizeram as provas em Cascavel, Curitiba e Maring\u00e1 no dia 1\u00ba de agosto de 2021.&nbsp;Na ocasi\u00e3o, 130 pessoas foram chamadas: t\u00e9cnicos de manejo e meio ambiente (26), engenheiros qu\u00edmicos (19), engenheiros florestais (16), engenheiros agr\u00f4nomos (20), ge\u00f3logos (8), bi\u00f3logos (8), qu\u00edmicos (5), engenheiros civis (17), soci\u00f3logos (1), ge\u00f3grafos (3), engenheiros cartogr\u00e1ficos (4), arquitetos (2) e m\u00e9dico veterin\u00e1rio (1).<\/p>\n\n\n\n<p>O IAT tem uma defasagem de pessoal por conta de diversos motivos, como aposentadoria e falecimento. \u201cTeremos um apoio e suporte ainda maior com esse pessoal novo que est\u00e1 chegando para ajudar no dia a dia do instituto\u201d, refor\u00e7ou Souza.<\/p>\n\n\n\n<p>AEN<\/p>\n","protected":false},"excerpt":{"rendered":"<p>O Governo do Estado divulgou nesta sexta-feira (19), por meio do&nbsp;Decreto n\u00ba 2.079\/23&nbsp;, uma nova lista de candidatos aprovados no concurso de 2021 do Instituto \u00c1gua e Terra (IAT), vinculado \u00e0 Secretaria do Desenvolvimento Sustent\u00e1vel. Ao todo, 16 pessoas foram convocadas nesta segunda chamada, entre engenheiros florestais (4), engenheiros agr\u00f4nomos (2), engenheiros civis (5), t\u00e9cnicos [&hellip;]<\/p>\n","protected":false},"author":2,"featured_media":48160,"comment_status":"open","ping_status":"open","sticky":false,"template":"","format":"standard","meta":{"advanced_seo_description":"","jetpack_seo_html_title":"","jetpack_seo_noindex":false,"_jetpack_memberships_contains_paid_content":false,"footnotes":""},"categories":[34],"tags":[],"class_list":{"0":"post-48159","1":"post","2":"type-post","3":"status-publish","4":"format-standard","5":"has-post-thumbnail","7":"category-meio-ambiente"},"jetpack_featured_media_url":"https:\/\/www.paranapraia.com.br\/wp-content\/uploads\/2023\/05\/60e714c7099d2-geologia_-_iat_0-scaled.jpg","jetpack_sharing_enabled":true,"_links":{"self":[{"href":"https:\/\/www.paranapraia.com.br\/index.php\/wp-json\/wp\/v2\/posts\/48159"}],"collection":[{"href":"https:\/\/www.paranapraia.com.br\/index.php\/wp-json\/wp\/v2\/posts"}],"about":[{"href":"https:\/\/www.paranapraia.com.br\/index.php\/wp-json\/wp\/v2\/types\/post"}],"author":[{"embeddable":true,"href":"https:\/\/www.paranapraia.com.br\/index.php\/wp-json\/wp\/v2\/users\/2"}],"replies":[{"embeddable":true,"href":"https:\/\/www.paranapraia.com.br\/index.php\/wp-json\/wp\/v2\/comments?post=48159"}],"version-history":[{"count":1,"href":"https:\/\/www.paranapraia.com.br\/index.php\/wp-json\/wp\/v2\/posts\/48159\/revisions"}],"predecessor-version":[{"id":48161,"href":"https:\/\/www.paranapraia.com.br\/index.php\/wp-json\/wp\/v2\/posts\/48159\/revisions\/48161"}],"wp:featuredmedia":[{"embeddable":true,"href":"https:\/\/www.paranapraia.com.br\/index.php\/wp-json\/wp\/v2\/media\/48160"}],"wp:attachment":[{"href":"https:\/\/www.paranapraia.com.br\/index.php\/wp-json\/wp\/v2\/media?parent=48159"}],"wp:term":[{"taxonomy":"category","embeddable":true,"href":"https:\/\/www.paranapraia.com.br\/index.php\/wp-json\/wp\/v2\/categories?post=48159"},{"taxonomy":"post_tag","embeddable":true,"href":"https:\/\/www.paranapraia.com.br\/index.php\/wp-json\/wp\/v2\/tags?post=48159"}],"curies":[{"name":"wp","href":"https:\/\/api.w.org\/{rel}","templated":true}]}}