{"id":48156,"date":"2023-05-19T12:21:27","date_gmt":"2023-05-19T15:21:27","guid":{"rendered":"https:\/\/www.paranapraia.com.br\/?p=48156"},"modified":"2023-05-19T12:21:28","modified_gmt":"2023-05-19T15:21:28","slug":"educacao-divulga-classificados-para-segunda-fase-das-olimpiadas-de-matematica","status":"publish","type":"post","link":"https:\/\/www.paranapraia.com.br\/index.php\/2023\/05\/19\/educacao-divulga-classificados-para-segunda-fase-das-olimpiadas-de-matematica\/","title":{"rendered":"Educa\u00e7\u00e3o divulga classificados para segunda fase das Olimp\u00edadas de Matem\u00e1tica"},"content":{"rendered":"\n<p>A partir desta sexta-feira (19), alunos e educadores podem conferir o resultado da primeira etapa da Olimp\u00edada de Matem\u00e1tica das Escolas Estaduais do Paran\u00e1 (Omap), promovida pela Secretaria de Estado da Educa\u00e7\u00e3o (Seed-PR) com o apoio da Sociedade Brasileira de Matem\u00e1tica (SBM). O resultado est\u00e1 dispon\u00edvel&nbsp;<a href=\"https:\/\/www.educacao.pr.gov.br\/sites\/default\/arquivos_restritos\/files\/documento\/2023-05\/resultado_%20primeira_%20etapa_%20OMAP_2023.pdf_1.pdf\" target=\"_blank\" rel=\"noreferrer noopener\"><strong>AQUI<\/strong><\/a>&nbsp;e tamb\u00e9m pode ser acessado por diretores e embaixadores da Omap por meio do Power BI.<\/p>\n\n\n\n<p>Todos os alunos do 6\u00ba ano do ensino fundamental \u00e0 3\u00aa s\u00e9rie do ensino m\u00e9dio da rede estadual que fizeram a Prova Paran\u00e1, que aconteceu nos dias 26 e 27 de abril, estavam automaticamente participando da olimp\u00edada. Passaram para a segunda etapa 10% destes estudantes \u2014 aqueles de cada ano\/s\u00e9rie com maior n\u00famero de acertos na prova de Matem\u00e1tica em cada N\u00facleo Regional de Educa\u00e7\u00e3o (NRE).<\/p>\n\n\n\n<p>Vit\u00f3ria Silva Batista, que estuda na 1\u00aa s\u00e9rie do ensino m\u00e9dio no Col\u00e9gio Estadual Dom \u00c1ttico Euz\u00e9bio da Rocha, em Curitiba, foi uma das estudantes que passaram para a segunda fase. Mesmo tendo estudado bastante, com o caderno repleto de anota\u00e7\u00f5es e com todas as li\u00e7\u00f5es em dia, ela conta que ficou ansiosa com a prova. Por\u00e9m, ao iniciar a avalia\u00e7\u00e3o, percebeu que j\u00e1 conhecia todo o conte\u00fado e conseguiu responder as quest\u00f5es com tranquilidade.<\/p>\n\n\n\n<p>\u201cFiquei muito feliz que passei da primeira fase e espero passar da segunda. Sei que vou conseguir\u201d, diz a estudante, que aprendeu com o tempo a gostar da disciplina. \u201cQuando eu era mais nova, Matem\u00e1tica n\u00e3o era um assunto f\u00e1cil para mim, era um bicho de sete cabe\u00e7as. At\u00e9 que uma professora, no 6\u00ba ano, me perguntou por que eu desistia. A\u00ed ela me contou que n\u00e3o existe s\u00f3 uma forma de entender a Matem\u00e1tica e que nada mais \u00e9 do que esfor\u00e7o, e encontrar a sua forma de resolver\u201d.<\/p>\n\n\n\n<p>A segunda fase da Omap, que acontece entre os dias 12 e 16 de junho, consiste numa avalia\u00e7\u00e3o online com conte\u00fados correspondentes \u00e0 s\u00e9rie\/ano do estudante. A prova ser\u00e1 aplicada nas escolas dos estudantes participantes. Os 5% de alunos com maior n\u00famero de acertos em cada ano\/s\u00e9rie nessa prova ser\u00e3o encaminhados para a terceira e \u00faltima fase da competi\u00e7\u00e3o. Os resultados dessa etapa devem ser divulgados a partir de 28 de junho.<\/p>\n\n\n\n<p>A \u00faltima fase da Omap, tamb\u00e9m aplicada na pr\u00f3pria escola do estudante, entre os dias 31 de julho e 4 de agosto, com divulga\u00e7\u00e3o de resultado a partir de 10 de agosto. Ser\u00e3o premiados em 1\u00ba lugar os estudantes que estiverem dentro dos 3% com mais acertos; em segundo, aqueles que estiverem entre os 6% com mais acertos; e em terceiro lugar, os que estiverem entre os 10%.<\/p>\n\n\n\n<p>Os alunos classificados no 1\u00ba lugar ser\u00e3o convidados para participar de um curso de imers\u00e3o para aprofundamento dos conhecimentos matem\u00e1ticos, com data a ser definida. Al\u00e9m disso, 120 dos estudantes com melhor desempenho, ser\u00e3o inscritos na Olimp\u00edada Brasileira de Matem\u00e1tica. As vagas s\u00e3o distribu\u00eddas por NRE (N\u00facleo Regional) e por n\u00edvel \u2014 n\u00edvel I: do 6\u00ba ao 7\u00ba ano; n\u00edvel II: do 8\u00ba ao 9\u00ba ano; e n\u00edvel III: ensino m\u00e9dio. \u00c9 poss\u00edvel conferir a quantidade de vagas de cada NRE\u00a0<strong><a rel=\"noreferrer noopener\" href=\"https:\/\/www.educacao.pr.gov.br\/sites\/default\/arquivos_restritos\/files\/documento\/2023-05\/regulamento_OMAP_2023.pdf\" target=\"_blank\">no regulamento<\/a><\/strong>.<\/p>\n\n\n\n<p>AEN<\/p>\n","protected":false},"excerpt":{"rendered":"<p>A partir desta sexta-feira (19), alunos e educadores podem conferir o resultado da primeira etapa da Olimp\u00edada de Matem\u00e1tica das Escolas Estaduais do Paran\u00e1 (Omap), promovida pela Secretaria de Estado da Educa\u00e7\u00e3o (Seed-PR) com o apoio da Sociedade Brasileira de Matem\u00e1tica (SBM). O resultado est\u00e1 dispon\u00edvel&nbsp;AQUI&nbsp;e tamb\u00e9m pode ser acessado por diretores e embaixadores da [&hellip;]<\/p>\n","protected":false},"author":2,"featured_media":48157,"comment_status":"open","ping_status":"open","sticky":false,"template":"","format":"standard","meta":{"advanced_seo_description":"","jetpack_seo_html_title":"","jetpack_seo_noindex":false,"_jetpack_memberships_contains_paid_content":false,"footnotes":""},"categories":[72],"tags":[],"class_list":{"0":"post-48156","1":"post","2":"type-post","3":"status-publish","4":"format-standard","5":"has-post-thumbnail","7":"category-educacao"},"jetpack_featured_media_url":"https:\/\/www.paranapraia.com.br\/wp-content\/uploads\/2023\/05\/prova_parana_-_felipe_barboza_-_2-scaled.jpg","jetpack_sharing_enabled":true,"_links":{"self":[{"href":"https:\/\/www.paranapraia.com.br\/index.php\/wp-json\/wp\/v2\/posts\/48156"}],"collection":[{"href":"https:\/\/www.paranapraia.com.br\/index.php\/wp-json\/wp\/v2\/posts"}],"about":[{"href":"https:\/\/www.paranapraia.com.br\/index.php\/wp-json\/wp\/v2\/types\/post"}],"author":[{"embeddable":true,"href":"https:\/\/www.paranapraia.com.br\/index.php\/wp-json\/wp\/v2\/users\/2"}],"replies":[{"embeddable":true,"href":"https:\/\/www.paranapraia.com.br\/index.php\/wp-json\/wp\/v2\/comments?post=48156"}],"version-history":[{"count":1,"href":"https:\/\/www.paranapraia.com.br\/index.php\/wp-json\/wp\/v2\/posts\/48156\/revisions"}],"predecessor-version":[{"id":48158,"href":"https:\/\/www.paranapraia.com.br\/index.php\/wp-json\/wp\/v2\/posts\/48156\/revisions\/48158"}],"wp:featuredmedia":[{"embeddable":true,"href":"https:\/\/www.paranapraia.com.br\/index.php\/wp-json\/wp\/v2\/media\/48157"}],"wp:attachment":[{"href":"https:\/\/www.paranapraia.com.br\/index.php\/wp-json\/wp\/v2\/media?parent=48156"}],"wp:term":[{"taxonomy":"category","embeddable":true,"href":"https:\/\/www.paranapraia.com.br\/index.php\/wp-json\/wp\/v2\/categories?post=48156"},{"taxonomy":"post_tag","embeddable":true,"href":"https:\/\/www.paranapraia.com.br\/index.php\/wp-json\/wp\/v2\/tags?post=48156"}],"curies":[{"name":"wp","href":"https:\/\/api.w.org\/{rel}","templated":true}]}}