{"id":48147,"date":"2023-05-19T11:34:11","date_gmt":"2023-05-19T14:34:11","guid":{"rendered":"https:\/\/www.paranapraia.com.br\/?p=48147"},"modified":"2023-05-19T11:34:12","modified_gmt":"2023-05-19T14:34:12","slug":"pm-registra-aumento-de-337-nas-apreensoes-de-embarcacoes-nas-fronteiras-no-1o-quadrimestre","status":"publish","type":"post","link":"https:\/\/www.paranapraia.com.br\/index.php\/2023\/05\/19\/pm-registra-aumento-de-337-nas-apreensoes-de-embarcacoes-nas-fronteiras-no-1o-quadrimestre\/","title":{"rendered":"PM registra aumento de 337% nas apreens\u00f5es de embarca\u00e7\u00f5es nas fronteiras no 1\u00ba quadrimestre"},"content":{"rendered":"\n<p>O Batalh\u00e3o de Pol\u00edcia de Fronteira (BPFron\/CME) da Pol\u00edcia Militar do Paran\u00e1 registrou um aumento de 337% nas apreens\u00f5es de embarca\u00e7\u00f5es nas fronteiras com Argentina e Paraguai durante o primeiro quadrimestre deste ano, em compara\u00e7\u00e3o ao mesmo per\u00edodo de 2022. Elas s\u00e3o utilizadas para contrabando e tr\u00e1fico de drogas, armas e demais mercadorias ilegais.<\/p>\n\n\n\n<p>De acordo com os dados da PMPR, o n\u00famero saltou de 8, em 2022, para 35 em 2023, o que demonstra o esfor\u00e7o das autoridades em combater este transporte.<\/p>\n\n\n\n<p>O tenente Vitor Cristiano Dorecki, comandante do Pelot\u00e3o Corpo de Opera\u00e7\u00f5es de Busca e Repress\u00e3o Aqu\u00e1tica do Batalh\u00e3o de Pol\u00edcia de Fronteira (Cobra), do BPFRON, disse que o salto nas apreens\u00f5es de embarca\u00e7\u00f5es \u00e9 reflexo da efic\u00e1cia das opera\u00e7\u00f5es de seguran\u00e7a e fiscaliza\u00e7\u00e3o.<\/p>\n\n\n\n<p>Com o uso de tecnologias avan\u00e7adas, \u00e9 poss\u00edvel identificar e interceptar os barcos que transportam produtos ilegais, muitas vezes antes mesmo de atracarem em portos clandestinos no lado brasileiro. As intercepta\u00e7\u00f5es ocorrem nas \u00e1guas dos rios, lagos e em terra em regi\u00f5es ribeirinhas.<\/p>\n\n\n\n<p>\u201cAl\u00e9m de impedir a distribui\u00e7\u00e3o de produtos ilegais, a perda da embarca\u00e7\u00e3o representa um grande transtorno para os infratores. Essa interrup\u00e7\u00e3o no fluxo ilegal de mercadorias dificulta a log\u00edstica dos criminosos e contribui para enfraquecer suas estruturas\u201d, ressalta o tenente.<\/p>\n\n\n\n<p>O trabalho \u00e9 realizado de forma integrada. Envolve o entre o Batalh\u00e3o de Pol\u00edcia de Fronteira, as unidades da Pol\u00edcia Militar do Paran\u00e1 e demais for\u00e7as de seguran\u00e7a, como Pol\u00edcia Civil e Pol\u00edcia Federal. Essa atua\u00e7\u00e3o conjunta \u00e9 essencial para o sucesso dessas opera\u00e7\u00f5es e para garantir a seguran\u00e7a das fronteiras do Paran\u00e1.<\/p>\n\n\n\n<p>AEN<\/p>\n","protected":false},"excerpt":{"rendered":"<p>O Batalh\u00e3o de Pol\u00edcia de Fronteira (BPFron\/CME) da Pol\u00edcia Militar do Paran\u00e1 registrou um aumento de 337% nas apreens\u00f5es de embarca\u00e7\u00f5es nas fronteiras com Argentina e Paraguai durante o primeiro quadrimestre deste ano, em compara\u00e7\u00e3o ao mesmo per\u00edodo de 2022. Elas s\u00e3o utilizadas para contrabando e tr\u00e1fico de drogas, armas e demais mercadorias ilegais. De [&hellip;]<\/p>\n","protected":false},"author":2,"featured_media":48148,"comment_status":"open","ping_status":"open","sticky":false,"template":"","format":"standard","meta":{"advanced_seo_description":"","jetpack_seo_html_title":"","jetpack_seo_noindex":false,"_jetpack_memberships_contains_paid_content":false,"footnotes":""},"categories":[33],"tags":[],"class_list":{"0":"post-48147","1":"post","2":"type-post","3":"status-publish","4":"format-standard","5":"has-post-thumbnail","7":"category-policia"},"jetpack_featured_media_url":"https:\/\/www.paranapraia.com.br\/wp-content\/uploads\/2023\/05\/whatsapp_image_2023-05-19_at_09.10.12.jpg","jetpack_sharing_enabled":true,"_links":{"self":[{"href":"https:\/\/www.paranapraia.com.br\/index.php\/wp-json\/wp\/v2\/posts\/48147"}],"collection":[{"href":"https:\/\/www.paranapraia.com.br\/index.php\/wp-json\/wp\/v2\/posts"}],"about":[{"href":"https:\/\/www.paranapraia.com.br\/index.php\/wp-json\/wp\/v2\/types\/post"}],"author":[{"embeddable":true,"href":"https:\/\/www.paranapraia.com.br\/index.php\/wp-json\/wp\/v2\/users\/2"}],"replies":[{"embeddable":true,"href":"https:\/\/www.paranapraia.com.br\/index.php\/wp-json\/wp\/v2\/comments?post=48147"}],"version-history":[{"count":1,"href":"https:\/\/www.paranapraia.com.br\/index.php\/wp-json\/wp\/v2\/posts\/48147\/revisions"}],"predecessor-version":[{"id":48149,"href":"https:\/\/www.paranapraia.com.br\/index.php\/wp-json\/wp\/v2\/posts\/48147\/revisions\/48149"}],"wp:featuredmedia":[{"embeddable":true,"href":"https:\/\/www.paranapraia.com.br\/index.php\/wp-json\/wp\/v2\/media\/48148"}],"wp:attachment":[{"href":"https:\/\/www.paranapraia.com.br\/index.php\/wp-json\/wp\/v2\/media?parent=48147"}],"wp:term":[{"taxonomy":"category","embeddable":true,"href":"https:\/\/www.paranapraia.com.br\/index.php\/wp-json\/wp\/v2\/categories?post=48147"},{"taxonomy":"post_tag","embeddable":true,"href":"https:\/\/www.paranapraia.com.br\/index.php\/wp-json\/wp\/v2\/tags?post=48147"}],"curies":[{"name":"wp","href":"https:\/\/api.w.org\/{rel}","templated":true}]}}