{"id":48129,"date":"2023-05-19T10:44:29","date_gmt":"2023-05-19T13:44:29","guid":{"rendered":"https:\/\/www.paranapraia.com.br\/?p=48129"},"modified":"2023-05-19T10:44:30","modified_gmt":"2023-05-19T13:44:30","slug":"com-foco-no-turismo-religioso-governo-libera-r-11-milhao-para-o-municipio-de-lunardelli","status":"publish","type":"post","link":"https:\/\/www.paranapraia.com.br\/index.php\/2023\/05\/19\/com-foco-no-turismo-religioso-governo-libera-r-11-milhao-para-o-municipio-de-lunardelli\/","title":{"rendered":"Com foco no turismo religioso, Governo libera R$ 1,1 milh\u00e3o para o munic\u00edpio de Lunardelli"},"content":{"rendered":"\n<p>Lunardelli, na regi\u00e3o Norte, conhecida como Capital Paranaense da F\u00e9, ganha do Governo do Estado um importante equipamento para estimular o setor da economia do munic\u00edpio voltado para o turismo religioso. <\/p>\n\n\n\n<figure class=\"wp-block-image size-large\"><img loading=\"lazy\" decoding=\"async\" width=\"1024\" height=\"683\" src=\"https:\/\/www.paranapraia.com.br\/wp-content\/uploads\/2023\/05\/lunardeli-1024x683.jpg\" alt=\"\" class=\"wp-image-48130\" srcset=\"https:\/\/www.paranapraia.com.br\/wp-content\/uploads\/2023\/05\/lunardeli-1024x683.jpg 1024w, https:\/\/www.paranapraia.com.br\/wp-content\/uploads\/2023\/05\/lunardeli-300x200.jpg 300w, https:\/\/www.paranapraia.com.br\/wp-content\/uploads\/2023\/05\/lunardeli-768x512.jpg 768w, https:\/\/www.paranapraia.com.br\/wp-content\/uploads\/2023\/05\/lunardeli-1536x1024.jpg 1536w, https:\/\/www.paranapraia.com.br\/wp-content\/uploads\/2023\/05\/lunardeli-696x464.jpg 696w, https:\/\/www.paranapraia.com.br\/wp-content\/uploads\/2023\/05\/lunardeli-1068x712.jpg 1068w, https:\/\/www.paranapraia.com.br\/wp-content\/uploads\/2023\/05\/lunardeli-630x420.jpg 630w, https:\/\/www.paranapraia.com.br\/wp-content\/uploads\/2023\/05\/lunardeli.jpg 1599w\" sizes=\"(max-width: 1024px) 100vw, 1024px\" \/><figcaption class=\"wp-element-caption\">Eduardo Pimentel com o prefeito de Lunardelli, Reinaldo Grolla.<\/figcaption><\/figure>\n\n\n\n<p>A Secretaria de Estado das Cidades entregou edital no valor de R$1.105.107,48 que autoriza a licita\u00e7\u00e3o da obra de cobertura do Centro Multiuso, na Pra\u00e7a Geremias Lunardelli, local de concentra\u00e7\u00e3o de visitantes e de venda de produtos artesanais.<\/p>\n\n\n\n<p>\u201cO turismo \u00e9 uma atividade importante e que recebe a aten\u00e7\u00e3o especial do governador Ratinho Junior, por ser uma atividade limpa, que atende os padr\u00f5es de sustentabilidade e, ao mesmo tempo, gera empregos e renda. Essa obra ir\u00e1 ajudar na recep\u00e7\u00e3o das pessoas e estimular a economia local\u201d, afirmou o secret\u00e1rio Eduardo Pimentel.<\/p>\n\n\n\n<p>O Centro Multiuso ser\u00e1 organizado a partir da constru\u00e7\u00e3o de uma cobertura de 1.200 m\u00b2 para promo\u00e7\u00e3o de feiras e outros eventos. Atualmente, a Feira de Artesanato que acontece nos finais de semana re\u00fane cerca de 40 artes\u00e3os e artistas locais.<\/p>\n\n\n\n<p>O projeto contempla servi\u00e7os de drenagem, a implanta\u00e7\u00e3o de instala\u00e7\u00f5es el\u00e9tricas, de telefonia, sistemas de prote\u00e7\u00e3o e de preven\u00e7\u00e3o a inc\u00eandios; instala\u00e7\u00f5es hidro-sanit\u00e1rias, revestimentos, impermeabiliza\u00e7\u00f5es; pavimenta\u00e7\u00e3o, cal\u00e7amento e paisagismo.<\/p>\n\n\n\n<p>A entrega do edital aconteceu na Secretaria das Cidades (Secid), em Curitiba. Os recursos s\u00e3o do Programa de Transfer\u00eancia Volunt\u00e1ria e n\u00e3o precisam ser devolvidos ao Tesouro do Estado.<\/p>\n\n\n\n<p>De acordo com o prefeito Reinaldo Grola, a atividade tur\u00edstica est\u00e1 em crescimento no munic\u00edpio, o que faz do investimento em infraestrutura uma necessidade. \u201cNosso munic\u00edpio recebe cerca de 400 mil pessoas de janeiro a dezembro, n\u00famero que cresce todos os anos. \u00c9 importante investir em infraestrutura para receber melhor aqueles que nos visitam\u201d, disse.<\/p>\n\n\n\n<p>Todos os domingos, a cidade recebe romeiros que visitam o Monumento do Milagre da Rosa, a Gruta de Santa Rita de C\u00e1ssia e a Sala dos Milagres. H\u00e1, ainda, a Pra\u00e7a de Santa Rita, onde acontecem prociss\u00f5es luminosas e a queima de fogos de artif\u00edcio, todos os meses, sempre no dia 22.<\/p>\n\n\n\n<p>TRILHAS \u2013 Outras atra\u00e7\u00f5es est\u00e3o na \u00e1rea rural do munic\u00edpio. Nas Reservas Mata Su\u00ed\u00e7a I e II, localizadas nas fazendas Urutagu\u00e1 e Ub\u00e1, \u00e9 poss\u00edvel passear por trilhas em meio \u00e0 mata e visitar cachoeiras, onde h\u00e1 locais espec\u00edficos para o banho. O Recanto Serra Azul \u00e9 outra op\u00e7\u00e3o. L\u00e1 \u00e9 poss\u00edvel experimentar a gastronomia t\u00edpica da regi\u00e3o.<\/p>\n\n\n\n<p>AEN<\/p>\n","protected":false},"excerpt":{"rendered":"<p>Lunardelli, na regi\u00e3o Norte, conhecida como Capital Paranaense da F\u00e9, ganha do Governo do Estado um importante equipamento para estimular o setor da economia do munic\u00edpio voltado para o turismo religioso. A Secretaria de Estado das Cidades entregou edital no valor de R$1.105.107,48 que autoriza a licita\u00e7\u00e3o da obra de cobertura do Centro Multiuso, na [&hellip;]<\/p>\n","protected":false},"author":2,"featured_media":48131,"comment_status":"open","ping_status":"open","sticky":false,"template":"","format":"standard","meta":{"advanced_seo_description":"","jetpack_seo_html_title":"","jetpack_seo_noindex":false,"_jetpack_memberships_contains_paid_content":false,"footnotes":""},"categories":[38],"tags":[],"class_list":{"0":"post-48129","1":"post","2":"type-post","3":"status-publish","4":"format-standard","5":"has-post-thumbnail","7":"category-turismo"},"jetpack_featured_media_url":"https:\/\/www.paranapraia.com.br\/wp-content\/uploads\/2023\/05\/images-5.jpeg","jetpack_sharing_enabled":true,"_links":{"self":[{"href":"https:\/\/www.paranapraia.com.br\/index.php\/wp-json\/wp\/v2\/posts\/48129"}],"collection":[{"href":"https:\/\/www.paranapraia.com.br\/index.php\/wp-json\/wp\/v2\/posts"}],"about":[{"href":"https:\/\/www.paranapraia.com.br\/index.php\/wp-json\/wp\/v2\/types\/post"}],"author":[{"embeddable":true,"href":"https:\/\/www.paranapraia.com.br\/index.php\/wp-json\/wp\/v2\/users\/2"}],"replies":[{"embeddable":true,"href":"https:\/\/www.paranapraia.com.br\/index.php\/wp-json\/wp\/v2\/comments?post=48129"}],"version-history":[{"count":1,"href":"https:\/\/www.paranapraia.com.br\/index.php\/wp-json\/wp\/v2\/posts\/48129\/revisions"}],"predecessor-version":[{"id":48132,"href":"https:\/\/www.paranapraia.com.br\/index.php\/wp-json\/wp\/v2\/posts\/48129\/revisions\/48132"}],"wp:featuredmedia":[{"embeddable":true,"href":"https:\/\/www.paranapraia.com.br\/index.php\/wp-json\/wp\/v2\/media\/48131"}],"wp:attachment":[{"href":"https:\/\/www.paranapraia.com.br\/index.php\/wp-json\/wp\/v2\/media?parent=48129"}],"wp:term":[{"taxonomy":"category","embeddable":true,"href":"https:\/\/www.paranapraia.com.br\/index.php\/wp-json\/wp\/v2\/categories?post=48129"},{"taxonomy":"post_tag","embeddable":true,"href":"https:\/\/www.paranapraia.com.br\/index.php\/wp-json\/wp\/v2\/tags?post=48129"}],"curies":[{"name":"wp","href":"https:\/\/api.w.org\/{rel}","templated":true}]}}