{"id":47998,"date":"2023-05-17T17:42:12","date_gmt":"2023-05-17T20:42:12","guid":{"rendered":"https:\/\/www.paranapraia.com.br\/?p=47998"},"modified":"2023-05-17T17:42:13","modified_gmt":"2023-05-17T20:42:13","slug":"procon-pr-notifica-distribuidoras-para-adequacao-dos-precos-dos-combustiveis","status":"publish","type":"post","link":"https:\/\/www.paranapraia.com.br\/index.php\/2023\/05\/17\/procon-pr-notifica-distribuidoras-para-adequacao-dos-precos-dos-combustiveis\/","title":{"rendered":"Procon-PR notifica distribuidoras para adequa\u00e7\u00e3o dos pre\u00e7os dos combust\u00edveis"},"content":{"rendered":"\n<p>A Secretaria de Estado da Justi\u00e7a e Cidadania (Seju), por meio da Coordena\u00e7\u00e3o Estadual de Prote\u00e7\u00e3o e Defesa do Consumidor (Procon-PR), notificou, nesta quarta-feira (17), onze empresas distribuidoras do Paran\u00e1 para que comprovem a adequa\u00e7\u00e3o dos pre\u00e7os dos combust\u00edveis.&nbsp;Essa a\u00e7\u00e3o faz parte de uma s\u00e9rie de medidas de \u00e2mbito estadual ap\u00f3s o an\u00fancio da nova pol\u00edtica de pre\u00e7os da Petrobras, seguindo a orienta\u00e7\u00e3o t\u00e9cnica da Secretaria Nacional do Consumidor (Senacon) do Minist\u00e9rio da Justi\u00e7a.&nbsp;<\/p>\n\n\n\n<p>De acordo com a notifica\u00e7\u00e3o, as empresas que realizam a distribui\u00e7\u00e3o de combust\u00edveis no Paran\u00e1 t\u00eam prazo de 20 dias para apresentar documenta\u00e7\u00e3o comprobat\u00f3ria da adequa\u00e7\u00e3o de pre\u00e7os.&nbsp;A medida deve garantir que a redu\u00e7\u00e3o dos pre\u00e7os chegue at\u00e9 o n\u00edvel do varejo. O Procon vai comparar as notas fiscais e os pre\u00e7os exercidos antes e depois do an\u00fancio, que ocorreu na ter\u00e7a-feira (16).<\/p>\n\n\n\n<p>Tamb\u00e9m est\u00e3o previstas opera\u00e7\u00f5es de fiscaliza\u00e7\u00e3o nos postos de combust\u00edveis por meio dos Procons Municipais e o monitoramento dos pre\u00e7os praticados atrav\u00e9s do aplicativo Menor Pre\u00e7o, do Nota Paran\u00e1, da Secretaria de Estado da Fazenda.<\/p>\n\n\n\n<p>\u201cA nossa inten\u00e7\u00e3o \u00e9 clara e direta, se baixou o pre\u00e7o pelas empresas que produzem os combust\u00edveis, essa redu\u00e7\u00e3o tem que chegar no bolso do consumidor. O Governo do Estado, seguindo as orienta\u00e7\u00f5es da Senacon, est\u00e1 trabalhando para garantir a adequa\u00e7\u00e3o dos pre\u00e7os e evitar abusos nas distribuidoras e nos postos de gasolina\u201d, afirmou Santin Roveda, secret\u00e1rio de Justi\u00e7a e Cidadania.<\/p>\n\n\n\n<p>\u201cEssa medida beneficia tanto os consumidores, que ter\u00e3o acesso a pre\u00e7os menores nas bombas, quanto os pr\u00f3prios postos de combust\u00edvel, pois impede que as distribuidoras n\u00e3o realizem a redu\u00e7\u00e3o dos pre\u00e7os\u201d, explica a coordenadora do Procon-PR, Claudia Silvano.<\/p>\n\n\n\n<p>\u201cMuitas vezes, quando h\u00e1 an\u00fancios de redu\u00e7\u00e3o de pre\u00e7os do combust\u00edveis em decorr\u00eancia de mudan\u00e7a no c\u00e1lculo ou de alguma desonera\u00e7\u00e3o fiscal, algumas empresas reajustam os pre\u00e7os imediatamente antes da vig\u00eancia da redu\u00e7\u00e3o, o que diminui o impacto da mesma tanto para o comerciante quanto para o consumidor\u201d, relata.<\/p>\n\n\n\n<p><strong>POSTOS DE GASOLINA<\/strong>&nbsp;\u2013 A Seju orientou o Procon-PR e os Procons Municipais para a realiza\u00e7\u00e3o de fiscaliza\u00e7\u00f5es para verifica\u00e7\u00e3o dos pre\u00e7os nos postos de combust\u00edveis. O Procon-PR, respons\u00e1vel por Curitiba, ter\u00e1 duas equipes t\u00e9cnicas realizando presencialmente essa fiscaliza\u00e7\u00e3o e monitorando os pre\u00e7os a partir desta quinta-feira (18).&nbsp;<\/p>\n\n\n\n<p>A popula\u00e7\u00e3o pode ajudar no monitoramento atrav\u00e9s da utiliza\u00e7\u00e3o do aplicativo Menor Pre\u00e7o, do Nota Paran\u00e1. Ele conta uma aba \u2018hist\u00f3rico\u2019, onde os consumidores podem verificar se houve redu\u00e7\u00e3o de pre\u00e7os dos combust\u00edveis nos postos cadastrados.<\/p>\n\n\n\n<p>\u201cCom o aplicativo a popula\u00e7\u00e3o ao mesmo tempo que evita pagar pre\u00e7os abusivos, ajuda o Estado a monitorar os pre\u00e7os, pois ele funciona de maneira colaborativa. O Governo do Estado est\u00e1 colhendo os frutos de ter investido fortemente em tecnologia e inova\u00e7\u00e3o em benef\u00edcio dos consumidores\u201d, destaca Santin Roveda.<\/p>\n\n\n\n<p>O Menor Pre\u00e7o utiliza o valor registrado nas notas fiscais emitidas pelos estabelecimentos comerciais, o que traz seguran\u00e7a ao consumidor na hora da compra.<\/p>\n\n\n\n<p>O uso do aplicativo \u00e9 simples. O consumidor baixa o app no celular, dispon\u00edvel para Android e iOS, e escaneia o c\u00f3digo de barras do produto desejado, ou digita o nome do item, e o aplicativo mostra os pre\u00e7os praticados pelos estabelecimentos cadastrados.<\/p>\n\n\n\n<p>AEN<\/p>\n","protected":false},"excerpt":{"rendered":"<p>A Secretaria de Estado da Justi\u00e7a e Cidadania (Seju), por meio da Coordena\u00e7\u00e3o Estadual de Prote\u00e7\u00e3o e Defesa do Consumidor (Procon-PR), notificou, nesta quarta-feira (17), onze empresas distribuidoras do Paran\u00e1 para que comprovem a adequa\u00e7\u00e3o dos pre\u00e7os dos combust\u00edveis.&nbsp;Essa a\u00e7\u00e3o faz parte de uma s\u00e9rie de medidas de \u00e2mbito estadual ap\u00f3s o an\u00fancio da nova [&hellip;]<\/p>\n","protected":false},"author":2,"featured_media":47999,"comment_status":"open","ping_status":"open","sticky":false,"template":"","format":"standard","meta":{"advanced_seo_description":"","jetpack_seo_html_title":"","jetpack_seo_noindex":false,"_jetpack_memberships_contains_paid_content":false,"footnotes":""},"categories":[40],"tags":[],"class_list":{"0":"post-47998","1":"post","2":"type-post","3":"status-publish","4":"format-standard","5":"has-post-thumbnail","7":"category-destaques"},"jetpack_featured_media_url":"https:\/\/www.paranapraia.com.br\/wp-content\/uploads\/2023\/05\/whatsapp_image_2023-05-17_at_17.25.53.jpg","jetpack_sharing_enabled":true,"_links":{"self":[{"href":"https:\/\/www.paranapraia.com.br\/index.php\/wp-json\/wp\/v2\/posts\/47998"}],"collection":[{"href":"https:\/\/www.paranapraia.com.br\/index.php\/wp-json\/wp\/v2\/posts"}],"about":[{"href":"https:\/\/www.paranapraia.com.br\/index.php\/wp-json\/wp\/v2\/types\/post"}],"author":[{"embeddable":true,"href":"https:\/\/www.paranapraia.com.br\/index.php\/wp-json\/wp\/v2\/users\/2"}],"replies":[{"embeddable":true,"href":"https:\/\/www.paranapraia.com.br\/index.php\/wp-json\/wp\/v2\/comments?post=47998"}],"version-history":[{"count":1,"href":"https:\/\/www.paranapraia.com.br\/index.php\/wp-json\/wp\/v2\/posts\/47998\/revisions"}],"predecessor-version":[{"id":48000,"href":"https:\/\/www.paranapraia.com.br\/index.php\/wp-json\/wp\/v2\/posts\/47998\/revisions\/48000"}],"wp:featuredmedia":[{"embeddable":true,"href":"https:\/\/www.paranapraia.com.br\/index.php\/wp-json\/wp\/v2\/media\/47999"}],"wp:attachment":[{"href":"https:\/\/www.paranapraia.com.br\/index.php\/wp-json\/wp\/v2\/media?parent=47998"}],"wp:term":[{"taxonomy":"category","embeddable":true,"href":"https:\/\/www.paranapraia.com.br\/index.php\/wp-json\/wp\/v2\/categories?post=47998"},{"taxonomy":"post_tag","embeddable":true,"href":"https:\/\/www.paranapraia.com.br\/index.php\/wp-json\/wp\/v2\/tags?post=47998"}],"curies":[{"name":"wp","href":"https:\/\/api.w.org\/{rel}","templated":true}]}}