{"id":47995,"date":"2023-05-17T17:24:09","date_gmt":"2023-05-17T20:24:09","guid":{"rendered":"https:\/\/www.paranapraia.com.br\/?p=47995"},"modified":"2023-05-17T17:24:10","modified_gmt":"2023-05-17T20:24:10","slug":"governo-comeca-obras-de-microdrenagem-em-matinhos-ultima-fase-da-revitalizacao-da-orla","status":"publish","type":"post","link":"https:\/\/www.paranapraia.com.br\/index.php\/2023\/05\/17\/governo-comeca-obras-de-microdrenagem-em-matinhos-ultima-fase-da-revitalizacao-da-orla\/","title":{"rendered":"Governo come\u00e7a obras de microdrenagem em Matinhos, \u00faltima fase da revitaliza\u00e7\u00e3o da orla"},"content":{"rendered":"\n<p>O Governo do Estado deu in\u00edcio nesta quarta-feira (17) \u00e0s interven\u00e7\u00f5es de microdrenagem em Matinhos, no Litoral do Paran\u00e1. O tempo estimado para a conclus\u00e3o desta fase \u00e9 de 14 meses, com investimento de R$ 39,2 milh\u00f5es. A adequa\u00e7\u00e3o, em conjunto com os servi\u00e7os de macrodrenagem, tem impacto direto no controle das cheias no munic\u00edpio, uma reclama\u00e7\u00e3o antiga de moradores e turistas.<\/p>\n\n\n\n<p>A a\u00e7\u00e3o integra a \u00faltima etapa do pacote de obras de revitaliza\u00e7\u00e3o da orla da cidade, que engloba, entre outros projetos j\u00e1 finalizados ou em andamento,\u00a0a engorda da faixa de areia, reurbaniza\u00e7\u00e3o de parte do munic\u00edpio com plantio de \u00e1rvores nativas, novas sinaliza\u00e7\u00e3o e paisagismo, al\u00e9m de medidas que auxiliam a diminuir os efeitos das ressacas mar\u00edtimas.<\/p>\n\n\n\n<p>De acordo com levantamento recente, mais de 70% das interven\u00e7\u00f5es na orla j\u00e1 foram conclu\u00eddas pelo Cons\u00f3rcio Sambaqui, vencedor da licita\u00e7\u00e3o p\u00fablica. A obra tem finaliza\u00e7\u00e3o prevista para ocorrer no segundo semestre de 2024, com investimento global de R$ 314,9 milh\u00f5es por parte do Governo do Estado.<\/p>\n\n\n\n<p>\u201cEssa era a etapa que ainda n\u00e3o havia come\u00e7ado e que tem um impacto imenso na vida das pessoas, que \u00e9 o que o governador Ratinho Junior nos pede\u201d, disse o diretor-presidente do IAT, Everton Souza. \u201cCostumo dizer que a microdrenagem s\u00e3o como veias que levam a \u00e1gua para grandes recipientes, no caso o Canal da Avenida Paran\u00e1, que est\u00e1 recebendo a macrodrenagem, e o pr\u00f3prio Rio Matinhos. \u00c9 isso que vai fazer com que os alagamentos diminuam no munic\u00edpio&#8221;.<\/p>\n\n\n\n<p>Os trabalhos de microdrenagem foram adiados para evitar transtornos durante a temporada de ver\u00e3o, quando a popula\u00e7\u00e3o flutuante do Litoral tem um aumento significativo. Tamb\u00e9m por causa do impacto no cotidiano da cidade, o servi\u00e7o foi dividido em per\u00edodos.<\/p>\n\n\n\n<p>Come\u00e7a, agora, pela Rua Ponta Grossa. Na sequ\u00eancia as interven\u00e7\u00f5es se concentrar\u00e3o na Avenida Atl\u00e2ntica, no trecho entre as ruas Ponta Grossa e Antonina, no per\u00edodo entre 9 de junho e 7 de julho; no trecho entre as ruas Antonina e Ceciliano Tavares da Avenida Atl\u00e2ntica, entre 10 de julho e 28 de julho; e na Rua Paranagu\u00e1, de 31 de julho a 7 de agosto. Somente ap\u00f3s o fechamento deste cronograma \u00e9 que a interven\u00e7\u00e3o avan\u00e7a para outras vias urbanas.<\/p>\n\n\n\n<p>\u201cEsses servi\u00e7os v\u00e3o diminuir e muito as cheias em toda a regi\u00e3o de Matinhos. S\u00e3o 23 quil\u00f4metros de microdrenagem e mais de mil metros de macrodrenagem\u201d, afirmou o diretor de Saneamento Ambiental e Recursos H\u00eddricos do IAT, Jos\u00e9 Luiz Scroccaro. \u201cEssas fases se completam com a macrodrenagem, escoando a \u00e1gua que recebe do sistema da micro. A integra\u00e7\u00e3o permite ganhar cota, caimento para a \u00e1gua com as canaletas em U. Tudo isso faz com que o escoamento para o mar seja mais r\u00e1pido\u201d.<\/p>\n\n\n\n<p>Segundo ele, a a\u00e7\u00e3o vai garantir per\u00edodos mais constantes sem alagamentos. \u201cClaro que se houver uma chuva de grande intensidade em um curto per\u00edodo de tempo, aliada \u00e0 mar\u00e9 alta, teremos cheias. Mas com um escoamento muito mais r\u00e1pido e eficiente do que o sistema atual\u201d, explicou.<\/p>\n\n\n\n<p>\u201cMatinhos vai se livrar daqueles ac\u00famulos de \u00e1gua que tanto dificultavam o dia a dia da nossa cidade\u201d, afirmou o prefeito Jos\u00e9 Carlos do Esp\u00edrito Santo, o Z\u00e9 da Ecler.<\/p>\n\n\n\n<p><strong>MACRODRENAGEM&nbsp;<\/strong>\u2013 As interven\u00e7\u00f5es de macrodrenagem come\u00e7aram em junho do ano passado e j\u00e1 alcan\u00e7aram 53% de conclus\u00e3o. Elas est\u00e3o sendo feitas ao longo de 1,5 quil\u00f4metro no Canal da Avenida Paran\u00e1, no bairro do Tabuleiro, em Caiob\u00e1. O projeto prev\u00ea deixar o canal com sete metros de largura, em concreto formatado como um U (na base e nas laterais), aumentando a velocidade do escoamento e diminuindo o n\u00edvel de alagamento. O investimento \u00e9 de pouco mais de R$ 10 milh\u00f5es.<\/p>\n\n\n\n<p>O canal da Avenida Paran\u00e1 ter\u00e1 a finalidade de aliviar as \u00e1guas que v\u00e3o para o Rio Matinhos, minimizando as cheias e melhorando a vida de uma grande parcela de moradores do bairro Tabuleiro, um dos mais afetados pelas chuvas.<\/p>\n\n\n\n<p>Matinhos tem por caracter\u00edstica ser bastante plano, o que impacta nos ac\u00famulos de \u00e1gua. O munic\u00edpio conta com tr\u00eas sa\u00eddas principais para o mar, pelos canais do Rio Matinhos, da Avenida Paran\u00e1 e da Avenida Juscelino Kubitschek (JK). Neste \u00faltimo, parte da \u00e1gua des\u00e1gua na prainha e outra no Rio Matinhos.<\/p>\n\n\n\n<p>AEN<\/p>\n","protected":false},"excerpt":{"rendered":"<p>O Governo do Estado deu in\u00edcio nesta quarta-feira (17) \u00e0s interven\u00e7\u00f5es de microdrenagem em Matinhos, no Litoral do Paran\u00e1. O tempo estimado para a conclus\u00e3o desta fase \u00e9 de 14 meses, com investimento de R$ 39,2 milh\u00f5es. A adequa\u00e7\u00e3o, em conjunto com os servi\u00e7os de macrodrenagem, tem impacto direto no controle das cheias no munic\u00edpio, [&hellip;]<\/p>\n","protected":false},"author":2,"featured_media":47996,"comment_status":"open","ping_status":"open","sticky":false,"template":"","format":"standard","meta":{"advanced_seo_description":"","jetpack_seo_html_title":"","jetpack_seo_noindex":false,"_jetpack_memberships_contains_paid_content":false,"footnotes":""},"categories":[40],"tags":[],"class_list":{"0":"post-47995","1":"post","2":"type-post","3":"status-publish","4":"format-standard","5":"has-post-thumbnail","7":"category-destaques"},"jetpack_featured_media_url":"https:\/\/www.paranapraia.com.br\/wp-content\/uploads\/2023\/05\/micro_01-scaled.jpg","jetpack_sharing_enabled":true,"_links":{"self":[{"href":"https:\/\/www.paranapraia.com.br\/index.php\/wp-json\/wp\/v2\/posts\/47995"}],"collection":[{"href":"https:\/\/www.paranapraia.com.br\/index.php\/wp-json\/wp\/v2\/posts"}],"about":[{"href":"https:\/\/www.paranapraia.com.br\/index.php\/wp-json\/wp\/v2\/types\/post"}],"author":[{"embeddable":true,"href":"https:\/\/www.paranapraia.com.br\/index.php\/wp-json\/wp\/v2\/users\/2"}],"replies":[{"embeddable":true,"href":"https:\/\/www.paranapraia.com.br\/index.php\/wp-json\/wp\/v2\/comments?post=47995"}],"version-history":[{"count":1,"href":"https:\/\/www.paranapraia.com.br\/index.php\/wp-json\/wp\/v2\/posts\/47995\/revisions"}],"predecessor-version":[{"id":47997,"href":"https:\/\/www.paranapraia.com.br\/index.php\/wp-json\/wp\/v2\/posts\/47995\/revisions\/47997"}],"wp:featuredmedia":[{"embeddable":true,"href":"https:\/\/www.paranapraia.com.br\/index.php\/wp-json\/wp\/v2\/media\/47996"}],"wp:attachment":[{"href":"https:\/\/www.paranapraia.com.br\/index.php\/wp-json\/wp\/v2\/media?parent=47995"}],"wp:term":[{"taxonomy":"category","embeddable":true,"href":"https:\/\/www.paranapraia.com.br\/index.php\/wp-json\/wp\/v2\/categories?post=47995"},{"taxonomy":"post_tag","embeddable":true,"href":"https:\/\/www.paranapraia.com.br\/index.php\/wp-json\/wp\/v2\/tags?post=47995"}],"curies":[{"name":"wp","href":"https:\/\/api.w.org\/{rel}","templated":true}]}}