{"id":47986,"date":"2023-05-17T15:18:47","date_gmt":"2023-05-17T18:18:47","guid":{"rendered":"https:\/\/www.paranapraia.com.br\/?p=47986"},"modified":"2023-05-17T15:18:48","modified_gmt":"2023-05-17T18:18:48","slug":"pcpr-deflagra-operacao-contra-associacao-criminosa-que-fazia-apologia-ao-nazismo-em-uniao-vitoria","status":"publish","type":"post","link":"https:\/\/www.paranapraia.com.br\/index.php\/2023\/05\/17\/pcpr-deflagra-operacao-contra-associacao-criminosa-que-fazia-apologia-ao-nazismo-em-uniao-vitoria\/","title":{"rendered":"PCPR deflagra opera\u00e7\u00e3o contra associa\u00e7\u00e3o criminosa que fazia apologia ao nazismo em Uni\u00e3o Vit\u00f3ria"},"content":{"rendered":"\n<p>A Pol\u00edcia Civil do Paran\u00e1 (PCPR), com apoio da Pol\u00edcia Civil de Santa Catarina (PCSC), cumpriu mandados de busca e apreens\u00e3o contra uma associa\u00e7\u00e3o criminosa que fazia apologia ao nazismo, em uma opera\u00e7\u00e3o nesta quinta-feira (11), em Uni\u00e3o da Vit\u00f3ria, na regi\u00e3o Sudoeste do Paran\u00e1 e em Barra Velha, em Santa Catarina.<\/p>\n\n\n\n<p>Durante as buscas, foram apreendidos cinco computadores, oito celulares e um caderno de anota\u00e7\u00f5es com diversas mensagens e c\u00f3digos relacionados ao grupo extremista.&nbsp;<\/p>\n\n\n\n<p>O delegado da PCPR Thiers Andregotti afirma que a a\u00e7\u00e3o teve como objetivo obter o m\u00e1ximo de informa\u00e7\u00f5es sobre os suspeitos e suas atividades.<\/p>\n\n\n\n<p>\u201cRealizamos o cumprimento de sete mandados de busca e apreens\u00e3o contra essas pessoas ligadas aos crimes de apologia ao nazismo, associa\u00e7\u00e3o criminosa e incita\u00e7\u00e3o ao crime\u201d, explica o delegado.<\/p>\n\n\n\n<p>De acordo com as investiga\u00e7\u00f5es, o grupo realizava trocava mensagens por um aplicativo, situa\u00e7\u00e3o onde pregavam a ideologia nazista.&nbsp;<\/p>\n\n\n\n<p>\u201cEles se denominavam como um \u201cex\u00e9rcito da salva\u00e7\u00e3o\u201d. Nesse cen\u00e1rio, eles tinham o objetivo de combater indiv\u00edduos que, aos olhos da organiza\u00e7\u00e3o, \u2018n\u00e3o mereciam viver\u2019\u201d, afirma Andregotti.<\/p>\n\n\n\n<p>As investiga\u00e7\u00f5es continuam para o esclarecimento total do caso e a identifica\u00e7\u00e3o de outros envolvidos.\u00a0<\/p>\n\n\n\n<p>PCPR<\/p>\n","protected":false},"excerpt":{"rendered":"<p>A Pol\u00edcia Civil do Paran\u00e1 (PCPR), com apoio da Pol\u00edcia Civil de Santa Catarina (PCSC), cumpriu mandados de busca e apreens\u00e3o contra uma associa\u00e7\u00e3o criminosa que fazia apologia ao nazismo, em uma opera\u00e7\u00e3o nesta quinta-feira (11), em Uni\u00e3o da Vit\u00f3ria, na regi\u00e3o Sudoeste do Paran\u00e1 e em Barra Velha, em Santa Catarina. Durante as buscas, [&hellip;]<\/p>\n","protected":false},"author":2,"featured_media":47987,"comment_status":"open","ping_status":"open","sticky":false,"template":"","format":"standard","meta":{"advanced_seo_description":"","jetpack_seo_html_title":"","jetpack_seo_noindex":false,"_jetpack_memberships_contains_paid_content":false,"footnotes":""},"categories":[33],"tags":[],"class_list":{"0":"post-47986","1":"post","2":"type-post","3":"status-publish","4":"format-standard","5":"has-post-thumbnail","7":"category-policia"},"jetpack_featured_media_url":"https:\/\/www.paranapraia.com.br\/wp-content\/uploads\/2023\/05\/211022_untitled_7357.jpg","jetpack_sharing_enabled":true,"_links":{"self":[{"href":"https:\/\/www.paranapraia.com.br\/index.php\/wp-json\/wp\/v2\/posts\/47986"}],"collection":[{"href":"https:\/\/www.paranapraia.com.br\/index.php\/wp-json\/wp\/v2\/posts"}],"about":[{"href":"https:\/\/www.paranapraia.com.br\/index.php\/wp-json\/wp\/v2\/types\/post"}],"author":[{"embeddable":true,"href":"https:\/\/www.paranapraia.com.br\/index.php\/wp-json\/wp\/v2\/users\/2"}],"replies":[{"embeddable":true,"href":"https:\/\/www.paranapraia.com.br\/index.php\/wp-json\/wp\/v2\/comments?post=47986"}],"version-history":[{"count":1,"href":"https:\/\/www.paranapraia.com.br\/index.php\/wp-json\/wp\/v2\/posts\/47986\/revisions"}],"predecessor-version":[{"id":47988,"href":"https:\/\/www.paranapraia.com.br\/index.php\/wp-json\/wp\/v2\/posts\/47986\/revisions\/47988"}],"wp:featuredmedia":[{"embeddable":true,"href":"https:\/\/www.paranapraia.com.br\/index.php\/wp-json\/wp\/v2\/media\/47987"}],"wp:attachment":[{"href":"https:\/\/www.paranapraia.com.br\/index.php\/wp-json\/wp\/v2\/media?parent=47986"}],"wp:term":[{"taxonomy":"category","embeddable":true,"href":"https:\/\/www.paranapraia.com.br\/index.php\/wp-json\/wp\/v2\/categories?post=47986"},{"taxonomy":"post_tag","embeddable":true,"href":"https:\/\/www.paranapraia.com.br\/index.php\/wp-json\/wp\/v2\/tags?post=47986"}],"curies":[{"name":"wp","href":"https:\/\/api.w.org\/{rel}","templated":true}]}}