{"id":47983,"date":"2023-05-17T15:02:04","date_gmt":"2023-05-17T18:02:04","guid":{"rendered":"https:\/\/www.paranapraia.com.br\/?p=47983"},"modified":"2023-05-17T15:02:05","modified_gmt":"2023-05-17T18:02:05","slug":"missao-internacional-apresentou-grandes-projetos-do-parana-aos-eua-e-portugal","status":"publish","type":"post","link":"https:\/\/www.paranapraia.com.br\/index.php\/2023\/05\/17\/missao-internacional-apresentou-grandes-projetos-do-parana-aos-eua-e-portugal\/","title":{"rendered":"Miss\u00e3o internacional apresentou grandes projetos do Paran\u00e1 aos EUA e Portugal"},"content":{"rendered":"\n<p>Terminou nesta quarta-feira (17) a miss\u00e3o internacional de duas semanas do Governo do Paran\u00e1 pelos Estados Unidos e Portugal. Liderada pelo governador Carlos Massa Ratinho Junior, a comitiva cumpriu agendas com autoridades p\u00fablicas, empres\u00e1rios e lideran\u00e7as dos dois pa\u00edses para apresentar os potenciais econ\u00f4micos do Estado a investidores e parceiros comerciais, al\u00e9m de conhecer experi\u00eancias de sucesso na \u00e1rea de inova\u00e7\u00e3o e tecnologia, que podem ser replicadas no Estado.<\/p>\n\n\n\n<p>Ratinho Junior reassume o comando do Pal\u00e1cio Igua\u00e7u nesta quinta-feira (18) o cargo de governador, ocupado interinamente pelo vice-governador Darci Piana desde a semana passada.<\/p>\n\n\n\n<p>A viagem teve in\u00edcio em 8 de maio, nos Estados Unidos, onde a equipe esteve em Nova York e Washington em reuni\u00f5es com representantes do\u00a0Banco Mundial, Bank of America,\u00a0International Development Finance Corporation (DFC)\u00a0e do\u00a0Banco Interamericano de Desenvolvimento (BID)\u00a0em busca de novas fontes de financiamento. O principal objetivo \u00e9 viabilizar recursos para alavancar ainda mais o pacote de obras de infraestrutura e log\u00edstica do Estado.<\/p>\n\n\n\n<p>\u201cO Paran\u00e1 est\u00e1 na pauta global nos setores de energia renov\u00e1vel e agroneg\u00f3cio, como um celeiro de alimentos para o mundo. O Estado \u00e9 visto internacionalmente com bons olhos pelos investidores que o enxergam como refer\u00eancia global\u201d, disse o governador. \u201cTemos muitas oportunidades n\u00e3o s\u00f3 na agroind\u00fastria, mas em servi\u00e7os, na educa\u00e7\u00e3o e tecnologia, e participar de encontros como esses \u00e9 colocar o Paran\u00e1 numa vitrine para novos investimentos\u201d.<\/p>\n\n\n\n<p>O foco do governador e da comitiva foi demonstrar \u00e0s institui\u00e7\u00f5es financeiras os resultados da aplica\u00e7\u00e3o de mais de R$ 6 bilh\u00f5es em infraestrutura nos \u00faltimos anos, em projetos como a revitaliza\u00e7\u00e3o da Orla de Matinhos, a pavimenta\u00e7\u00e3o em concreto da PRC-280 e a duplica\u00e7\u00e3o da Rodovia dos Min\u00e9rios. Ratinho Junior tamb\u00e9m exp\u00f4s os planos de curto, m\u00e9dio e longo prazo, citando como exemplos a Ponte de Guaratuba e o Moeg\u00e3o do Porto de Paranagu\u00e1, al\u00e9m do pacote potencial de R$ 8 bilh\u00f5es em obras atrav\u00e9s do Banco de Projetos elaborado pelo executivo.<\/p>\n\n\n\n<p>Em outra frente de trabalho, a delega\u00e7\u00e3o tamb\u00e9m participou do\u00a0LIDE Brazil Investment Forum 2023\u00a0e do\u00a0Paran\u00e1 Day, sediados em Nova York. Ao p\u00fablico, formado por lideran\u00e7as empresariais do Brasil, Estados Unidos e de outros pa\u00edses, o governador falou sobre as oportunidades de investimento no Estado.<\/p>\n\n\n\n<p>Ele enfatizou os dois primeiros leil\u00f5es do novo pacote de concess\u00e3o das rodovias paranaenses, que ocorrer\u00e3o em agosto e setembro, as Parcerias P\u00fablico-Privadas (PPP) na \u00e1rea de saneamento b\u00e1sico, em que a primeira concorr\u00eancia est\u00e1 marcada para 10 de julho, e o projeto da Nova Ferroeste, cuja perspectiva \u00e9 de ter o in\u00edcio do processo licitat\u00f3rio iniciado at\u00e9 o fim de 2023.<\/p>\n\n\n\n<p>Durante os encontros, a equipe paranaense refor\u00e7ou os diferenciais competitivos do Estado, como a privilegiada localiza\u00e7\u00e3o geogr\u00e1fica, a for\u00e7a da agroind\u00fastria, que continua em franco crescimento, e a alta taxa de m\u00e3o de obra capacitada, fruto da melhor educa\u00e7\u00e3o p\u00fablica no ensino m\u00e9dio de acordo com \u00cdndice Nacional da Educa\u00e7\u00e3o B\u00e1sica (IDEB).<\/p>\n\n\n\n<p>\u201cSomos a liga\u00e7\u00e3o do Sul com o Sudeste, que \u00e9 o maior mercado consumidor do Pa\u00eds, e com o Centro-Oeste, que tem crescido muito, al\u00e9m de estarmos ao lado do Paraguai e da Argentina, o que torna a regi\u00e3o muito atraente. O Paran\u00e1 j\u00e1 tem uma grande infraestrutura, as maiores cooperativas da Am\u00e9rica e 35 mil ind\u00fastrias, al\u00e9m de multinacionais\u201d, disse Ratinho Junior.<\/p>\n\n\n\n<p>\u201cHistoricamente, o Paran\u00e1 sempre teve uma m\u00e3o de obra qualificada e um povo que gosta de trabalhar. Por isso, nos colocamos \u00e0 disposi\u00e7\u00e3o dos empres\u00e1rios para que eles possam fazer investimentos e com isso ganhar dinheiro, pagar impostos e gerar empregos em nosso Estado\u201d, acrescentou.<\/p>\n\n\n\n<p>Ratinho Junior lembrou, ainda, o fato de o Paran\u00e1 ser atualmente o estado mais sustent\u00e1vel do Brasil e uma refer\u00eancia no setor para a Organiza\u00e7\u00e3o para a Coopera\u00e7\u00e3o e Desenvolvimento Econ\u00f4mico (OCDE), um fator cada vez mais relevante na tomada de decis\u00e3o dos investidores.<\/p>\n\n\n\n<p><strong>PORTUGAL&nbsp;<\/strong>\u2013 A s\u00e9rie de encontros com empresas, investidores e diplomatas iniciou com mais uma edi\u00e7\u00e3o do Paran\u00e1 Day, em Lisboa, encarado como uma oportunidade para amplia\u00e7\u00e3o das rela\u00e7\u00f5es comerciais com o mercado portugu\u00eas. \u201cTemos uma rela\u00e7\u00e3o de longa data com Portugal, que pode ser a porta de entrada para os produtos paranaenses na Europa. \u00c9 um continente estrat\u00e9gico, que conta com uma popula\u00e7\u00e3o de mais de 746 milh\u00f5es de pessoas, com um grande poder de compra\u201d, ressaltou o governador.<\/p>\n\n\n\n<p>Durante a agenda, Ratinho Junior tamb\u00e9m participou do an\u00fancio da Azul Linhas a\u00e9reas que confirmou a cria\u00e7\u00e3o de um voo direto ligando Curitiba \u00e0 Montevid\u00e9u, capital do Uruguai. A nova opera\u00e7\u00e3o de transporte dever\u00e1 ser iniciado em junho, tr\u00eas vezes por semana, com capacidade para at\u00e9 136 pessoas.<\/p>\n\n\n\n<p>Em Lisboa, Ratinho Junior tamb\u00e9m visitou o\u00a0embaixador brasileiro em Portugal, Raimundo Carreiro, a quem ele defendeu a cria\u00e7\u00e3o de um mercado comum de inova\u00e7\u00e3o entre Brasil e Portugal, tendo o Paran\u00e1 como porta de entrada, uma vez que a Celepar j\u00e1 tem um escrit\u00f3rio de representa\u00e7\u00e3o em Lisboa. O Estado tamb\u00e9m estuda a participa\u00e7\u00e3o em programas de interc\u00e2mbio com o pa\u00eds europeu em diversas \u00e1reas, como cultura, educa\u00e7\u00e3o e a\u00e7\u00f5es de sustentabilidade.<\/p>\n\n\n\n<p>Durante a semana, o governador visitou o\u00a0Taguspark, maior parque de ci\u00eancia e tecnologia de Portugal, localizado na cidade de Oeiras, onde assinou um memorando de entendimento para replicar a ideia em Curitiba; e o\u00a0<a rel=\"noreferrer noopener\" href=\"https:\/\/www.aen.pr.gov.br\/Noticia\/Inspirado-no-Hub-de-Beato-Parana-quer-consolidar-novos-centros-de-inovacao-empresarial\" target=\"_blank\">Hub do <\/a>B<a rel=\"noreferrer noopener\" href=\"https:\/\/www.aen.pr.gov.br\/Noticia\/Inspirado-no-Hub-de-Beato-Parana-quer-consolidar-novos-centros-de-inovacao-empresarial\" target=\"_blank\">eato<\/a>, que transformou uma antiga \u00e1rea industrial desativada no centro hist\u00f3rico de Lisboa em um espa\u00e7o de conviv\u00eancia para startups.<\/p>\n\n\n\n<p>Com o intuito de buscar ideias inovadoras para o setor de sa\u00fade, a delega\u00e7\u00e3o paranaense se reuniu com o ministro da Sa\u00fade de Portugal, Manuel Pizarro. O governador conheceu as plataformas tecnol\u00f3gicas desenvolvidas pelo governo portugu\u00eas para otimizar o atendimento em sa\u00fade, principalmente na rede hospitalar e de medica\u00e7\u00e3o, cujo processo de digitaliza\u00e7\u00e3o come\u00e7ou h\u00e1 mais de uma d\u00e9cada.<\/p>\n\n\n\n<p><strong>OUTRAS MISS\u00d5ES&nbsp;<\/strong>\u2013 Em mar\u00e7o, Ratinho Junior tamb\u00e9m j\u00e1 havia liderado uma miss\u00e3o para o Jap\u00e3o e a Coreia do Sul, que teve como meta abrir novos mercados consumidores para a carne paranaense. A agenda internacional trouxe bons frutos para o Estado, com a confirma\u00e7\u00e3o de investimentos da multinacional japonesa Sumitomo Rubber e da empresa sul-coreana Phycoil Biotechnology.<\/p>\n\n\n\n<p>J\u00e1 o Paran\u00e1 Day, com edi\u00e7\u00f5es realizadas agora nos Estados Unidos e Portugal, segue uma programa\u00e7\u00e3o iniciada pelo Governo do Estado em 2019. Nos \u00faltimos anos, tamb\u00e9m foram feitas edi\u00e7\u00f5es do evento na Espanha e M\u00e9xico, al\u00e9m do Paran\u00e1 Business Experience, dentro dos mesmos moldes, promovido nos Emirados \u00c1rabes Unidos.<\/p>\n\n\n\n<p>AEN<\/p>\n","protected":false},"excerpt":{"rendered":"<p>Terminou nesta quarta-feira (17) a miss\u00e3o internacional de duas semanas do Governo do Paran\u00e1 pelos Estados Unidos e Portugal. Liderada pelo governador Carlos Massa Ratinho Junior, a comitiva cumpriu agendas com autoridades p\u00fablicas, empres\u00e1rios e lideran\u00e7as dos dois pa\u00edses para apresentar os potenciais econ\u00f4micos do Estado a investidores e parceiros comerciais, al\u00e9m de conhecer experi\u00eancias [&hellip;]<\/p>\n","protected":false},"author":2,"featured_media":47984,"comment_status":"open","ping_status":"open","sticky":false,"template":"","format":"standard","meta":{"advanced_seo_description":"","jetpack_seo_html_title":"","jetpack_seo_noindex":false,"_jetpack_memberships_contains_paid_content":false,"footnotes":""},"categories":[32],"tags":[],"class_list":{"0":"post-47983","1":"post","2":"type-post","3":"status-publish","4":"format-standard","5":"has-post-thumbnail","7":"category-politica"},"jetpack_featured_media_url":"https:\/\/www.paranapraia.com.br\/wp-content\/uploads\/2023\/05\/whatsapp_image_2023-05-09_at_17.56.18_0-scaled.jpg","jetpack_sharing_enabled":true,"_links":{"self":[{"href":"https:\/\/www.paranapraia.com.br\/index.php\/wp-json\/wp\/v2\/posts\/47983"}],"collection":[{"href":"https:\/\/www.paranapraia.com.br\/index.php\/wp-json\/wp\/v2\/posts"}],"about":[{"href":"https:\/\/www.paranapraia.com.br\/index.php\/wp-json\/wp\/v2\/types\/post"}],"author":[{"embeddable":true,"href":"https:\/\/www.paranapraia.com.br\/index.php\/wp-json\/wp\/v2\/users\/2"}],"replies":[{"embeddable":true,"href":"https:\/\/www.paranapraia.com.br\/index.php\/wp-json\/wp\/v2\/comments?post=47983"}],"version-history":[{"count":1,"href":"https:\/\/www.paranapraia.com.br\/index.php\/wp-json\/wp\/v2\/posts\/47983\/revisions"}],"predecessor-version":[{"id":47985,"href":"https:\/\/www.paranapraia.com.br\/index.php\/wp-json\/wp\/v2\/posts\/47983\/revisions\/47985"}],"wp:featuredmedia":[{"embeddable":true,"href":"https:\/\/www.paranapraia.com.br\/index.php\/wp-json\/wp\/v2\/media\/47984"}],"wp:attachment":[{"href":"https:\/\/www.paranapraia.com.br\/index.php\/wp-json\/wp\/v2\/media?parent=47983"}],"wp:term":[{"taxonomy":"category","embeddable":true,"href":"https:\/\/www.paranapraia.com.br\/index.php\/wp-json\/wp\/v2\/categories?post=47983"},{"taxonomy":"post_tag","embeddable":true,"href":"https:\/\/www.paranapraia.com.br\/index.php\/wp-json\/wp\/v2\/tags?post=47983"}],"curies":[{"name":"wp","href":"https:\/\/api.w.org\/{rel}","templated":true}]}}