{"id":47977,"date":"2023-05-17T14:53:38","date_gmt":"2023-05-17T17:53:38","guid":{"rendered":"https:\/\/www.paranapraia.com.br\/?p=47977"},"modified":"2023-05-17T14:53:39","modified_gmt":"2023-05-17T17:53:39","slug":"conselho-de-sanidade-agropecuaria-alerta-sobre-cuidados-para-a-gripe-aviaria","status":"publish","type":"post","link":"https:\/\/www.paranapraia.com.br\/index.php\/2023\/05\/17\/conselho-de-sanidade-agropecuaria-alerta-sobre-cuidados-para-a-gripe-aviaria\/","title":{"rendered":"Conselho de sanidade agropecu\u00e1ria alerta sobre cuidados para a gripe avi\u00e1ria \u00a0"},"content":{"rendered":"\n<p>A necessidade de refor\u00e7ar as medidas de seguran\u00e7a sanit\u00e1ria em rela\u00e7\u00e3o \u00e0 gripe avi\u00e1ria (H5N1), mas ao mesmo tempo manter a serenidade porque o Brasil e o Paran\u00e1 est\u00e3o preparados para enfrentar eventuais casos que possam aparecer, foi o recado transmitido pelo Conselho Estadual de Sanidade Agropecu\u00e1ria (Conesa) durante reuni\u00e3o extraordin\u00e1ria nesta quarta-feira (17).<\/p>\n\n\n\n<p>O encontro foi convocado em raz\u00e3o de ter sido detectada infec\u00e7\u00e3o pelo v\u00edrus em aves silvestres no Estado do Esp\u00edrito Santo. \u201cEsses dois casos em aves silvestres n\u00e3o t\u00eam o poder de derrubar o nosso status sanit\u00e1rio e n\u00e3o representam nenhuma repercuss\u00e3o comercial\u201d, afirmou Norberto Ortigara, presidente do Conesa e secret\u00e1rio da Agricultura e do Abastecimento do Paran\u00e1. As exporta\u00e7\u00f5es somente podem ser afetadas se houver incid\u00eancia em granjas comerciais.<\/p>\n\n\n\n<p>\u201cPrecisamos que os produtores de frango de corte e de postura atualizem todas as a\u00e7\u00f5es que j\u00e1 fizeram e reforcem ainda mais a prote\u00e7\u00e3o de seus neg\u00f3cios\u201d, salientou Ortigara. A Secretaria da Agricultura e Abastecimento e a Ag\u00eancia de Defesa Agropecu\u00e1ria (Adapar) continuar\u00e3o promovendo reuni\u00f5es em todas as regi\u00f5es do Estado para orientar os produtores sobre as medidas a serem refor\u00e7adas.<\/p>\n\n\n\n<p>Entre as principais a\u00e7\u00f5es est\u00e3o cercar e se certificar de que n\u00e3o h\u00e1 falhas que permitam entrada de outras aves nos barrac\u00f5es comerciais, manter as portas permanentemente fechadas, n\u00e3o permitir visitas \u00e0s instala\u00e7\u00f5es produtivas e assegurar a higieniza\u00e7\u00e3o correta das pessoas que precisam adentrar na granja.<\/p>\n\n\n\n<p>\u201cN\u00e3o h\u00e1 nenhum motivo para alarde, mas apenas uma intensifica\u00e7\u00e3o das medidas que j\u00e1 t\u00eam sido tomadas\u201d, ponderou o gerente de Sanidade Animal da Adapar, Rafael Gon\u00e7alves Dias. Segundo ele, todos os fiscais da ag\u00eancia est\u00e3o treinados para atender eventual emerg\u00eancia. O Estado realizou exames em 12 mil aves de 350 propriedades dentro de sua estrat\u00e9gia de vigil\u00e2ncia ativa e n\u00e3o houve nenhuma positividade.<\/p>\n\n\n\n<p>O gerente acentuou que a popula\u00e7\u00e3o tem colaborado notificando a Adapar assim que percebe comportamento diferente em alguma ave, como complica\u00e7\u00f5es respirat\u00f3rias, falta de ar, tosse, espirros ou fraqueza. \u201cEm todos os registros h\u00e1 atendimento imediato, mas n\u00e3o teve nenhum caso consistente\u201d, disse Dias.<\/p>\n\n\n\n<p>O presidente da Adapar, Otamir Cesar Martins, salientou que os consumidores n\u00e3o devem ficar preocupados em raz\u00e3o dessa doen\u00e7a, visto n\u00e3o haver nenhum registro de alguma complica\u00e7\u00e3o. \u201cA preocupa\u00e7\u00e3o \u00e9 no n\u00edvel da produ\u00e7\u00e3o, adotando todos os cuidados para evitar contato com outras aves e n\u00e3o permitir a entrada de visitantes na granja\u201d, refor\u00e7ou.<\/p>\n\n\n\n<p>Representante da Federa\u00e7\u00e3o da Agricultura do Estado do Paran\u00e1 (Faep) e do Fundo de Desenvolvimento da Agropecu\u00e1ria, Ronei Volpi assegurou que o Paran\u00e1 est\u00e1 bem preparado no que se refere \u00e0 biosseguran\u00e7a. \u201cSempre podemos fazer mais, mas estamos bem melhor que a m\u00e9dia do Brasil\u201d, salientou.<\/p>\n\n\n\n<p>O diretor-executivo do Sindicato das Ind\u00fastrias de Produtos Av\u00edcolas do Paran\u00e1 (Sindiavipar), In\u00e1cio Kroetz, destacou a import\u00e2ncia da avicultura para o Estado, que \u00e9 o principal produtor e exportador de aves do Brasil. No Paran\u00e1 foram abatidos 2,1 bilh\u00f5es de frangos em 2022. H\u00e1 37 frigor\u00edficos com inspe\u00e7\u00e3o federal, que exportam cerca de 40% do frango vendido pelo Pa\u00eds. \u201c\u00c9 uma grande responsabilidade cuidar disso\u201d, alertou.<\/p>\n\n\n\n<p><strong>CADASTRO\u00a0<\/strong>\u2013 Por isso a obrigatoriedade de que todos os detentores de animais, incluindo aves, fa\u00e7am a atualiza\u00e7\u00e3o do cadastro de seus rebanhos na Adapar. A campanha come\u00e7ou em 1\u00ba de maio e termina em 30 de junho. O processo pode ser feito diretamente no\u00a0site da Adapar, por meio do aplicativo Paran\u00e1 Agro ou de forma presencial nos escrit\u00f3rios da ag\u00eancia espalhados pelo Estado. \u201cCom isso geolocalizamos as propriedades possibilitando a\u00e7\u00e3o r\u00e1pida e eficaz caso haja alguma notifica\u00e7\u00e3o\u201d, disse Rafael Gon\u00e7alves Dias.<\/p>\n\n\n\n<p>Al\u00e9m das entidades citadas participaram da reuni\u00e3o representantes do Instituto de Desenvolvimento Rural do Paran\u00e1 \u2013 Iapar-Emater (IDR-Paran\u00e1), Organiza\u00e7\u00e3o das Cooperativas do Paran\u00e1 (Ocepar), Defesa Civil, Pol\u00edcia Militar, Secretaria de Estado da Sa\u00fade, Minist\u00e9rio da Agricultura e Federa\u00e7\u00e3o dos Trabalhadores Rurais Agricultores Familiares do Paran\u00e1 (Fetaep), Associa\u00e7\u00e3o Paranaense de Suinocultores (APS) e Sindicato da Ind\u00fastria de Carnes e Derivados no Estado do Paran\u00e1 (Sindicarne).<\/p>\n\n\n\n<p>AEN<\/p>\n","protected":false},"excerpt":{"rendered":"<p>A necessidade de refor\u00e7ar as medidas de seguran\u00e7a sanit\u00e1ria em rela\u00e7\u00e3o \u00e0 gripe avi\u00e1ria (H5N1), mas ao mesmo tempo manter a serenidade porque o Brasil e o Paran\u00e1 est\u00e3o preparados para enfrentar eventuais casos que possam aparecer, foi o recado transmitido pelo Conselho Estadual de Sanidade Agropecu\u00e1ria (Conesa) durante reuni\u00e3o extraordin\u00e1ria nesta quarta-feira (17). O [&hellip;]<\/p>\n","protected":false},"author":2,"featured_media":47978,"comment_status":"open","ping_status":"open","sticky":false,"template":"","format":"standard","meta":{"advanced_seo_description":"","jetpack_seo_html_title":"","jetpack_seo_noindex":false,"_jetpack_memberships_contains_paid_content":false,"footnotes":""},"categories":[35],"tags":[],"class_list":{"0":"post-47977","1":"post","2":"type-post","3":"status-publish","4":"format-standard","5":"has-post-thumbnail","7":"category-economia"},"jetpack_featured_media_url":"https:\/\/www.paranapraia.com.br\/wp-content\/uploads\/2023\/05\/whatsapp_image_2023-05-17_at_14.33.30_2.jpg","jetpack_sharing_enabled":true,"_links":{"self":[{"href":"https:\/\/www.paranapraia.com.br\/index.php\/wp-json\/wp\/v2\/posts\/47977"}],"collection":[{"href":"https:\/\/www.paranapraia.com.br\/index.php\/wp-json\/wp\/v2\/posts"}],"about":[{"href":"https:\/\/www.paranapraia.com.br\/index.php\/wp-json\/wp\/v2\/types\/post"}],"author":[{"embeddable":true,"href":"https:\/\/www.paranapraia.com.br\/index.php\/wp-json\/wp\/v2\/users\/2"}],"replies":[{"embeddable":true,"href":"https:\/\/www.paranapraia.com.br\/index.php\/wp-json\/wp\/v2\/comments?post=47977"}],"version-history":[{"count":1,"href":"https:\/\/www.paranapraia.com.br\/index.php\/wp-json\/wp\/v2\/posts\/47977\/revisions"}],"predecessor-version":[{"id":47979,"href":"https:\/\/www.paranapraia.com.br\/index.php\/wp-json\/wp\/v2\/posts\/47977\/revisions\/47979"}],"wp:featuredmedia":[{"embeddable":true,"href":"https:\/\/www.paranapraia.com.br\/index.php\/wp-json\/wp\/v2\/media\/47978"}],"wp:attachment":[{"href":"https:\/\/www.paranapraia.com.br\/index.php\/wp-json\/wp\/v2\/media?parent=47977"}],"wp:term":[{"taxonomy":"category","embeddable":true,"href":"https:\/\/www.paranapraia.com.br\/index.php\/wp-json\/wp\/v2\/categories?post=47977"},{"taxonomy":"post_tag","embeddable":true,"href":"https:\/\/www.paranapraia.com.br\/index.php\/wp-json\/wp\/v2\/tags?post=47977"}],"curies":[{"name":"wp","href":"https:\/\/api.w.org\/{rel}","templated":true}]}}