{"id":47845,"date":"2023-05-16T10:25:04","date_gmt":"2023-05-16T13:25:04","guid":{"rendered":"https:\/\/www.paranapraia.com.br\/?p=47845"},"modified":"2023-05-16T10:25:07","modified_gmt":"2023-05-16T13:25:07","slug":"com-foco-no-fortalecimento-do-sus-parana-promove-a-13a-conferencia-estadual-de-saude","status":"publish","type":"post","link":"https:\/\/www.paranapraia.com.br\/index.php\/2023\/05\/16\/com-foco-no-fortalecimento-do-sus-parana-promove-a-13a-conferencia-estadual-de-saude\/","title":{"rendered":"Com foco no fortalecimento do SUS, Paran\u00e1 promove a 13\u00aa Confer\u00eancia Estadual de Sa\u00fade"},"content":{"rendered":"\n<p>A Secretaria de Estado da Sa\u00fade (Sesa), em parceria com o Conselho Estadual de Sa\u00fade (CES), abriu nesta segunda-feira (15) as atividades da 13\u00aa Confer\u00eancia Estadual de Sa\u00fade, que se estende at\u00e9 a pr\u00f3xima quinta-feira (18), em Pinhais, Regi\u00e3o Metropolitana de Curitiba. Esta \u00e9 a primeira edi\u00e7\u00e3o do evento desde o in\u00edcio da pandemia e tem como tema \u201cGarantir direitos e defender o SUS, a vida e a democracia\u201d.<\/p>\n\n\n\n<p>O secret\u00e1rio Beto Preto destacou, durante a cerim\u00f4nia de abertura, o compromisso do Governo do Estado com os munic\u00edpios, al\u00e9m de enaltecer o papel da sa\u00fade p\u00fablica durante a pandemia. &#8220;Foi uma grande jornada, com muita dor, dificuldade, mas tamb\u00e9m com aprendizados, a\u00e7\u00f5es e sobretudo resili\u00eancia. Se hoje estamos aqui, reunidos neste ambiente, \u00e9 pela capacidade da sa\u00fade p\u00fablica, que deve ser fortalecida diariamente&#8221;, disse o secret\u00e1rio.&#8221;<\/p>\n\n\n\n<p>O Paran\u00e1 travou uma grande batalha, mobilizando recursos hist\u00f3ricos, adotando estrat\u00e9gias que perdurassem, inclusive ap\u00f3s a pandemia, investindo na nossa rede de sa\u00fade em oposi\u00e7\u00e3o aos hospitais de campanha, por exemplo, o que nos legou leitos, equipamentos e mais estrutura. Isso somente foi poss\u00edvel gra\u00e7as a sensibilidade do governador Ratinho Junior, que priorizou a vida dos paranaenses acima de tudo&#8221;, afirmou.<\/p>\n\n\n\n<p>Ele refor\u00e7ou, ainda, a necessidade de uma revis\u00e3o no financiamento do SUS. &#8220;Temos batido insistentemente nessa tecla. A tabela do SUS n\u00e3o tem reajustes h\u00e1 pelo menos 14 anos. \u00c9 preciso manter um di\u00e1logo conciso, por\u00e9m de cobran\u00e7a com o governo federal, para que tenhamos mais recursos e possamos, de maneira tripartite, contribuir para o funcionamento vital da sa\u00fade p\u00fablica&#8221;, disse.<\/p>\n\n\n\n<p>Mobilizando um p\u00fablico superior a 1,5 mil pessoas, entre servidores, gestores de todas as 22 Regionais de Sa\u00fade, al\u00e9m de palestrantes, usu\u00e1rios e convidados especiais, o evento promover\u00e1 capacita\u00e7\u00f5es, apresenta\u00e7\u00f5es e palestras, com o objetivo de estimular discuss\u00f5es de propostas que devem nortear as pol\u00edticas p\u00fablicas para o SUS.<\/p>\n\n\n\n<p>Depois de aprovadas, as propostas ser\u00e3o levadas, por meio de 140 delegados eleitos, para a Confer\u00eancia Nacional de Sa\u00fade, que acontecer\u00e1 entre 2 e 5 de julho, em Bras\u00edlia. Estes delegados v\u00e3o representar desde usu\u00e1rios do SUS, at\u00e9 trabalhadores e prestadores de servi\u00e7os. Durante a programa\u00e7\u00e3o, tamb\u00e9m ser\u00e3o eleitas novas entidades para o Conselho Estadual de Sa\u00fade do Paran\u00e1.Para o presidente do CES, Rangel da Silva, o evento promove n\u00e3o somente a possibilidade de um grande debate, mas tamb\u00e9m de fortalecer a\u00e7\u00f5es concretas e em n\u00edvel nacional. <\/p>\n\n\n\n<p>&#8220;As propostas aqui discutidas ser\u00e3o levadas at\u00e9 Bras\u00edlia, permitindo dar maior amparo e garantir mais for\u00e7a \u00e0s pol\u00edticas de sa\u00fade p\u00fablica&#8221;, destacou.<\/p>\n\n\n\n<p>A prefeita anfitri\u00e3 do evento, Rosa Maria de Jesus Colombo, considera como valioso o potencial da confer\u00eancia. &#8220;S\u00e3o dias de muito movimento em prol do SUS e o munic\u00edpio de Pinhais se sente honrado por fornecer este espa\u00e7o que sem d\u00favida trar\u00e1 muitos benef\u00edcios para todo o Estado&#8221;, afirmou.<\/p>\n\n\n\n<p>PRESEN\u00c7AS \u2013 A mesa de abertura tamb\u00e9m contou com as presen\u00e7as do superintendente estadual do Minist\u00e9rio da Sa\u00fade no Paran\u00e1, Luiz Armando Erthal; o presidente do Conselho de Secret\u00e1rios Municipais de Sa\u00fade (Cosems), Ivoliciano Leonarchik; as deputadas estaduais Cloara Pinheiro e M\u00e1rcia Hu\u00e7ulak; al\u00e9m dos conselheiros estaduais de Sa\u00fade Silmara da Concei\u00e7\u00e3o Ribas e M\u00e1rcia Zambrin.<\/p>\n\n\n\n<p>AEN<\/p>\n","protected":false},"excerpt":{"rendered":"<p>A Secretaria de Estado da Sa\u00fade (Sesa), em parceria com o Conselho Estadual de Sa\u00fade (CES), abriu nesta segunda-feira (15) as atividades da 13\u00aa Confer\u00eancia Estadual de Sa\u00fade, que se estende at\u00e9 a pr\u00f3xima quinta-feira (18), em Pinhais, Regi\u00e3o Metropolitana de Curitiba. Esta \u00e9 a primeira edi\u00e7\u00e3o do evento desde o in\u00edcio da pandemia e [&hellip;]<\/p>\n","protected":false},"author":2,"featured_media":47846,"comment_status":"open","ping_status":"open","sticky":false,"template":"","format":"standard","meta":{"advanced_seo_description":"","jetpack_seo_html_title":"","jetpack_seo_noindex":false,"_jetpack_memberships_contains_paid_content":false,"footnotes":""},"categories":[50],"tags":[],"class_list":{"0":"post-47845","1":"post","2":"type-post","3":"status-publish","4":"format-standard","5":"has-post-thumbnail","7":"category-saude"},"jetpack_featured_media_url":"https:\/\/www.paranapraia.com.br\/wp-content\/uploads\/2023\/05\/dsc_4958-scaled.jpg","jetpack_sharing_enabled":true,"_links":{"self":[{"href":"https:\/\/www.paranapraia.com.br\/index.php\/wp-json\/wp\/v2\/posts\/47845"}],"collection":[{"href":"https:\/\/www.paranapraia.com.br\/index.php\/wp-json\/wp\/v2\/posts"}],"about":[{"href":"https:\/\/www.paranapraia.com.br\/index.php\/wp-json\/wp\/v2\/types\/post"}],"author":[{"embeddable":true,"href":"https:\/\/www.paranapraia.com.br\/index.php\/wp-json\/wp\/v2\/users\/2"}],"replies":[{"embeddable":true,"href":"https:\/\/www.paranapraia.com.br\/index.php\/wp-json\/wp\/v2\/comments?post=47845"}],"version-history":[{"count":1,"href":"https:\/\/www.paranapraia.com.br\/index.php\/wp-json\/wp\/v2\/posts\/47845\/revisions"}],"predecessor-version":[{"id":47847,"href":"https:\/\/www.paranapraia.com.br\/index.php\/wp-json\/wp\/v2\/posts\/47845\/revisions\/47847"}],"wp:featuredmedia":[{"embeddable":true,"href":"https:\/\/www.paranapraia.com.br\/index.php\/wp-json\/wp\/v2\/media\/47846"}],"wp:attachment":[{"href":"https:\/\/www.paranapraia.com.br\/index.php\/wp-json\/wp\/v2\/media?parent=47845"}],"wp:term":[{"taxonomy":"category","embeddable":true,"href":"https:\/\/www.paranapraia.com.br\/index.php\/wp-json\/wp\/v2\/categories?post=47845"},{"taxonomy":"post_tag","embeddable":true,"href":"https:\/\/www.paranapraia.com.br\/index.php\/wp-json\/wp\/v2\/tags?post=47845"}],"curies":[{"name":"wp","href":"https:\/\/api.w.org\/{rel}","templated":true}]}}