{"id":47842,"date":"2023-05-16T10:20:00","date_gmt":"2023-05-16T13:20:00","guid":{"rendered":"https:\/\/www.paranapraia.com.br\/?p=47842"},"modified":"2023-05-16T10:20:02","modified_gmt":"2023-05-16T13:20:02","slug":"google-e-tiktok-podem-ter-que-tirar-publicacao-por-preconceito","status":"publish","type":"post","link":"https:\/\/www.paranapraia.com.br\/index.php\/2023\/05\/16\/google-e-tiktok-podem-ter-que-tirar-publicacao-por-preconceito\/","title":{"rendered":"Google e TikTok podem ter que tirar publica\u00e7\u00e3o por preconceito"},"content":{"rendered":"\n<p>O Google e o TikTok podem ter que derrubar um v\u00eddeo por discrimina\u00e7\u00e3o contra pessoas com S\u00edndrome de Down. Na semana passada, um comediante portugu\u00eas viralizou ao comentar que o lan\u00e7amento de uma Barbie com S\u00edndrome de Down n\u00e3o seria novidade porque \u201cos chineses j\u00e1 vendem bonecas com defeito\u201d.<\/p>\n\n\n\n<p>Na \u00faltima sexta-feira (12), um grupo de doze fam\u00edlias de crian\u00e7as com a condi\u00e7\u00e3o procurou a Defensoria P\u00fablica do Paran\u00e1, para pedir assist\u00eancia jur\u00eddica. O \u00f3rg\u00e3o notificou extrajudicialmente as plataformas, conforme relata a defensora Camille Vieira da Costa.<\/p>\n\n\n\n<p>A Defensoria ressaltou que o v\u00eddeo viola a Constitui\u00e7\u00e3o Federal, a Conven\u00e7\u00e3o sobre Direitos das Pessoas com Defici\u00eancia e a Lei Brasileira de Inclus\u00e3o. A Conven\u00e7\u00e3o, por exemplo, autoriza o Estado a tomar medidas para eliminar a discrimina\u00e7\u00e3o baseada em defici\u00eancia feita por qualquer pessoa, organiza\u00e7\u00e3o ou empresa privada. A defensora destaca que o caso n\u00e3o \u00e9 isolado.<\/p>\n\n\n\n<p>At\u00e9 o momento, o Google e o TikTok n\u00e3o se posicionaram. A Defensoria pode pedir na Justi\u00e7a a retirada do v\u00eddeo, al\u00e9m de uma indeniza\u00e7\u00e3o por danos morais coletivos.<\/p>\n\n\n\n<p>BandNewsCuritiba<\/p>\n","protected":false},"excerpt":{"rendered":"<p>O Google e o TikTok podem ter que derrubar um v\u00eddeo por discrimina\u00e7\u00e3o contra pessoas com S\u00edndrome de Down. Na semana passada, um comediante portugu\u00eas viralizou ao comentar que o lan\u00e7amento de uma Barbie com S\u00edndrome de Down n\u00e3o seria novidade porque \u201cos chineses j\u00e1 vendem bonecas com defeito\u201d. Na \u00faltima sexta-feira (12), um grupo [&hellip;]<\/p>\n","protected":false},"author":2,"featured_media":47843,"comment_status":"open","ping_status":"open","sticky":false,"template":"","format":"standard","meta":{"advanced_seo_description":"","jetpack_seo_html_title":"","jetpack_seo_noindex":false,"_jetpack_memberships_contains_paid_content":false,"footnotes":""},"categories":[40],"tags":[],"class_list":{"0":"post-47842","1":"post","2":"type-post","3":"status-publish","4":"format-standard","5":"has-post-thumbnail","7":"category-destaques"},"jetpack_featured_media_url":"https:\/\/www.paranapraia.com.br\/wp-content\/uploads\/2023\/05\/20230516_101908_0000.png","jetpack_sharing_enabled":true,"_links":{"self":[{"href":"https:\/\/www.paranapraia.com.br\/index.php\/wp-json\/wp\/v2\/posts\/47842"}],"collection":[{"href":"https:\/\/www.paranapraia.com.br\/index.php\/wp-json\/wp\/v2\/posts"}],"about":[{"href":"https:\/\/www.paranapraia.com.br\/index.php\/wp-json\/wp\/v2\/types\/post"}],"author":[{"embeddable":true,"href":"https:\/\/www.paranapraia.com.br\/index.php\/wp-json\/wp\/v2\/users\/2"}],"replies":[{"embeddable":true,"href":"https:\/\/www.paranapraia.com.br\/index.php\/wp-json\/wp\/v2\/comments?post=47842"}],"version-history":[{"count":1,"href":"https:\/\/www.paranapraia.com.br\/index.php\/wp-json\/wp\/v2\/posts\/47842\/revisions"}],"predecessor-version":[{"id":47844,"href":"https:\/\/www.paranapraia.com.br\/index.php\/wp-json\/wp\/v2\/posts\/47842\/revisions\/47844"}],"wp:featuredmedia":[{"embeddable":true,"href":"https:\/\/www.paranapraia.com.br\/index.php\/wp-json\/wp\/v2\/media\/47843"}],"wp:attachment":[{"href":"https:\/\/www.paranapraia.com.br\/index.php\/wp-json\/wp\/v2\/media?parent=47842"}],"wp:term":[{"taxonomy":"category","embeddable":true,"href":"https:\/\/www.paranapraia.com.br\/index.php\/wp-json\/wp\/v2\/categories?post=47842"},{"taxonomy":"post_tag","embeddable":true,"href":"https:\/\/www.paranapraia.com.br\/index.php\/wp-json\/wp\/v2\/tags?post=47842"}],"curies":[{"name":"wp","href":"https:\/\/api.w.org\/{rel}","templated":true}]}}