{"id":47836,"date":"2023-05-16T10:00:30","date_gmt":"2023-05-16T13:00:30","guid":{"rendered":"https:\/\/www.paranapraia.com.br\/?p=47836"},"modified":"2023-05-16T10:00:31","modified_gmt":"2023-05-16T13:00:31","slug":"amplitude-termica-chega-a-14oc-em-curitiba-nesta-terca","status":"publish","type":"post","link":"https:\/\/www.paranapraia.com.br\/index.php\/2023\/05\/16\/amplitude-termica-chega-a-14oc-em-curitiba-nesta-terca\/","title":{"rendered":"Amplitude t\u00e9rmica chega a 14\u00baC em Curitiba nesta ter\u00e7a"},"content":{"rendered":"\n<p><em>O dia come\u00e7a frio, com m\u00ednima de 7\u00baC, mas a m\u00e1xima \u00e9 de 21\u00baC<\/em><\/p>\n\n\n\n<p>O sistema de alta press\u00e3o segue atuando no Paran\u00e1 e mant\u00e9m o tempo seco e as manh\u00e3s frias. Nas serras e vales, pode haver forma\u00e7\u00e3o de nevoeiro pela manh\u00e3 e \u00e0 noite. Durante o dia, o sol eleva as temeraturas e a amplitude t\u00e9rmica ultrapassa os 10\u00baC e chega a 15\u00baC em v\u00e1rios setores do estado.<\/p>\n\n\n\n<p>Previs\u00e3o do tempo em CuritibaNa capital paranaense a amplitude \u00e9 de 14\u00baC, com m\u00ednima de 7\u00baC e m\u00e1xima de 21\u00baC. O sol brilha na capital durante todo o dia, com rajadas de vento amenas de at\u00e9 24km\/h, segundo o Simepar.<\/p>\n\n\n\n<p>Band News Curitiba <\/p>\n\n\n\n<p><\/p>\n","protected":false},"excerpt":{"rendered":"<p>O dia come\u00e7a frio, com m\u00ednima de 7\u00baC, mas a m\u00e1xima \u00e9 de 21\u00baC O sistema de alta press\u00e3o segue atuando no Paran\u00e1 e mant\u00e9m o tempo seco e as manh\u00e3s frias. Nas serras e vales, pode haver forma\u00e7\u00e3o de nevoeiro pela manh\u00e3 e \u00e0 noite. Durante o dia, o sol eleva as temeraturas e [&hellip;]<\/p>\n","protected":false},"author":2,"featured_media":47837,"comment_status":"open","ping_status":"open","sticky":false,"template":"","format":"standard","meta":{"advanced_seo_description":"","jetpack_seo_html_title":"","jetpack_seo_noindex":false,"_jetpack_memberships_contains_paid_content":false,"footnotes":""},"categories":[40],"tags":[],"class_list":{"0":"post-47836","1":"post","2":"type-post","3":"status-publish","4":"format-standard","5":"has-post-thumbnail","7":"category-destaques"},"jetpack_featured_media_url":"https:\/\/www.paranapraia.com.br\/wp-content\/uploads\/2023\/05\/tingui-sol-850x560-1.jpg","jetpack_sharing_enabled":true,"_links":{"self":[{"href":"https:\/\/www.paranapraia.com.br\/index.php\/wp-json\/wp\/v2\/posts\/47836"}],"collection":[{"href":"https:\/\/www.paranapraia.com.br\/index.php\/wp-json\/wp\/v2\/posts"}],"about":[{"href":"https:\/\/www.paranapraia.com.br\/index.php\/wp-json\/wp\/v2\/types\/post"}],"author":[{"embeddable":true,"href":"https:\/\/www.paranapraia.com.br\/index.php\/wp-json\/wp\/v2\/users\/2"}],"replies":[{"embeddable":true,"href":"https:\/\/www.paranapraia.com.br\/index.php\/wp-json\/wp\/v2\/comments?post=47836"}],"version-history":[{"count":1,"href":"https:\/\/www.paranapraia.com.br\/index.php\/wp-json\/wp\/v2\/posts\/47836\/revisions"}],"predecessor-version":[{"id":47838,"href":"https:\/\/www.paranapraia.com.br\/index.php\/wp-json\/wp\/v2\/posts\/47836\/revisions\/47838"}],"wp:featuredmedia":[{"embeddable":true,"href":"https:\/\/www.paranapraia.com.br\/index.php\/wp-json\/wp\/v2\/media\/47837"}],"wp:attachment":[{"href":"https:\/\/www.paranapraia.com.br\/index.php\/wp-json\/wp\/v2\/media?parent=47836"}],"wp:term":[{"taxonomy":"category","embeddable":true,"href":"https:\/\/www.paranapraia.com.br\/index.php\/wp-json\/wp\/v2\/categories?post=47836"},{"taxonomy":"post_tag","embeddable":true,"href":"https:\/\/www.paranapraia.com.br\/index.php\/wp-json\/wp\/v2\/tags?post=47836"}],"curies":[{"name":"wp","href":"https:\/\/api.w.org\/{rel}","templated":true}]}}