{"id":47771,"date":"2023-05-15T18:23:07","date_gmt":"2023-05-15T21:23:07","guid":{"rendered":"https:\/\/www.paranapraia.com.br\/?p=47771"},"modified":"2023-05-15T18:23:08","modified_gmt":"2023-05-15T21:23:08","slug":"parana-em-acao-e-justica-no-bairro-realizam-mais-de-2-190-atendimentos-em-paranagua","status":"publish","type":"post","link":"https:\/\/www.paranapraia.com.br\/index.php\/2023\/05\/15\/parana-em-acao-e-justica-no-bairro-realizam-mais-de-2-190-atendimentos-em-paranagua\/","title":{"rendered":"Paran\u00e1 em A\u00e7\u00e3o e Justi\u00e7a no Bairro realizam mais de 2.190 atendimentos em Paranagu\u00e1"},"content":{"rendered":"\n<p>A feira de servi\u00e7os Paran\u00e1 em A\u00e7\u00e3o e o programa Justi\u00e7a no Bairro realizaram mais de 2.190 atendimentos durante evento realizado em Paranagu\u00e1, no Litoral, de quinta-feira e s\u00e1bado (11 a 13). A popula\u00e7\u00e3o teve acesso a uma s\u00e9rie de servi\u00e7os gratuitos, como confec\u00e7\u00e3o de documentos, orienta\u00e7\u00e3o jur\u00eddica, intermedia\u00e7\u00e3o de vagas de emprego e cadastramento em programas sociais.<\/p>\n\n\n\n<figure class=\"wp-block-gallery columns-1 is-cropped wp-block-gallery-1 is-layout-flex wp-block-gallery-is-layout-flex\"><ul class=\"blocks-gallery-grid\"><li class=\"blocks-gallery-item\"><figure><img loading=\"lazy\" decoding=\"async\" width=\"1024\" height=\"683\" src=\"https:\/\/www.paranapraia.com.br\/wp-content\/uploads\/2023\/05\/whatsapp_image_2023-05-15_at_17.09.37-1024x683.jpg\" alt=\"\" data-id=\"47773\" data-full-url=\"https:\/\/www.paranapraia.com.br\/wp-content\/uploads\/2023\/05\/whatsapp_image_2023-05-15_at_17.09.37.jpg\" data-link=\"https:\/\/www.paranapraia.com.br\/?attachment_id=47773\" class=\"wp-image-47773\" srcset=\"https:\/\/www.paranapraia.com.br\/wp-content\/uploads\/2023\/05\/whatsapp_image_2023-05-15_at_17.09.37-1024x683.jpg 1024w, https:\/\/www.paranapraia.com.br\/wp-content\/uploads\/2023\/05\/whatsapp_image_2023-05-15_at_17.09.37-300x200.jpg 300w, https:\/\/www.paranapraia.com.br\/wp-content\/uploads\/2023\/05\/whatsapp_image_2023-05-15_at_17.09.37-768x512.jpg 768w, https:\/\/www.paranapraia.com.br\/wp-content\/uploads\/2023\/05\/whatsapp_image_2023-05-15_at_17.09.37-1536x1024.jpg 1536w, https:\/\/www.paranapraia.com.br\/wp-content\/uploads\/2023\/05\/whatsapp_image_2023-05-15_at_17.09.37-696x464.jpg 696w, https:\/\/www.paranapraia.com.br\/wp-content\/uploads\/2023\/05\/whatsapp_image_2023-05-15_at_17.09.37-1068x712.jpg 1068w, https:\/\/www.paranapraia.com.br\/wp-content\/uploads\/2023\/05\/whatsapp_image_2023-05-15_at_17.09.37-630x420.jpg 630w, https:\/\/www.paranapraia.com.br\/wp-content\/uploads\/2023\/05\/whatsapp_image_2023-05-15_at_17.09.37.jpg 1599w\" sizes=\"(max-width: 1024px) 100vw, 1024px\" \/><\/figure><\/li><li class=\"blocks-gallery-item\"><figure><img loading=\"lazy\" decoding=\"async\" width=\"1024\" height=\"683\" src=\"https:\/\/www.paranapraia.com.br\/wp-content\/uploads\/2023\/05\/268d5454-f022-45fe-9f47-537abd37483f_1_201_a-1024x683.jpg\" alt=\"\" data-id=\"47774\" data-full-url=\"https:\/\/www.paranapraia.com.br\/wp-content\/uploads\/2023\/05\/268d5454-f022-45fe-9f47-537abd37483f_1_201_a.jpg\" data-link=\"https:\/\/www.paranapraia.com.br\/?attachment_id=47774\" class=\"wp-image-47774\" srcset=\"https:\/\/www.paranapraia.com.br\/wp-content\/uploads\/2023\/05\/268d5454-f022-45fe-9f47-537abd37483f_1_201_a-1024x683.jpg 1024w, https:\/\/www.paranapraia.com.br\/wp-content\/uploads\/2023\/05\/268d5454-f022-45fe-9f47-537abd37483f_1_201_a-300x200.jpg 300w, https:\/\/www.paranapraia.com.br\/wp-content\/uploads\/2023\/05\/268d5454-f022-45fe-9f47-537abd37483f_1_201_a-768x512.jpg 768w, https:\/\/www.paranapraia.com.br\/wp-content\/uploads\/2023\/05\/268d5454-f022-45fe-9f47-537abd37483f_1_201_a-1536x1024.jpg 1536w, https:\/\/www.paranapraia.com.br\/wp-content\/uploads\/2023\/05\/268d5454-f022-45fe-9f47-537abd37483f_1_201_a-696x464.jpg 696w, https:\/\/www.paranapraia.com.br\/wp-content\/uploads\/2023\/05\/268d5454-f022-45fe-9f47-537abd37483f_1_201_a-1068x712.jpg 1068w, https:\/\/www.paranapraia.com.br\/wp-content\/uploads\/2023\/05\/268d5454-f022-45fe-9f47-537abd37483f_1_201_a-630x420.jpg 630w, https:\/\/www.paranapraia.com.br\/wp-content\/uploads\/2023\/05\/268d5454-f022-45fe-9f47-537abd37483f_1_201_a.jpg 1656w\" sizes=\"(max-width: 1024px) 100vw, 1024px\" \/><\/figure><\/li><li class=\"blocks-gallery-item\"><figure><img loading=\"lazy\" decoding=\"async\" width=\"1024\" height=\"683\" src=\"https:\/\/www.paranapraia.com.br\/wp-content\/uploads\/2023\/05\/7ddc5659-a6ed-42b4-852f-0d08d51f422f_1_201_a-1024x683.jpg\" alt=\"\" data-id=\"47775\" data-full-url=\"https:\/\/www.paranapraia.com.br\/wp-content\/uploads\/2023\/05\/7ddc5659-a6ed-42b4-852f-0d08d51f422f_1_201_a.jpg\" data-link=\"https:\/\/www.paranapraia.com.br\/?attachment_id=47775\" class=\"wp-image-47775\" srcset=\"https:\/\/www.paranapraia.com.br\/wp-content\/uploads\/2023\/05\/7ddc5659-a6ed-42b4-852f-0d08d51f422f_1_201_a-1024x683.jpg 1024w, https:\/\/www.paranapraia.com.br\/wp-content\/uploads\/2023\/05\/7ddc5659-a6ed-42b4-852f-0d08d51f422f_1_201_a-300x200.jpg 300w, https:\/\/www.paranapraia.com.br\/wp-content\/uploads\/2023\/05\/7ddc5659-a6ed-42b4-852f-0d08d51f422f_1_201_a-768x512.jpg 768w, https:\/\/www.paranapraia.com.br\/wp-content\/uploads\/2023\/05\/7ddc5659-a6ed-42b4-852f-0d08d51f422f_1_201_a-1536x1024.jpg 1536w, https:\/\/www.paranapraia.com.br\/wp-content\/uploads\/2023\/05\/7ddc5659-a6ed-42b4-852f-0d08d51f422f_1_201_a-696x464.jpg 696w, https:\/\/www.paranapraia.com.br\/wp-content\/uploads\/2023\/05\/7ddc5659-a6ed-42b4-852f-0d08d51f422f_1_201_a-1068x712.jpg 1068w, https:\/\/www.paranapraia.com.br\/wp-content\/uploads\/2023\/05\/7ddc5659-a6ed-42b4-852f-0d08d51f422f_1_201_a-630x420.jpg 630w, https:\/\/www.paranapraia.com.br\/wp-content\/uploads\/2023\/05\/7ddc5659-a6ed-42b4-852f-0d08d51f422f_1_201_a.jpg 1920w\" sizes=\"(max-width: 1024px) 100vw, 1024px\" \/><\/figure><\/li><\/ul><\/figure>\n\n\n\n<p>O Paran\u00e1 em A\u00e7\u00e3o \u00e9 realizado pelo Governo do Estado, por meio da Secretaria da Justi\u00e7a e Cidadania (Seju), e o Justi\u00e7a nos Bairros \u00e9 do Tribunal de Justi\u00e7a do Paran\u00e1 (TJPR). O evento foi uma a\u00e7\u00e3o conjunta e teve a parceria da Prefeitura de Paranagu\u00e1 e do Servi\u00e7o Social do Com\u00e9rcio, por meio do Sesc Cidad\u00e3o. A entidade disponibilizou a sede regional para o evento.<\/p>\n\n\n\n<p>Foram emitidas 697 Carteiras de Identidade, pelo Instituto de Identifica\u00e7\u00e3o da Pol\u00edcia Civil (IIPR). A Pol\u00edcia Penal, por meio de um conv\u00eanio com os Correios, encaminhou a confec\u00e7\u00e3o de 153 CPFs. Tamb\u00e9m foram encaminhadas 21 segundas vias de certid\u00f5es (nascimento, casamento e \u00f3bito) pelo Tribunal de Justi\u00e7a. O evento ofertou, ainda, CNH Digital, t\u00edtulo de eleitor, Carteira de ID Jovem, carteira do trabalho digital, Carteira do Autista e Passe Livre.<\/p>\n\n\n\n<p>\u201cEsse \u00e9 o resultado da soma de esfor\u00e7os entre os governos estadual e municipal, o Judici\u00e1rio e a entidade do setor produtivo em prol da popula\u00e7\u00e3o de Paranagu\u00e1\u201d, disse o secret\u00e1rio de Justi\u00e7a e Cidadania, Santin Roveda. \u201cPoder regularizar a documenta\u00e7\u00e3o de toda a fam\u00edlia com certeza ajuda a abrir portas, seja no acesso a uma vaga de emprego, no credenciamento a um programa social ou na regulariza\u00e7\u00e3o da situa\u00e7\u00e3o familiar\u201d, completou.<\/p>\n\n\n\n<p>Outro destaque foram as palestras realizadas pela Coordena\u00e7\u00e3o de Juventude da Secretaria de Desenvolvimento Social e Fam\u00edlia (Sedef) sobre o co.liga, cursos gratuitos oferecidos em parceria com a Funda\u00e7\u00e3o Roberto Marinho, e o programa ID Jovem, que possibilita a jovens de 15 a 29 anos viagens interestaduais gratuitas, entre outros servi\u00e7os. Participaram dessas palestras 428 alunos de sete escolas da regi\u00e3o.<\/p>\n\n\n\n<p>Tamb\u00e9m houve atendimentos pelo Detran (274) e pela Pol\u00edcia Civil (303), por meio do programa PCPR na Comunidade, projeto que promove atendimento humanizado, auxiliando na identifica\u00e7\u00e3o de poss\u00edveis v\u00edtimas e na conclus\u00e3o de investiga\u00e7\u00f5es. Foram disponibilizadas vagas de emprego, microcr\u00e9dito, seguro-desemprego e programas de qualifica\u00e7\u00e3o profissional, atrav\u00e9s da Ag\u00eancia do Trabalhador Itinerante, orienta\u00e7\u00e3o socioassistencial para mulheres v\u00edtimas de viol\u00eancia, atrav\u00e9s da unidade itinerante \u00d4nibus Lil\u00e1s.<\/p>\n\n\n\n<p>A popula\u00e7\u00e3o tamb\u00e9m teve a oportunidade de se inscrever em programas estaduais como o Energia Solid\u00e1ria e Casa F\u00e1cil Paran\u00e1, ambos voltados \u00e0 popula\u00e7\u00e3o de baixa renda. A Prefeitura de Paranagu\u00e1 levou servi\u00e7os da Secretaria Municipal de Assist\u00eancia Social, como atualiza\u00e7\u00e3o do Cad\u00danico e inscri\u00e7\u00e3o em programas sociais: Cart\u00e3o Comida Boa, do Governo do Estado, e Bolsa Fam\u00edlia, do governo federal.<\/p>\n\n\n\n<p><strong>JUSTI\u00c7A NO BAIRRO &#8211;<\/strong>&nbsp;Pelo programa Justi\u00e7a do Bairro, conjuntamente com o Sesc Cidad\u00e3o, foram 961 atendimentos, entre resolu\u00e7\u00e3o de conflitos na \u00e1rea da fam\u00edlia, orienta\u00e7\u00e3o jur\u00eddica diversa e reconhecimento de uni\u00e3o est\u00e1vel. O programa visa proporcionar \u00e0 popula\u00e7\u00e3o em situa\u00e7\u00e3o de vulnerabilidade econ\u00f4mica o acesso \u00e0 Justi\u00e7a de forma c\u00e9lere, efetiva e desburocratizada e, tamb\u00e9m, de conhecer os servi\u00e7os ofertados pelo Sesc-PR e parceiros.<\/p>\n\n\n\n<p><strong>PARCERIAS \u2013\u00a0<\/strong>Participaram da a\u00e7\u00e3o a Copel, Detran, Cohapar, Fomento Paran\u00e1, Celepar, Pol\u00edcia Militar, Pol\u00edcia Civil, Bombeiros, Pol\u00edcia Penal, al\u00e9m das secretarias estaduais do Desenvolvimento Social e Fam\u00edlia (Sedef); da Mulher e Igualdade Racial (Semi), e do Trabalho, Qualifica\u00e7\u00e3o e Renda; Sesc-PR, Minist\u00e9rio P\u00fablico (MP-PR) e Defensoria P\u00fablica (DPE).<\/p>\n\n\n\n<p>AEN<\/p>\n","protected":false},"excerpt":{"rendered":"<p>A feira de servi\u00e7os Paran\u00e1 em A\u00e7\u00e3o e o programa Justi\u00e7a no Bairro realizaram mais de 2.190 atendimentos durante evento realizado em Paranagu\u00e1, no Litoral, de quinta-feira e s\u00e1bado (11 a 13). A popula\u00e7\u00e3o teve acesso a uma s\u00e9rie de servi\u00e7os gratuitos, como confec\u00e7\u00e3o de documentos, orienta\u00e7\u00e3o jur\u00eddica, intermedia\u00e7\u00e3o de vagas de emprego e cadastramento [&hellip;]<\/p>\n","protected":false},"author":2,"featured_media":47772,"comment_status":"open","ping_status":"open","sticky":false,"template":"","format":"standard","meta":{"advanced_seo_description":"","jetpack_seo_html_title":"","jetpack_seo_noindex":false,"_jetpack_memberships_contains_paid_content":false,"footnotes":""},"categories":[40],"tags":[],"class_list":{"0":"post-47771","1":"post","2":"type-post","3":"status-publish","4":"format-standard","5":"has-post-thumbnail","7":"category-destaques"},"jetpack_featured_media_url":"https:\/\/www.paranapraia.com.br\/wp-content\/uploads\/2023\/05\/whatsapp_image_2023-05-15_at_17.09.38.jpg","jetpack_sharing_enabled":true,"_links":{"self":[{"href":"https:\/\/www.paranapraia.com.br\/index.php\/wp-json\/wp\/v2\/posts\/47771"}],"collection":[{"href":"https:\/\/www.paranapraia.com.br\/index.php\/wp-json\/wp\/v2\/posts"}],"about":[{"href":"https:\/\/www.paranapraia.com.br\/index.php\/wp-json\/wp\/v2\/types\/post"}],"author":[{"embeddable":true,"href":"https:\/\/www.paranapraia.com.br\/index.php\/wp-json\/wp\/v2\/users\/2"}],"replies":[{"embeddable":true,"href":"https:\/\/www.paranapraia.com.br\/index.php\/wp-json\/wp\/v2\/comments?post=47771"}],"version-history":[{"count":1,"href":"https:\/\/www.paranapraia.com.br\/index.php\/wp-json\/wp\/v2\/posts\/47771\/revisions"}],"predecessor-version":[{"id":47776,"href":"https:\/\/www.paranapraia.com.br\/index.php\/wp-json\/wp\/v2\/posts\/47771\/revisions\/47776"}],"wp:featuredmedia":[{"embeddable":true,"href":"https:\/\/www.paranapraia.com.br\/index.php\/wp-json\/wp\/v2\/media\/47772"}],"wp:attachment":[{"href":"https:\/\/www.paranapraia.com.br\/index.php\/wp-json\/wp\/v2\/media?parent=47771"}],"wp:term":[{"taxonomy":"category","embeddable":true,"href":"https:\/\/www.paranapraia.com.br\/index.php\/wp-json\/wp\/v2\/categories?post=47771"},{"taxonomy":"post_tag","embeddable":true,"href":"https:\/\/www.paranapraia.com.br\/index.php\/wp-json\/wp\/v2\/tags?post=47771"}],"curies":[{"name":"wp","href":"https:\/\/api.w.org\/{rel}","templated":true}]}}