{"id":47743,"date":"2023-05-15T17:45:55","date_gmt":"2023-05-15T20:45:55","guid":{"rendered":"https:\/\/www.paranapraia.com.br\/?p=47743"},"modified":"2023-05-15T17:45:56","modified_gmt":"2023-05-15T20:45:56","slug":"saude-e-conass-desenvolvem-ferramenta-para-georreferenciar-dengue-e-chikungunya","status":"publish","type":"post","link":"https:\/\/www.paranapraia.com.br\/index.php\/2023\/05\/15\/saude-e-conass-desenvolvem-ferramenta-para-georreferenciar-dengue-e-chikungunya\/","title":{"rendered":"Sa\u00fade e Conass desenvolvem ferramenta para georreferenciar dengue e chikungunya"},"content":{"rendered":"\n<p>A Secretaria da Sa\u00fade do Paran\u00e1 (Sesa), em parceria com o Conselho Nacional dos Secret\u00e1rios de Sa\u00fade (Conass), realizou nesta segunda-feira (15), em Curitiba, uma reuni\u00e3o t\u00e9cnica sobre mapeamento e integra\u00e7\u00e3o de informa\u00e7\u00f5es para o desenvolvimento de uma nova ferramenta de georreferenciamento da dengue e chikungunya no Estado. A iniciativa \u00e9 pioneira no pa\u00eds e servir\u00e1 de exemplo para outros estados. O objetivo \u00e9 construir um conjunto de indicadores necess\u00e1rios para tomada de decis\u00f5es no que se refere a essas arboviroses.<\/p>\n\n\n\n<p>A base do projeto \u00e9 a integra\u00e7\u00e3o de&nbsp;dados da secretaria estadual da Sa\u00fade e do Centro de Intelig\u00eancia Estrat\u00e9gica para a Gest\u00e3o Estadual do SUS (Cieges), que cuida da \u00e1rea digital do Conass.&nbsp;Os dados, que j\u00e1 s\u00e3o trabalhados pelas \u00e1reas t\u00e9cnicas, ser\u00e3o integrados para gerar informa\u00e7\u00f5es consistentes para decis\u00f5es mais assertivas, e em tempo oportuno, pelos gestores da sa\u00fade estadual. O encontro contou com a presen\u00e7a de representantes das \u00e1reas de Inform\u00e1tica, Vigil\u00e2ncia e Aten\u00e7\u00e3o da Sesa e de assessores t\u00e9cnicos do Cieges.<\/p>\n\n\n\n<p>\u201cUtilizar ferramentas digitais para coletar dados e agregar informa\u00e7\u00e3o do que ocorre em campo traz clareza para tomar algum tipo de decis\u00e3o ou definir prioridades em determinadas \u00e1reas\u201d, disse o secret\u00e1rio da Sa\u00fade, Beto Preto. \u201cNo caso da dengue, j\u00e1 temos um sistema avan\u00e7ado e que se tornar\u00e1 ainda mais eficaz com esse apoio do Cieges\u201d, ressaltou.<\/p>\n\n\n\n<p><strong>COOPERA\u00c7\u00c3O &#8211;&nbsp;<\/strong>Al\u00e9m das tratativas para o fluxo de informa\u00e7\u00f5es das arboviroses no Estado, os participantes discutiram a amplia\u00e7\u00e3o da coopera\u00e7\u00e3o entre os \u00f3rg\u00e3os na gest\u00e3o estadual do Sistema \u00danico de Sa\u00fade (SUS). O Cieges atua como articulador e facilitador no processo de desenvolvimento de plataformas de gest\u00e3o de informa\u00e7\u00f5es para a \u00e1rea da sa\u00fade.<\/p>\n\n\n\n<p>O Centro de Intelig\u00eancia Estrat\u00e9gica para a Gest\u00e3o Estadual do SUS possui mais de 20 bilh\u00f5es de registros em sua base de dados, o que permite pain\u00e9is din\u00e2micos em n\u00edvel nacional e nos estados. Atua com apoio e investimento da Organiza\u00e7\u00e3o Pan-Americana da Sa\u00fade (Opas) e tem como proposta a gest\u00e3o de dados, informa\u00e7\u00f5es e conhecimento do n\u00edvel operacional, t\u00e1tico e estrat\u00e9gico para a troca de solu\u00e7\u00f5es.<\/p>\n\n\n\n<p>Para Nereu Henrique Mansano, assessor t\u00e9cnico do Conass, o apoio t\u00e9cnico e a coopera\u00e7\u00e3o s\u00e3o importantes para an\u00e1lise dos dados, j\u00e1 que h\u00e1 um grande volume de informa\u00e7\u00f5es. \u201cQueremos fortalecer a capacidade de an\u00e1lise e integra\u00e7\u00e3o dos dados em cada secretaria estadual. No Paran\u00e1, estamos desenvolvendo prioritariamente a plataforma das arboviroses, e assim que finalizado vamos replicar a experi\u00eancia para os demais estados\u201d, disse.<\/p>\n\n\n\n<p>Atualmente as informa\u00e7\u00f5es das arboviroses publicadas semanalmente pela Sesa s\u00e3o retiradas do Sistema de Informa\u00e7\u00e3o de Agravos de Notifica\u00e7\u00f5es (Sinan), com informa\u00e7\u00f5es do Sistema de Vigil\u00e2ncia Epidemiol\u00f3gica dos estados e munic\u00edpios.<\/p>\n\n\n\n<p><strong>PRESEN\u00c7AS<\/strong>\u00a0&#8211; Participaram da reuni\u00e3o Marcus Vinicius Ramos de Carvalho e Fernando Campos Avendanho, assessores do Cieges; C\u00e9sar Neves, diretor executivo da Sesa; Maria Goretti Lopes,\u00a0diretora de Aten\u00e7\u00e3o e Vigil\u00e2ncia em Sa\u00fade, al\u00e9m de coordenadores de \u00e1rea da Sesa.<\/p>\n\n\n\n<p>AEN<\/p>\n","protected":false},"excerpt":{"rendered":"<p>A Secretaria da Sa\u00fade do Paran\u00e1 (Sesa), em parceria com o Conselho Nacional dos Secret\u00e1rios de Sa\u00fade (Conass), realizou nesta segunda-feira (15), em Curitiba, uma reuni\u00e3o t\u00e9cnica sobre mapeamento e integra\u00e7\u00e3o de informa\u00e7\u00f5es para o desenvolvimento de uma nova ferramenta de georreferenciamento da dengue e chikungunya no Estado. A iniciativa \u00e9 pioneira no pa\u00eds e [&hellip;]<\/p>\n","protected":false},"author":2,"featured_media":47744,"comment_status":"open","ping_status":"open","sticky":false,"template":"","format":"standard","meta":{"advanced_seo_description":"","jetpack_seo_html_title":"","jetpack_seo_noindex":false,"_jetpack_memberships_contains_paid_content":false,"footnotes":""},"categories":[50],"tags":[],"class_list":{"0":"post-47743","1":"post","2":"type-post","3":"status-publish","4":"format-standard","5":"has-post-thumbnail","7":"category-saude"},"jetpack_featured_media_url":"https:\/\/www.paranapraia.com.br\/wp-content\/uploads\/2023\/05\/img_20230515_140415902-scaled.jpg","jetpack_sharing_enabled":true,"_links":{"self":[{"href":"https:\/\/www.paranapraia.com.br\/index.php\/wp-json\/wp\/v2\/posts\/47743"}],"collection":[{"href":"https:\/\/www.paranapraia.com.br\/index.php\/wp-json\/wp\/v2\/posts"}],"about":[{"href":"https:\/\/www.paranapraia.com.br\/index.php\/wp-json\/wp\/v2\/types\/post"}],"author":[{"embeddable":true,"href":"https:\/\/www.paranapraia.com.br\/index.php\/wp-json\/wp\/v2\/users\/2"}],"replies":[{"embeddable":true,"href":"https:\/\/www.paranapraia.com.br\/index.php\/wp-json\/wp\/v2\/comments?post=47743"}],"version-history":[{"count":1,"href":"https:\/\/www.paranapraia.com.br\/index.php\/wp-json\/wp\/v2\/posts\/47743\/revisions"}],"predecessor-version":[{"id":47745,"href":"https:\/\/www.paranapraia.com.br\/index.php\/wp-json\/wp\/v2\/posts\/47743\/revisions\/47745"}],"wp:featuredmedia":[{"embeddable":true,"href":"https:\/\/www.paranapraia.com.br\/index.php\/wp-json\/wp\/v2\/media\/47744"}],"wp:attachment":[{"href":"https:\/\/www.paranapraia.com.br\/index.php\/wp-json\/wp\/v2\/media?parent=47743"}],"wp:term":[{"taxonomy":"category","embeddable":true,"href":"https:\/\/www.paranapraia.com.br\/index.php\/wp-json\/wp\/v2\/categories?post=47743"},{"taxonomy":"post_tag","embeddable":true,"href":"https:\/\/www.paranapraia.com.br\/index.php\/wp-json\/wp\/v2\/tags?post=47743"}],"curies":[{"name":"wp","href":"https:\/\/api.w.org\/{rel}","templated":true}]}}