{"id":47737,"date":"2023-05-15T17:41:13","date_gmt":"2023-05-15T20:41:13","guid":{"rendered":"https:\/\/www.paranapraia.com.br\/?p=47737"},"modified":"2023-05-15T17:41:14","modified_gmt":"2023-05-15T20:41:14","slug":"um-homem-colidiu-com-um-fusca-em-uma-arvore-veja-o-estado-do-veiculo","status":"publish","type":"post","link":"https:\/\/www.paranapraia.com.br\/index.php\/2023\/05\/15\/um-homem-colidiu-com-um-fusca-em-uma-arvore-veja-o-estado-do-veiculo\/","title":{"rendered":"Um homem colidiu com um Fusca em uma \u00e1rvore. Veja o estado do ve\u00edculo"},"content":{"rendered":"\n<p>Um homem colidiu com um Fusca em uma \u00e1rvore na cidade de Indaial, em\u00a0Santa Catarina, na madrugada deste domingo (14). O acidente de tr\u00e2nsito deixou o ve\u00edculo completamente retorcido.<\/p>\n\n\n\n<figure class=\"wp-block-image size-large\"><img loading=\"lazy\" decoding=\"async\" width=\"768\" height=\"1024\" src=\"https:\/\/www.paranapraia.com.br\/wp-content\/uploads\/2023\/05\/WhatsApp-Image-2023-05-15-at-17.40.26.jpeg\" alt=\"\" class=\"wp-image-47738\" srcset=\"https:\/\/www.paranapraia.com.br\/wp-content\/uploads\/2023\/05\/WhatsApp-Image-2023-05-15-at-17.40.26.jpeg 768w, https:\/\/www.paranapraia.com.br\/wp-content\/uploads\/2023\/05\/WhatsApp-Image-2023-05-15-at-17.40.26-225x300.jpeg 225w, https:\/\/www.paranapraia.com.br\/wp-content\/uploads\/2023\/05\/WhatsApp-Image-2023-05-15-at-17.40.26-696x928.jpeg 696w, https:\/\/www.paranapraia.com.br\/wp-content\/uploads\/2023\/05\/WhatsApp-Image-2023-05-15-at-17.40.26-315x420.jpeg 315w\" sizes=\"(max-width: 768px) 100vw, 768px\" \/><\/figure>\n\n\n\n<p>O Corpo de Bombeiros informou que foi acionado por volta das 3h45 da manh\u00e3 para um acidente na rua Marechal Deodoro da Fonseca. O homem que conduzia o carro estava fora do ve\u00edculo, com ferimentos graves.<\/p>\n\n\n\n<p>Ele foi encaminhado para o Hospital Beatriz Ramos, na pr\u00f3pria cidade. A\u00a0CNN\u00a0entrou em contato com o hospital, que disse que n\u00e3o poderia passar informa\u00e7\u00f5es sobre o estado de sa\u00fade do motorista.<\/p>\n\n\n\n<p>CNN<\/p>\n","protected":false},"excerpt":{"rendered":"<p>Um homem colidiu com um Fusca em uma \u00e1rvore na cidade de Indaial, em\u00a0Santa Catarina, na madrugada deste domingo (14). O acidente de tr\u00e2nsito deixou o ve\u00edculo completamente retorcido. O Corpo de Bombeiros informou que foi acionado por volta das 3h45 da manh\u00e3 para um acidente na rua Marechal Deodoro da Fonseca. O homem que [&hellip;]<\/p>\n","protected":false},"author":2,"featured_media":47738,"comment_status":"open","ping_status":"open","sticky":false,"template":"","format":"standard","meta":{"advanced_seo_description":"","jetpack_seo_html_title":"","jetpack_seo_noindex":false,"_jetpack_memberships_contains_paid_content":false,"footnotes":""},"categories":[52],"tags":[],"class_list":{"0":"post-47737","1":"post","2":"type-post","3":"status-publish","4":"format-standard","5":"has-post-thumbnail","7":"category-acidentes"},"jetpack_featured_media_url":"https:\/\/www.paranapraia.com.br\/wp-content\/uploads\/2023\/05\/WhatsApp-Image-2023-05-15-at-17.40.26.jpeg","jetpack_sharing_enabled":true,"_links":{"self":[{"href":"https:\/\/www.paranapraia.com.br\/index.php\/wp-json\/wp\/v2\/posts\/47737"}],"collection":[{"href":"https:\/\/www.paranapraia.com.br\/index.php\/wp-json\/wp\/v2\/posts"}],"about":[{"href":"https:\/\/www.paranapraia.com.br\/index.php\/wp-json\/wp\/v2\/types\/post"}],"author":[{"embeddable":true,"href":"https:\/\/www.paranapraia.com.br\/index.php\/wp-json\/wp\/v2\/users\/2"}],"replies":[{"embeddable":true,"href":"https:\/\/www.paranapraia.com.br\/index.php\/wp-json\/wp\/v2\/comments?post=47737"}],"version-history":[{"count":1,"href":"https:\/\/www.paranapraia.com.br\/index.php\/wp-json\/wp\/v2\/posts\/47737\/revisions"}],"predecessor-version":[{"id":47739,"href":"https:\/\/www.paranapraia.com.br\/index.php\/wp-json\/wp\/v2\/posts\/47737\/revisions\/47739"}],"wp:featuredmedia":[{"embeddable":true,"href":"https:\/\/www.paranapraia.com.br\/index.php\/wp-json\/wp\/v2\/media\/47738"}],"wp:attachment":[{"href":"https:\/\/www.paranapraia.com.br\/index.php\/wp-json\/wp\/v2\/media?parent=47737"}],"wp:term":[{"taxonomy":"category","embeddable":true,"href":"https:\/\/www.paranapraia.com.br\/index.php\/wp-json\/wp\/v2\/categories?post=47737"},{"taxonomy":"post_tag","embeddable":true,"href":"https:\/\/www.paranapraia.com.br\/index.php\/wp-json\/wp\/v2\/tags?post=47737"}],"curies":[{"name":"wp","href":"https:\/\/api.w.org\/{rel}","templated":true}]}}