{"id":47716,"date":"2023-05-15T17:32:39","date_gmt":"2023-05-15T20:32:39","guid":{"rendered":"https:\/\/www.paranapraia.com.br\/?p=47716"},"modified":"2023-05-15T17:32:40","modified_gmt":"2023-05-15T20:32:40","slug":"policial-civil-mata-quatro-colegas-a-tiros-em-delegacia-e-e-preso","status":"publish","type":"post","link":"https:\/\/www.paranapraia.com.br\/index.php\/2023\/05\/15\/policial-civil-mata-quatro-colegas-a-tiros-em-delegacia-e-e-preso\/","title":{"rendered":"Policial civil mata quatro colegas a tiros em delegacia e \u00e9 preso"},"content":{"rendered":"\n<p>Um\u00a0policial civil\u00a0matou quatro colegas policiais em uma delegacia, na madrugada deste domingo (14), e foi preso, na cidade de Camocim, no\u00a0Cear\u00e1.<\/p>\n\n\n\n<p>Segundo a Secretaria da Seguran\u00e7a P\u00fablica e Defesa Social do Cear\u00e1 (SSPDS), o suspeito, que n\u00e3o foi identificado, entrou na delegacia regional da Pol\u00edcia Civil, em Camocim, e\u00a0matou a tiros\u00a0os escriv\u00e3es Ant\u00f4nio Cl\u00e1udio dos Santos, Ant\u00f4nio Jos\u00e9 Rodrigues Miranda e Francisco dos Santos Pereira e o inspetor Gabriel de Souza Ferreira.<\/p>\n\n\n\n<p>A ocorr\u00eancia segue em andamento e o local foi isolado para ser periciado.<\/p>\n\n\n\n<p>\u201cNeste momento de dor, a SSPDS-CE e todas as suas vinculadas, em especial a PC-CE, se solidarizam com os familiares e amigos das quatro v\u00edtimas e refor\u00e7am que todo o aparato das institui\u00e7\u00f5es encontra-se dispon\u00edvel. Por fim, a SSPDS reconhece os relevantes servi\u00e7os prestados \u00e0 sociedade cearense pelos policiais civis que tanto contribu\u00edram para o combate \u00e0 criminalidade no Cear\u00e1\u201d, afirmou a SSPDS em nota.<\/p>\n\n\n\n<p>O governador do Cear\u00e1, Elmano Freitas (PT-CE), foi \u00e0s redes sociais ap\u00f3s o ocorrido e disse estar \u201cabsolutamente consternado diante do tr\u00e1gico epis\u00f3dio\u201d.<\/p>\n\n\n\n<p>\u201cManifesto a minha solidariedade \u00e0s fam\u00edlias, amigos e profissionais da Seguran\u00e7a P\u00fablica do Estado. O Governo do Cear\u00e1 dar\u00e1 todo o apoio necess\u00e1rio aos familiares\u201d, concluiu.<\/p>\n\n\n\n<p>CNN<\/p>\n","protected":false},"excerpt":{"rendered":"<p>Um\u00a0policial civil\u00a0matou quatro colegas policiais em uma delegacia, na madrugada deste domingo (14), e foi preso, na cidade de Camocim, no\u00a0Cear\u00e1. Segundo a Secretaria da Seguran\u00e7a P\u00fablica e Defesa Social do Cear\u00e1 (SSPDS), o suspeito, que n\u00e3o foi identificado, entrou na delegacia regional da Pol\u00edcia Civil, em Camocim, e\u00a0matou a tiros\u00a0os escriv\u00e3es Ant\u00f4nio Cl\u00e1udio dos [&hellip;]<\/p>\n","protected":false},"author":2,"featured_media":47717,"comment_status":"open","ping_status":"open","sticky":false,"template":"","format":"standard","meta":{"advanced_seo_description":"","jetpack_seo_html_title":"","jetpack_seo_noindex":false,"_jetpack_memberships_contains_paid_content":false,"footnotes":""},"categories":[33],"tags":[],"class_list":{"0":"post-47716","1":"post","2":"type-post","3":"status-publish","4":"format-standard","5":"has-post-thumbnail","7":"category-policia"},"jetpack_featured_media_url":"https:\/\/www.paranapraia.com.br\/wp-content\/uploads\/2023\/05\/WhatsApp-Image-2023-05-15-at-17.31.32-1.jpeg","jetpack_sharing_enabled":true,"_links":{"self":[{"href":"https:\/\/www.paranapraia.com.br\/index.php\/wp-json\/wp\/v2\/posts\/47716"}],"collection":[{"href":"https:\/\/www.paranapraia.com.br\/index.php\/wp-json\/wp\/v2\/posts"}],"about":[{"href":"https:\/\/www.paranapraia.com.br\/index.php\/wp-json\/wp\/v2\/types\/post"}],"author":[{"embeddable":true,"href":"https:\/\/www.paranapraia.com.br\/index.php\/wp-json\/wp\/v2\/users\/2"}],"replies":[{"embeddable":true,"href":"https:\/\/www.paranapraia.com.br\/index.php\/wp-json\/wp\/v2\/comments?post=47716"}],"version-history":[{"count":1,"href":"https:\/\/www.paranapraia.com.br\/index.php\/wp-json\/wp\/v2\/posts\/47716\/revisions"}],"predecessor-version":[{"id":47718,"href":"https:\/\/www.paranapraia.com.br\/index.php\/wp-json\/wp\/v2\/posts\/47716\/revisions\/47718"}],"wp:featuredmedia":[{"embeddable":true,"href":"https:\/\/www.paranapraia.com.br\/index.php\/wp-json\/wp\/v2\/media\/47717"}],"wp:attachment":[{"href":"https:\/\/www.paranapraia.com.br\/index.php\/wp-json\/wp\/v2\/media?parent=47716"}],"wp:term":[{"taxonomy":"category","embeddable":true,"href":"https:\/\/www.paranapraia.com.br\/index.php\/wp-json\/wp\/v2\/categories?post=47716"},{"taxonomy":"post_tag","embeddable":true,"href":"https:\/\/www.paranapraia.com.br\/index.php\/wp-json\/wp\/v2\/tags?post=47716"}],"curies":[{"name":"wp","href":"https:\/\/api.w.org\/{rel}","templated":true}]}}