{"id":4764,"date":"2019-04-05T09:35:56","date_gmt":"2019-04-05T12:35:56","guid":{"rendered":"https:\/\/www.paranapraia.com.br\/?p=4764"},"modified":"2019-04-05T09:35:57","modified_gmt":"2019-04-05T12:35:57","slug":"prefeitura-de-guaratuba-entrega-kits-de-material-escolar","status":"publish","type":"post","link":"https:\/\/www.paranapraia.com.br\/index.php\/2019\/04\/05\/prefeitura-de-guaratuba-entrega-kits-de-material-escolar\/","title":{"rendered":"Prefeitura de Guaratuba entrega kits de material escolar"},"content":{"rendered":"\n<p>O Prefeito Roberto Justus e a secret\u00e1ria Municipal da Educa\u00e7\u00e3o C\u00e1tia Regina Silvana estiveram nesta quarta-feira (03), entregando mochilas e kits de material escolar para os alunos do Centro de Educa\u00e7\u00e3o Infantil Pingo de Gente.<\/p>\n\n\n\n<p>Os kits de material escolar disponibilizados pela Prefeitura ser\u00e3o distribu\u00eddos nos pr\u00f3ximos dias para todos os 5 mil alunos da educa\u00e7\u00e3o infantil ao ensino fundamental da rede municipal de ensino.<\/p>\n\n\n\n<p>Cada kit escolar \u00e9 seriado e o material \u00e9 distribu\u00eddo de acordo com a idade dos alunos, do ber\u00e7\u00e1rio ao quinto ano.<\/p>\n\n\n\n<p>Segue abaixo rela\u00e7\u00e3o de itens que comp\u00f5e os kits de material escolar:<\/p>\n\n\n\n<p>Educa\u00e7\u00e3o Infantil 0 a 3 anos de idade.<\/p>\n\n\n\n<p>Agenda escolar<\/p>\n\n\n\n<p>Mochila Escolar<\/p>\n\n\n\n<p>Educa\u00e7\u00e3o Infantil 03 a 04 anos<\/p>\n\n\n\n<p>Agenda Escolar<\/p>\n\n\n\n<p>Bloco A3<\/p>\n\n\n\n<p>Cola Escolar Branca<\/p>\n\n\n\n<p>Tinta Guache<\/p>\n\n\n\n<p>Giz de Cera<\/p>\n\n\n\n<p>Pasta Escolar<\/p>\n\n\n\n<p>Massinha para modelar<\/p>\n\n\n\n<p>L\u00e1pis de cor<\/p>\n\n\n\n<p>Apontador para l\u00e1pis<\/p>\n\n\n\n<p>Estojo Escolar<\/p>\n\n\n\n<p>Mochila Escolar<\/p>\n\n\n\n<p>Educa\u00e7\u00e3o Infantil 04 a 05 anos<\/p>\n\n\n\n<p>Agenda Escolar<\/p>\n\n\n\n<p>Apontador para l\u00e1pis<\/p>\n\n\n\n<p>Borracha Pl\u00e1stica<\/p>\n\n\n\n<p>Bloco A3<\/p>\n\n\n\n<p>Cola Escolar Branca<\/p>\n\n\n\n<p>L\u00e1pis preto<\/p>\n\n\n\n<p>L\u00e1pis de cor<\/p>\n\n\n\n<p>Massinha pra modelar<\/p>\n\n\n\n<p>Giz de cera<\/p>\n\n\n\n<p>Tinta guache<\/p>\n\n\n\n<p>Papel sulfite<\/p>\n\n\n\n<p>Pincel redondo<\/p>\n\n\n\n<p>Pasta escolar<\/p>\n\n\n\n<p>Estojo escolar<\/p>\n\n\n\n<p>Mochila escolar<\/p>\n\n\n\n<p>Ensino fundamental 1\u00ba e 2\u00ba Ano<\/p>\n\n\n\n<p>Agenda Escolar<\/p>\n\n\n\n<p>Apontador para l\u00e1pis<\/p>\n\n\n\n<p>Borracha pl\u00e1stica<\/p>\n\n\n\n<p>Bloco A3<\/p>\n\n\n\n<p>Caderno de linguagem brochur\u00e3o<\/p>\n\n\n\n<p>Caderno xadrez brochur\u00e3o<\/p>\n\n\n\n<p>Cola escolar branca<\/p>\n\n\n\n<p>L\u00e1pis preto<\/p>\n\n\n\n<p>L\u00e1pis de cor<\/p>\n\n\n\n<p>Giz de cera<\/p>\n\n\n\n<p>Tesoura escolar infantil<\/p>\n\n\n\n<p>Papel sulfite<\/p>\n\n\n\n<p>Pasta escolar<\/p>\n\n\n\n<p>Estojo escolar<\/p>\n\n\n\n<p>Mochila escolar<\/p>\n\n\n\n<p>Ensino Fundamental 3\u00ba, 4\u00ba e 5\u00ba Ano<\/p>\n\n\n\n<p>Apontador para l\u00e1pis<\/p>\n\n\n\n<p>Borracha pl\u00e1stica<\/p>\n\n\n\n<p>Caderno de desenho grande espiral<\/p>\n\n\n\n<p>Caderno de linguagem brochur\u00e3o<\/p>\n\n\n\n<p>Caderno xadrez brochur\u00e3o<\/p>\n\n\n\n<p>Cola escolar branca<\/p>\n\n\n\n<p>Caneta esferogr\u00e1fica azul<\/p>\n\n\n\n<p>Caneta esferogr\u00e1fica preta<\/p>\n\n\n\n<p>L\u00e1pis preto<\/p>\n\n\n\n<p>L\u00e1pis de cor<\/p>\n\n\n\n<p>Giz de cera<\/p>\n\n\n\n<p>Papel sulfite<\/p>\n\n\n\n<p>Pasta escolar<\/p>\n\n\n\n<p>R\u00e9gua 30cm<\/p>\n\n\n\n<p>Estojo escolar<\/p>\n\n\n\n<p>Mochila escolar<\/p>\n\n\n\n<p><em>Assessoria<\/em><\/p>\n","protected":false},"excerpt":{"rendered":"<p>O Prefeito Roberto Justus e a secret\u00e1ria Municipal da Educa\u00e7\u00e3o C\u00e1tia Regina Silvana estiveram nesta quarta-feira (03), entregando mochilas e kits de material escolar para os alunos do Centro de Educa\u00e7\u00e3o Infantil Pingo de Gente. Os kits de material escolar disponibilizados pela Prefeitura ser\u00e3o distribu\u00eddos nos pr\u00f3ximos dias para todos os 5 mil alunos da [&hellip;]<\/p>\n","protected":false},"author":2,"featured_media":4765,"comment_status":"open","ping_status":"open","sticky":false,"template":"","format":"standard","meta":{"advanced_seo_description":"","jetpack_seo_html_title":"","jetpack_seo_noindex":false,"_jetpack_memberships_contains_paid_content":false,"footnotes":""},"categories":[42],"tags":[],"class_list":{"0":"post-4764","1":"post","2":"type-post","3":"status-publish","4":"format-standard","5":"has-post-thumbnail","7":"category-cidades"},"jetpack_featured_media_url":"https:\/\/www.paranapraia.com.br\/wp-content\/uploads\/2019\/04\/pref.jpg","jetpack_sharing_enabled":true,"_links":{"self":[{"href":"https:\/\/www.paranapraia.com.br\/index.php\/wp-json\/wp\/v2\/posts\/4764"}],"collection":[{"href":"https:\/\/www.paranapraia.com.br\/index.php\/wp-json\/wp\/v2\/posts"}],"about":[{"href":"https:\/\/www.paranapraia.com.br\/index.php\/wp-json\/wp\/v2\/types\/post"}],"author":[{"embeddable":true,"href":"https:\/\/www.paranapraia.com.br\/index.php\/wp-json\/wp\/v2\/users\/2"}],"replies":[{"embeddable":true,"href":"https:\/\/www.paranapraia.com.br\/index.php\/wp-json\/wp\/v2\/comments?post=4764"}],"version-history":[{"count":1,"href":"https:\/\/www.paranapraia.com.br\/index.php\/wp-json\/wp\/v2\/posts\/4764\/revisions"}],"predecessor-version":[{"id":4766,"href":"https:\/\/www.paranapraia.com.br\/index.php\/wp-json\/wp\/v2\/posts\/4764\/revisions\/4766"}],"wp:featuredmedia":[{"embeddable":true,"href":"https:\/\/www.paranapraia.com.br\/index.php\/wp-json\/wp\/v2\/media\/4765"}],"wp:attachment":[{"href":"https:\/\/www.paranapraia.com.br\/index.php\/wp-json\/wp\/v2\/media?parent=4764"}],"wp:term":[{"taxonomy":"category","embeddable":true,"href":"https:\/\/www.paranapraia.com.br\/index.php\/wp-json\/wp\/v2\/categories?post=4764"},{"taxonomy":"post_tag","embeddable":true,"href":"https:\/\/www.paranapraia.com.br\/index.php\/wp-json\/wp\/v2\/tags?post=4764"}],"curies":[{"name":"wp","href":"https:\/\/api.w.org\/{rel}","templated":true}]}}