{"id":4760,"date":"2019-04-05T09:32:41","date_gmt":"2019-04-05T12:32:41","guid":{"rendered":"https:\/\/www.paranapraia.com.br\/?p=4760"},"modified":"2019-04-05T09:32:41","modified_gmt":"2019-04-05T12:32:41","slug":"homem-vira-reu-por-homicidio-em-ataque-a-estudantes-em-pensionato-de-maringa","status":"publish","type":"post","link":"https:\/\/www.paranapraia.com.br\/index.php\/2019\/04\/05\/homem-vira-reu-por-homicidio-em-ataque-a-estudantes-em-pensionato-de-maringa\/","title":{"rendered":"Homem vira r\u00e9u por homic\u00eddio em ataque a estudantes, em pensionato de Maring\u00e1"},"content":{"rendered":"\n<h4 class=\"wp-block-heading\">Um jovem morreu e outros dois ficaram feridos, em 17 de mar\u00e7o; homem tamb\u00e9m virou r\u00e9u por tentativas de homic\u00eddio no caso.<\/h4>\n\n\n\n<p>A Justi\u00e7a aceitou a den\u00fancia contra Osvaldo dos Santos Pereira Junior, de 26 anos, acusado de&nbsp;<a href=\"https:\/\/g1.globo.com\/pr\/norte-noroeste\/noticia\/2019\/03\/17\/homem-ataca-estudantes-com-faca-e-deixa-um-morto-em-pensionato-de-maringa.ghtml\">atacar estudantes em um pensionato de Maring\u00e1<\/a>, no norte do Paran\u00e1. Nesta quinta-feira (4), ele virou r\u00e9u por homic\u00eddio qualificado e por tentativas de homic\u00eddio.<\/p>\n\n\n\n<p>No ataque, um jovem de 22 anos foi morto a punhaladas e outros dois ficaram feridos.<\/p>\n\n\n\n<p>Pereira J\u00fanior est\u00e1 preso desde o dia do crime, quando confessou aos policiais que esfaqueou os estudantes e disse que era maltratado na casa, segundo a Pol\u00edcia Civil.<\/p>\n\n\n\n<p>O homem passou por exames toxicol\u00f3gicos e de insanidade mental, para saber se ele estava sob influ\u00eancia de \u00e1lcool ou de drogas no momento do crime. Os resultados devem ser repassados \u00e0 Justi\u00e7a.<\/p>\n\n\n\n<p>A defesa de Osvaldo Pereira J\u00fanior informou que aguarda resultado dos exames para se pronunciar.<\/p>\n\n\n\n<h2 class=\"wp-block-heading\">Relembre o caso<\/h2>\n\n\n\n<p>Segundo a pol\u00edcia, o r\u00e9u entrou no pensionato na madrugada de domingo (17), e atacou tr\u00eas rapazes que estavam na cozinha. Duas v\u00edtimas conseguiram fugir e foram perseguidos na rua pelo suspeito, que tamb\u00e9m morava na casa.<\/p>\n\n\n\n<p>A PM foi acionada por vizinhos que ouviram a confus\u00e3o e conteve o autor do ataque. Ainda conforme a pol\u00edcia, ele estava muito transtornado e pediu para que os jovens se ajoelhassem no momento do crime.<\/p>\n\n\n\n<p>Em seguida, de acordo com a pol\u00edcia, o homem atacou as v\u00edtimas usando um punhal.<\/p>\n\n\n\n<p>G1<\/p>\n","protected":false},"excerpt":{"rendered":"<p>Um jovem morreu e outros dois ficaram feridos, em 17 de mar\u00e7o; homem tamb\u00e9m virou r\u00e9u por tentativas de homic\u00eddio no caso. A Justi\u00e7a aceitou a den\u00fancia contra Osvaldo dos Santos Pereira Junior, de 26 anos, acusado de&nbsp;atacar estudantes em um pensionato de Maring\u00e1, no norte do Paran\u00e1. Nesta quinta-feira (4), ele virou r\u00e9u por [&hellip;]<\/p>\n","protected":false},"author":2,"featured_media":4761,"comment_status":"open","ping_status":"open","sticky":false,"template":"","format":"standard","meta":{"advanced_seo_description":"","jetpack_seo_html_title":"","jetpack_seo_noindex":false,"_jetpack_memberships_contains_paid_content":false,"footnotes":""},"categories":[33],"tags":[],"class_list":{"0":"post-4760","1":"post","2":"type-post","3":"status-publish","4":"format-standard","5":"has-post-thumbnail","7":"category-policia"},"jetpack_featured_media_url":"https:\/\/www.paranapraia.com.br\/wp-content\/uploads\/2019\/04\/cabe.jpg","jetpack_sharing_enabled":true,"_links":{"self":[{"href":"https:\/\/www.paranapraia.com.br\/index.php\/wp-json\/wp\/v2\/posts\/4760"}],"collection":[{"href":"https:\/\/www.paranapraia.com.br\/index.php\/wp-json\/wp\/v2\/posts"}],"about":[{"href":"https:\/\/www.paranapraia.com.br\/index.php\/wp-json\/wp\/v2\/types\/post"}],"author":[{"embeddable":true,"href":"https:\/\/www.paranapraia.com.br\/index.php\/wp-json\/wp\/v2\/users\/2"}],"replies":[{"embeddable":true,"href":"https:\/\/www.paranapraia.com.br\/index.php\/wp-json\/wp\/v2\/comments?post=4760"}],"version-history":[{"count":1,"href":"https:\/\/www.paranapraia.com.br\/index.php\/wp-json\/wp\/v2\/posts\/4760\/revisions"}],"predecessor-version":[{"id":4762,"href":"https:\/\/www.paranapraia.com.br\/index.php\/wp-json\/wp\/v2\/posts\/4760\/revisions\/4762"}],"wp:featuredmedia":[{"embeddable":true,"href":"https:\/\/www.paranapraia.com.br\/index.php\/wp-json\/wp\/v2\/media\/4761"}],"wp:attachment":[{"href":"https:\/\/www.paranapraia.com.br\/index.php\/wp-json\/wp\/v2\/media?parent=4760"}],"wp:term":[{"taxonomy":"category","embeddable":true,"href":"https:\/\/www.paranapraia.com.br\/index.php\/wp-json\/wp\/v2\/categories?post=4760"},{"taxonomy":"post_tag","embeddable":true,"href":"https:\/\/www.paranapraia.com.br\/index.php\/wp-json\/wp\/v2\/tags?post=4760"}],"curies":[{"name":"wp","href":"https:\/\/api.w.org\/{rel}","templated":true}]}}