{"id":47509,"date":"2023-05-13T19:02:50","date_gmt":"2023-05-13T22:02:50","guid":{"rendered":"https:\/\/www.paranapraia.com.br\/?p=47509"},"modified":"2023-05-13T19:02:50","modified_gmt":"2023-05-13T22:02:50","slug":"com-sete-mil-policiais-operacao-fiscaliza-divisas-e-fronteiras-do-parana-e-mais-quatro-estados","status":"publish","type":"post","link":"https:\/\/www.paranapraia.com.br\/index.php\/2023\/05\/13\/com-sete-mil-policiais-operacao-fiscaliza-divisas-e-fronteiras-do-parana-e-mais-quatro-estados\/","title":{"rendered":"Com sete mil policiais, opera\u00e7\u00e3o fiscaliza divisas e fronteiras do Paran\u00e1 e mais quatro estados"},"content":{"rendered":"\n<p>A Secretaria de Seguran\u00e7a P\u00fablica do Paran\u00e1 lan\u00e7ou neste s\u00e1bado (13), em Gua\u00edra e Paranagu\u00e1, a opera\u00e7\u00e3o Fronteiras e Divisas Integradas, que visa combater crimes transfronteiri\u00e7os.&nbsp;O objetivo \u00e9 intensificar a presen\u00e7a do Estado nas faixas lim\u00edtrofes, fortalecendo a integra\u00e7\u00e3o entre \u00f3rg\u00e3os federais, estaduais e municipais no combate a il\u00edcitos.<\/p>\n\n\n\n<p>Fazem parte da opera\u00e7\u00e3o&nbsp;for\u00e7as policiais do Paran\u00e1, S\u00e3o Paulo, Santa Catarina, Mato Grosso do Sul e Rio Grande do Sul. A&nbsp;opera\u00e7\u00e3o foi desenhada no I Encontro entre Secret\u00e1rios de Seguran\u00e7a P\u00fablica do Sul, S\u00e3o Paulo e Mato Grosso do Sul (SULMASSP), h\u00e1 poucas semanas.<\/p>\n\n\n\n<p>\u201cO objetivo da opera\u00e7\u00e3o n\u00e3o \u00e9 s\u00f3 visibilidade ostensiva, mas tamb\u00e9m fortalecer a intelig\u00eancia. Vamos intensificar o combate ao tr\u00e1fico de drogas, tr\u00e1fico de armas e contrabando, entre outros. N\u00f3s temos divisas muito grandes, mas com os estados integrados ganhamos for\u00e7a. Esse interc\u00e2mbio \u00e9 important\u00edssimo\u201d, explicou&nbsp;o secret\u00e1rio de seguran\u00e7a do Paran\u00e1, Hudson Le\u00f4ncio Teixeira.<\/p>\n\n\n\n<p>Sete mil policiais est\u00e3o fiscalizando 128 pontos terrestres, mar\u00edtimos e a\u00e9reos nas divisas e fronteiras com o objetivo de combater diversos tipos de crimes. Cerca de 2,5 mil viaturas, 31 embarca\u00e7\u00f5es e 13 aeronaves est\u00e3o fornecendo apoio nos cinco estados. Desde a sexta-feira (12),&nbsp;uma tonelada de droga e quatro armas de fogo foram retiradas das ruas.<\/p>\n\n\n\n<p>A a\u00e7\u00e3o prev\u00ea abordagens a ve\u00edculos e embarca\u00e7\u00f5es, identifica\u00e7\u00e3o e monitoramento de foragidos e a\u00e7\u00f5es de repress\u00e3o qualificada. Coibir roubo e furto de cargas e roubos a estabelecimentos banc\u00e1rios s\u00e3o alguns dos objetivos.<\/p>\n\n\n\n<p>O comandante-geral da Pol\u00edcia Militar de S\u00e3o Paulo, coronel C\u00e1ssio Ara\u00fajo de Freitas, que participou do lan\u00e7amento, explicou que esse tipo de opera\u00e7\u00e3o visa a prote\u00e7\u00e3o da sociedade.&nbsp;\u201cOpera\u00e7\u00f5es conjuntas aumentam a integra\u00e7\u00e3o, o fluxo de informa\u00e7\u00f5es, o estabelecimento de novas provid\u00eancias. S\u00e3o Paulo vai apoiar o Paran\u00e1 e os demais estados nessa grande for\u00e7a-tarefa\u201d, disse.<\/p>\n\n\n\n<p><strong>INTEGRA\u00c7\u00c3O<\/strong>&nbsp;\u2013&nbsp;A coordena\u00e7\u00e3o operacional \u00e9 da Seguran\u00e7a P\u00fablica do Paran\u00e1 (Sesp), por meio da Coordena\u00e7\u00e3o de Opera\u00e7\u00f5es Integradas de Seguran\u00e7a P\u00fablica (Coisp). Pela Sesp, as institui\u00e7\u00f5es participantes ser\u00e3o as pol\u00edcias Militar, Civil, Cient\u00edfica e Penal, que atuar\u00e3o em parceria com a Pol\u00edcia Rodovi\u00e1ria Federal (PRF) e Receita Federal.&nbsp;<\/p>\n\n\n\n<p>A Pol\u00edcia Cient\u00edfica disponibilizou o aparelho Espectroscopia Raman para a opera\u00e7\u00e3o. Ele reconhece a estrutura qu\u00edmica do material apreendido, permitindo a identifica\u00e7\u00e3o de forma mais agilizada.&nbsp;<\/p>\n\n\n\n<p>Para o delegado-geral da Pol\u00edcia Civil do Paran\u00e1, Silvio Rockembach, a criminalidade n\u00e3o respeita fronteiras, por isso as for\u00e7as devem trabalhar unidas. &#8220;A integra\u00e7\u00e3o tem sido intensificada cada vez mais entre os estados. A uni\u00e3o das pol\u00edcias entrega uma resposta mais eficiente para a popula\u00e7\u00e3o\u201d, destacou.&nbsp;<\/p>\n\n\n\n<p>O comandante-geral da Pol\u00edcia Militar do Paran\u00e1, coronel S\u00e9rgio Almir Teixeira, disse que a atua\u00e7\u00e3o criminosa em qualquer um desses estados impacta os demais.\u00a0\u201cEstamos h\u00e1 quase dois meses organizando essa opera\u00e7\u00e3o, com o principal objetivo de realizar uma intera\u00e7\u00e3o cada vez mais efetiva entre as pol\u00edcias, aprimorando t\u00e9cnicas e fortalecendo a seguran\u00e7a do Pa\u00eds&#8221;, disse.<\/p>\n\n\n\n<p>AEN<\/p>\n","protected":false},"excerpt":{"rendered":"<p>A Secretaria de Seguran\u00e7a P\u00fablica do Paran\u00e1 lan\u00e7ou neste s\u00e1bado (13), em Gua\u00edra e Paranagu\u00e1, a opera\u00e7\u00e3o Fronteiras e Divisas Integradas, que visa combater crimes transfronteiri\u00e7os.&nbsp;O objetivo \u00e9 intensificar a presen\u00e7a do Estado nas faixas lim\u00edtrofes, fortalecendo a integra\u00e7\u00e3o entre \u00f3rg\u00e3os federais, estaduais e municipais no combate a il\u00edcitos. Fazem parte da opera\u00e7\u00e3o&nbsp;for\u00e7as policiais do [&hellip;]<\/p>\n","protected":false},"author":2,"featured_media":47510,"comment_status":"open","ping_status":"open","sticky":false,"template":"","format":"standard","meta":{"advanced_seo_description":"","jetpack_seo_html_title":"","jetpack_seo_noindex":false,"_jetpack_memberships_contains_paid_content":false,"footnotes":""},"categories":[40],"tags":[],"class_list":{"0":"post-47509","1":"post","2":"type-post","3":"status-publish","4":"format-standard","5":"has-post-thumbnail","7":"category-destaques"},"jetpack_featured_media_url":"https:\/\/www.paranapraia.com.br\/wp-content\/uploads\/2023\/05\/whatsapp_image_2023-05-13_at_17.22.54_1.jpg","jetpack_sharing_enabled":true,"_links":{"self":[{"href":"https:\/\/www.paranapraia.com.br\/index.php\/wp-json\/wp\/v2\/posts\/47509"}],"collection":[{"href":"https:\/\/www.paranapraia.com.br\/index.php\/wp-json\/wp\/v2\/posts"}],"about":[{"href":"https:\/\/www.paranapraia.com.br\/index.php\/wp-json\/wp\/v2\/types\/post"}],"author":[{"embeddable":true,"href":"https:\/\/www.paranapraia.com.br\/index.php\/wp-json\/wp\/v2\/users\/2"}],"replies":[{"embeddable":true,"href":"https:\/\/www.paranapraia.com.br\/index.php\/wp-json\/wp\/v2\/comments?post=47509"}],"version-history":[{"count":1,"href":"https:\/\/www.paranapraia.com.br\/index.php\/wp-json\/wp\/v2\/posts\/47509\/revisions"}],"predecessor-version":[{"id":47511,"href":"https:\/\/www.paranapraia.com.br\/index.php\/wp-json\/wp\/v2\/posts\/47509\/revisions\/47511"}],"wp:featuredmedia":[{"embeddable":true,"href":"https:\/\/www.paranapraia.com.br\/index.php\/wp-json\/wp\/v2\/media\/47510"}],"wp:attachment":[{"href":"https:\/\/www.paranapraia.com.br\/index.php\/wp-json\/wp\/v2\/media?parent=47509"}],"wp:term":[{"taxonomy":"category","embeddable":true,"href":"https:\/\/www.paranapraia.com.br\/index.php\/wp-json\/wp\/v2\/categories?post=47509"},{"taxonomy":"post_tag","embeddable":true,"href":"https:\/\/www.paranapraia.com.br\/index.php\/wp-json\/wp\/v2\/tags?post=47509"}],"curies":[{"name":"wp","href":"https:\/\/api.w.org\/{rel}","templated":true}]}}