{"id":47504,"date":"2023-05-13T18:31:45","date_gmt":"2023-05-13T21:31:45","guid":{"rendered":"https:\/\/www.paranapraia.com.br\/?p=47504"},"modified":"2023-05-13T18:33:46","modified_gmt":"2023-05-13T21:33:46","slug":"pastor-valdemiro-leva-golpe-de-r-800-milhoes-perde-jato-e-e-despejado","status":"publish","type":"post","link":"https:\/\/www.paranapraia.com.br\/index.php\/2023\/05\/13\/pastor-valdemiro-leva-golpe-de-r-800-milhoes-perde-jato-e-e-despejado\/","title":{"rendered":"Pastor Valdemiro leva golpe de R$ 800 milh\u00f5es, perde jato e \u00e9 despejado"},"content":{"rendered":"\n<p>Valdemiro Santiago\u00a0\u00e9 um dos l\u00edderes religiosos mais famosos do Brasil, mas uma mar\u00e9 de azar tomou conta do entorno do pastor nos \u00faltimos meses. Al\u00e9m de ter sofrido golpes financeiros dentro da pr\u00f3pria fam\u00edlia, o l\u00edder da Igreja Mundial do Poder de Deus precisou fechar templos e emissoras por causa de d\u00edvidas.<\/p>\n\n\n\n<p>O religioso j\u00e1 perdeu um jatinho, o qual foi dado em penhor pelo pr\u00f3prio ex-genro, Filipe Iannie, que assinou um termo colocando a aeronave como garantia de pagamento de uma d\u00edvida, em 2018. De acordo com Rog\u00e9rio Gentile, do Uol, a Justi\u00e7a de S\u00e3o Paulo penhorou o bem devido a um processo movido pelo Nacional Bank.<\/p>\n\n\n\n<p>A institui\u00e7\u00e3o financeira cobrou uma d\u00edvida de cerca de R$ 21,4 milh\u00f5es da empresa Intertev\u00ea Servi\u00e7os Ltda, que \u00e9 do pastor. O Nacional Bank acusou o dono da Mundial de tentar burlar a Justi\u00e7a, transferindo a aeronave para o nome da empresa Eu Transpiro Adora\u00e7\u00e3o, que \u00e9 de uma de suas filhas.<\/p>\n\n\n\n<p>Valdemiro Santiago perdeu R$ 800 milh\u00f5es ap\u00f3s um suposto golpe sofrido pela filha, Raquel Santiago, que se separou do Filipe Iannie. De acordo com Leo Dias, do Metr\u00f3poles, o rapaz juntou o dinheiro durante o casamento e ficou com todo o montante ap\u00f3s a separa\u00e7\u00e3o. Revoltado com a m\u00e1 administra\u00e7\u00e3o da filha nas quest\u00f5es da igreja, o pastor afastou a herdeira de cargos importantes da Mundial.<\/p>\n\n\n\n<p>TV Foco<\/p>\n","protected":false},"excerpt":{"rendered":"<p>Valdemiro Santiago\u00a0\u00e9 um dos l\u00edderes religiosos mais famosos do Brasil, mas uma mar\u00e9 de azar tomou conta do entorno do pastor nos \u00faltimos meses. Al\u00e9m de ter sofrido golpes financeiros dentro da pr\u00f3pria fam\u00edlia, o l\u00edder da Igreja Mundial do Poder de Deus precisou fechar templos e emissoras por causa de d\u00edvidas. O religioso j\u00e1 [&hellip;]<\/p>\n","protected":false},"author":2,"featured_media":47505,"comment_status":"open","ping_status":"open","sticky":false,"template":"","format":"standard","meta":{"advanced_seo_description":"","jetpack_seo_html_title":"","jetpack_seo_noindex":false,"_jetpack_memberships_contains_paid_content":false,"footnotes":""},"categories":[104],"tags":[],"class_list":{"0":"post-47504","1":"post","2":"type-post","3":"status-publish","4":"format-standard","5":"has-post-thumbnail","7":"category-televisao"},"jetpack_featured_media_url":"https:\/\/www.paranapraia.com.br\/wp-content\/uploads\/2023\/05\/WhatsApp-Image-2023-05-13-at-18.28.57.jpeg","jetpack_sharing_enabled":true,"_links":{"self":[{"href":"https:\/\/www.paranapraia.com.br\/index.php\/wp-json\/wp\/v2\/posts\/47504"}],"collection":[{"href":"https:\/\/www.paranapraia.com.br\/index.php\/wp-json\/wp\/v2\/posts"}],"about":[{"href":"https:\/\/www.paranapraia.com.br\/index.php\/wp-json\/wp\/v2\/types\/post"}],"author":[{"embeddable":true,"href":"https:\/\/www.paranapraia.com.br\/index.php\/wp-json\/wp\/v2\/users\/2"}],"replies":[{"embeddable":true,"href":"https:\/\/www.paranapraia.com.br\/index.php\/wp-json\/wp\/v2\/comments?post=47504"}],"version-history":[{"count":2,"href":"https:\/\/www.paranapraia.com.br\/index.php\/wp-json\/wp\/v2\/posts\/47504\/revisions"}],"predecessor-version":[{"id":47508,"href":"https:\/\/www.paranapraia.com.br\/index.php\/wp-json\/wp\/v2\/posts\/47504\/revisions\/47508"}],"wp:featuredmedia":[{"embeddable":true,"href":"https:\/\/www.paranapraia.com.br\/index.php\/wp-json\/wp\/v2\/media\/47505"}],"wp:attachment":[{"href":"https:\/\/www.paranapraia.com.br\/index.php\/wp-json\/wp\/v2\/media?parent=47504"}],"wp:term":[{"taxonomy":"category","embeddable":true,"href":"https:\/\/www.paranapraia.com.br\/index.php\/wp-json\/wp\/v2\/categories?post=47504"},{"taxonomy":"post_tag","embeddable":true,"href":"https:\/\/www.paranapraia.com.br\/index.php\/wp-json\/wp\/v2\/tags?post=47504"}],"curies":[{"name":"wp","href":"https:\/\/api.w.org\/{rel}","templated":true}]}}