{"id":47487,"date":"2023-05-13T16:39:33","date_gmt":"2023-05-13T19:39:33","guid":{"rendered":"https:\/\/www.paranapraia.com.br\/?p=47487"},"modified":"2023-05-13T16:39:34","modified_gmt":"2023-05-13T19:39:34","slug":"ela-acha-que-ele-pode-entrar-no-hospital-para-matar-diz-advogado-de-influencer-esfaqueada-no-rosto-por-ex-companheiro","status":"publish","type":"post","link":"https:\/\/www.paranapraia.com.br\/index.php\/2023\/05\/13\/ela-acha-que-ele-pode-entrar-no-hospital-para-matar-diz-advogado-de-influencer-esfaqueada-no-rosto-por-ex-companheiro\/","title":{"rendered":"&#8216;Ela acha que ele pode entrar no hospital para matar&#8217;, diz advogado de influencer esfaqueada no rosto por ex-companheiro"},"content":{"rendered":"\n<p>O advogado Ant\u00f4nio Jos\u00e9 Matos do Amaral, contratado pela fam\u00edlia da influencer digital Daniele Gon\u00e7alves, 32 anos, golpeada no rosto e bra\u00e7o com um fac\u00e3o pelo ex-companheiro, Gabriel F\u00e1vero, em Londrina, norte do estado, disse que ela &#8220;est\u00e1 em p\u00e2nico, com medo de ficar no hospital e achando que ele (suspeito) pode entrar a qualquer momento para mat\u00e1-la&#8221;.Segundo a Pol\u00edcia Civil, Daniele foi atacada na ter\u00e7a-feira (9), quando chegava de carro em casa. <\/p>\n\n\n\n<p>O suspeito, que manteve um relacionamento com ela por aproximadamente oito meses, quebrou o vidro do ve\u00edculo com o fac\u00e3o e depois desferiu os golpes. Ap\u00f3s cometer o crime, ele fugiu, mas foi preso dois dias depois em uma cl\u00ednica psiqui\u00e1trica na zona rural de Maring\u00e1.<\/p>\n\n\n\n<p>A influencer est\u00e1 internada no Hospital Universit\u00e1rio (HU) de Londrina. Segundo a assessoria de imprensa da unidade, Daniele passou por uma cirurgia para repara\u00e7\u00e3o de um osso da face, mas deve ser submetida a outros procedimentos cir\u00fargicos.<\/p>\n\n\n\n<p>Uma amiga da influencer, que optou em n\u00e3o se identificar, disse que Daniele est\u00e1 sem o movimento de dois dedos da m\u00e3o. Ela tamb\u00e9m teve, segundo a colega, dois ossos do bra\u00e7o quebrados.<\/p>\n\n\n\n<p>A defesa de Gabriel alegou que ele tem problemas psicol\u00f3gicos, com tend\u00eancia para o cometimento de crimes.Investiga\u00e7\u00e3oA Pol\u00edcia Civil disse que Gabriel deve ser indiciado por tentativa de feminic\u00eddio. Em interrogat\u00f3rio, ele disse n\u00e3o se recordar da viol\u00eancia praticada contra a ex-companheira.<\/p>\n\n\n\n<figure class=\"wp-block-image size-large\"><img loading=\"lazy\" decoding=\"async\" width=\"1000\" height=\"626\" src=\"https:\/\/www.paranapraia.com.br\/wp-content\/uploads\/2023\/05\/dani-goncalves-1-.jpg\" alt=\"\" class=\"wp-image-47488\" srcset=\"https:\/\/www.paranapraia.com.br\/wp-content\/uploads\/2023\/05\/dani-goncalves-1-.jpg 1000w, https:\/\/www.paranapraia.com.br\/wp-content\/uploads\/2023\/05\/dani-goncalves-1--300x188.jpg 300w, https:\/\/www.paranapraia.com.br\/wp-content\/uploads\/2023\/05\/dani-goncalves-1--768x481.jpg 768w, https:\/\/www.paranapraia.com.br\/wp-content\/uploads\/2023\/05\/dani-goncalves-1--696x436.jpg 696w, https:\/\/www.paranapraia.com.br\/wp-content\/uploads\/2023\/05\/dani-goncalves-1--671x420.jpg 671w\" sizes=\"(max-width: 1000px) 100vw, 1000px\" \/><\/figure>\n\n\n\n<p>De acordo com a delegada Carla Gomes, respons\u00e1vel pelo caso, o relacionamento entre Gabriel e Daniele foi marcado por brigas e agress\u00f5es.Durante uma viagem dela a Goi\u00e2nia (GO), onde morou por cinco anos antes de voltar ao Paran\u00e1, a delegada informou que a v\u00edtima foi perseguida e agredida pelo suspeito, que n\u00e3o aceitava o fim do relacionamento.<\/p>\n\n\n\n<p>Com informa\u00e7\u00f5es do G1PR<\/p>\n\n\n\n<p> Influencer Dani Gon\u00e7alves foi internada ap\u00f3s ser agredida pelo ex-namorado, Goi\u00e1s \u2014 Foto: Instagram\/Dani Gon\u00e7alves<\/p>\n","protected":false},"excerpt":{"rendered":"<p>O advogado Ant\u00f4nio Jos\u00e9 Matos do Amaral, contratado pela fam\u00edlia da influencer digital Daniele Gon\u00e7alves, 32 anos, golpeada no rosto e bra\u00e7o com um fac\u00e3o pelo ex-companheiro, Gabriel F\u00e1vero, em Londrina, norte do estado, disse que ela &#8220;est\u00e1 em p\u00e2nico, com medo de ficar no hospital e achando que ele (suspeito) pode entrar a qualquer [&hellip;]<\/p>\n","protected":false},"author":2,"featured_media":47489,"comment_status":"open","ping_status":"open","sticky":false,"template":"","format":"standard","meta":{"advanced_seo_description":"","jetpack_seo_html_title":"","jetpack_seo_noindex":false,"_jetpack_memberships_contains_paid_content":false,"footnotes":""},"categories":[33],"tags":[],"class_list":{"0":"post-47487","1":"post","2":"type-post","3":"status-publish","4":"format-standard","5":"has-post-thumbnail","7":"category-policia"},"jetpack_featured_media_url":"https:\/\/www.paranapraia.com.br\/wp-content\/uploads\/2023\/05\/dani-goncalves.jpg","jetpack_sharing_enabled":true,"_links":{"self":[{"href":"https:\/\/www.paranapraia.com.br\/index.php\/wp-json\/wp\/v2\/posts\/47487"}],"collection":[{"href":"https:\/\/www.paranapraia.com.br\/index.php\/wp-json\/wp\/v2\/posts"}],"about":[{"href":"https:\/\/www.paranapraia.com.br\/index.php\/wp-json\/wp\/v2\/types\/post"}],"author":[{"embeddable":true,"href":"https:\/\/www.paranapraia.com.br\/index.php\/wp-json\/wp\/v2\/users\/2"}],"replies":[{"embeddable":true,"href":"https:\/\/www.paranapraia.com.br\/index.php\/wp-json\/wp\/v2\/comments?post=47487"}],"version-history":[{"count":1,"href":"https:\/\/www.paranapraia.com.br\/index.php\/wp-json\/wp\/v2\/posts\/47487\/revisions"}],"predecessor-version":[{"id":47490,"href":"https:\/\/www.paranapraia.com.br\/index.php\/wp-json\/wp\/v2\/posts\/47487\/revisions\/47490"}],"wp:featuredmedia":[{"embeddable":true,"href":"https:\/\/www.paranapraia.com.br\/index.php\/wp-json\/wp\/v2\/media\/47489"}],"wp:attachment":[{"href":"https:\/\/www.paranapraia.com.br\/index.php\/wp-json\/wp\/v2\/media?parent=47487"}],"wp:term":[{"taxonomy":"category","embeddable":true,"href":"https:\/\/www.paranapraia.com.br\/index.php\/wp-json\/wp\/v2\/categories?post=47487"},{"taxonomy":"post_tag","embeddable":true,"href":"https:\/\/www.paranapraia.com.br\/index.php\/wp-json\/wp\/v2\/tags?post=47487"}],"curies":[{"name":"wp","href":"https:\/\/api.w.org\/{rel}","templated":true}]}}