{"id":4739,"date":"2019-04-05T09:13:16","date_gmt":"2019-04-05T12:13:16","guid":{"rendered":"https:\/\/www.paranapraia.com.br\/?p=4739"},"modified":"2019-04-05T09:13:19","modified_gmt":"2019-04-05T12:13:19","slug":"matinhos-realiza-audiencia-publica-sobre-revisao-do-plano-diretor","status":"publish","type":"post","link":"https:\/\/www.paranapraia.com.br\/index.php\/2019\/04\/05\/matinhos-realiza-audiencia-publica-sobre-revisao-do-plano-diretor\/","title":{"rendered":"Matinhos realiza audi\u00eancia p\u00fablica sobre Revis\u00e3o do Plano Diretor"},"content":{"rendered":"\n<p>A Prefeitura Municipal de Matinhos, por interm\u00e9dio de seu representante legal, no uso de suas atribui\u00e7\u00f5es legais Prefeito Ruy Hauer Reichert e o Conselho Municipal da Cidade de Matinhos, representado por sua Presidente Patricia Biff, e Vice-Presidente Ailson Orlei Moro Camargo, nos termos do artigo 40, \u00a7 4\u00ba I da Lei n\u00b010.257\/2001e nos termos do artigo 4\u00ba Resolu\u00e7\u00e3o n\u00ba 25,\/2005 do Minist\u00e9rio das Cidades Conselho Das Cidades visando a revis\u00e3o para o aperfei\u00e7oamento da legisla\u00e7\u00e3o Municipal urban\u00edstica, CONVOCA AUDI\u00caNCIA P\u00daBLICA atrav\u00e9s do presente edital, todos os conselheiros e conselheiras (titulares e suplentes), membros da Comiss\u00e3o de Revis\u00e3o do Plano Diretor e Plano de Mobilidade Urbana, C\u00e2mara de Vereadores de Matinhos, representantes da Prefeitura Municipal de Matinhos, agentes da sociedade civil, representantes de organiza\u00e7\u00f5es sociais e comunit\u00e1rias, entidades e associa\u00e7\u00f5es de bairros, setores empresariais e t\u00e9cnicos, organiza\u00e7\u00f5es n\u00e3o governamentais que atuam no munic\u00edpio, propriet\u00e1rios de im\u00f3veis em Matinhos, representantes jur\u00eddicos, Minist\u00e9rio P\u00fablico, e toda a popula\u00e7\u00e3o interessada em discutir e propor melhorias para o crescimento e desenvolvimento ordenado do munic\u00edpio de Matinhos, atrav\u00e9s da Revis\u00e3o do Plano Diretor e constru\u00e7\u00e3o do Plano de Mobilidade Urbana, que se realizar\u00e1 nos termos deste edital e abranger\u00e1 os seguintes temas:<\/p>\n\n\n\n<p>Apresenta\u00e7\u00e3o do plano de trabalho da Empresa Drz \u2013 Geotecnologia e Consultoria ltda \u2013 EPP sobre a revis\u00e3o do Plano Diretor de Matinhos e constru\u00e7\u00e3o do Plano de Mobilidade Urbana.<\/p>\n\n\n\n<p>Elencar propostas da comunidade para revis\u00e3o das leis aprovadas no Plano Diretor de Matinhos do ano de 2006 e Decreto estadual n\u00ba. 10.856 de 23 de abril de 2014 e Plano de Mobilidade Urbana.<\/p>\n\n\n\n<p><br>DATA: 23 de abril de 2019;<\/p>\n\n\n\n<p>LOCAL: Audit\u00f3rio do SESC;<\/p>\n\n\n\n<p>ENDERE\u00c7O: Rua Dr. Jos\u00e9 Pinto Rebelo Junior, n\u00ba 91 \u2013 Matinhos-PR;<\/p>\n\n\n\n<p>HOR\u00c1RIO: 19H00 (dezenove horas)<\/p>\n","protected":false},"excerpt":{"rendered":"<p>A Prefeitura Municipal de Matinhos, por interm\u00e9dio de seu representante legal, no uso de suas atribui\u00e7\u00f5es legais Prefeito Ruy Hauer Reichert e o Conselho Municipal da Cidade de Matinhos, representado por sua Presidente Patricia Biff, e Vice-Presidente Ailson Orlei Moro Camargo, nos termos do artigo 40, \u00a7 4\u00ba I da Lei n\u00b010.257\/2001e nos termos do [&hellip;]<\/p>\n","protected":false},"author":2,"featured_media":4740,"comment_status":"open","ping_status":"open","sticky":false,"template":"","format":"standard","meta":{"advanced_seo_description":"","jetpack_seo_html_title":"","jetpack_seo_noindex":false,"_jetpack_memberships_contains_paid_content":false,"footnotes":""},"categories":[42],"tags":[],"class_list":{"0":"post-4739","1":"post","2":"type-post","3":"status-publish","4":"format-standard","5":"has-post-thumbnail","7":"category-cidades"},"jetpack_featured_media_url":"https:\/\/www.paranapraia.com.br\/wp-content\/uploads\/2019\/04\/aud.jpg","jetpack_sharing_enabled":true,"_links":{"self":[{"href":"https:\/\/www.paranapraia.com.br\/index.php\/wp-json\/wp\/v2\/posts\/4739"}],"collection":[{"href":"https:\/\/www.paranapraia.com.br\/index.php\/wp-json\/wp\/v2\/posts"}],"about":[{"href":"https:\/\/www.paranapraia.com.br\/index.php\/wp-json\/wp\/v2\/types\/post"}],"author":[{"embeddable":true,"href":"https:\/\/www.paranapraia.com.br\/index.php\/wp-json\/wp\/v2\/users\/2"}],"replies":[{"embeddable":true,"href":"https:\/\/www.paranapraia.com.br\/index.php\/wp-json\/wp\/v2\/comments?post=4739"}],"version-history":[{"count":1,"href":"https:\/\/www.paranapraia.com.br\/index.php\/wp-json\/wp\/v2\/posts\/4739\/revisions"}],"predecessor-version":[{"id":4741,"href":"https:\/\/www.paranapraia.com.br\/index.php\/wp-json\/wp\/v2\/posts\/4739\/revisions\/4741"}],"wp:featuredmedia":[{"embeddable":true,"href":"https:\/\/www.paranapraia.com.br\/index.php\/wp-json\/wp\/v2\/media\/4740"}],"wp:attachment":[{"href":"https:\/\/www.paranapraia.com.br\/index.php\/wp-json\/wp\/v2\/media?parent=4739"}],"wp:term":[{"taxonomy":"category","embeddable":true,"href":"https:\/\/www.paranapraia.com.br\/index.php\/wp-json\/wp\/v2\/categories?post=4739"},{"taxonomy":"post_tag","embeddable":true,"href":"https:\/\/www.paranapraia.com.br\/index.php\/wp-json\/wp\/v2\/tags?post=4739"}],"curies":[{"name":"wp","href":"https:\/\/api.w.org\/{rel}","templated":true}]}}