{"id":4727,"date":"2019-04-05T09:05:06","date_gmt":"2019-04-05T12:05:06","guid":{"rendered":"https:\/\/www.paranapraia.com.br\/?p=4727"},"modified":"2019-04-05T09:05:07","modified_gmt":"2019-04-05T12:05:07","slug":"pensadores-e-politicos-vao-discutir-os-100-dias-do-governo-bolsonaro-em-sp","status":"publish","type":"post","link":"https:\/\/www.paranapraia.com.br\/index.php\/2019\/04\/05\/pensadores-e-politicos-vao-discutir-os-100-dias-do-governo-bolsonaro-em-sp\/","title":{"rendered":"Pensadores e pol\u00edticos v\u00e3o discutir os 100 dias do governo Bolsonaro em SP"},"content":{"rendered":"\n<h4 class=\"wp-block-heading\">Evento realizado por VEJA e EXAME ter\u00e1 entrevistas e debates em 15 de abril, fazendo um balan\u00e7o dos primeiros 100 dias de governo de Jair Bolsonaro<\/h4>\n\n\n\n<p>O governo do presidente Jair Bolsonaro vai completar 100 dias em 10 de abril. Especialistas e l\u00edderes pol\u00edticos e empresariais v\u00e3o se reunir no dia 15, em S\u00e3o Paulo, para fazer um balan\u00e7o desse per\u00edodo e debater os rumos da economia e da pol\u00edtica no pa\u00eds.<\/p>\n\n\n\n<p>O\u00a0<strong>F\u00f3rum VEJA e EXAME 100 Dias de Governo<\/strong>\u00a0ter\u00e1 entrevistas, debates e pain\u00e9is que tratar\u00e3o das primeiras medidas do governo que come\u00e7ou em 1\u00ba de janeiro e das perspectivas e metas desenhadas para os pr\u00f3ximos quatro anos. Os ingressos j\u00e1 est\u00e3o \u00e0 venda na\u00a0<a href=\"https:\/\/exame.abril.com.br\/eventos\/forum-veja-e-exame-100-dias-de-governo\/\">p\u00e1gina do evento<\/a>.<\/p>\n\n\n\n<p>Est\u00e3o confirmados nomes como o do presidente da C\u00e2mara dos Deputados, Rodrigo Maia, que falar\u00e1 sobre a agenda de reformas e o cen\u00e1rio pol\u00edtico brasileiro. Uma das prioridades do in\u00edcio do novo governo, a reforma da Previd\u00eancia j\u00e1 teve sua proposta entregue ao Congresso e deve ser colocada em vota\u00e7\u00e3o na Comiss\u00e3o de Constitui\u00e7\u00e3o e Justi\u00e7a (CCJ) da C\u00e2mara nos dias 16 e 17 de abril. Se aprovada na CCJ, ser\u00e1 encaminhada para uma comiss\u00e3o especial e, em seguida, ir\u00e1 para o plen\u00e1rio.<\/p>\n\n\n\n<p>A ministra da Agricultura, Pecu\u00e1ria e Abastecimento, Tereza Cristina Corr\u00eaa da Costa Dias, participar\u00e1 do f\u00f3rum em conversa sobre o agroneg\u00f3cio do pa\u00eds. J\u00e1 o secret\u00e1rio especial de Produtividade, Emprego e Competitividade, Carlos Alexandre Jorge Da Costa, tratar\u00e1 da recupera\u00e7\u00e3o do mercado de trabalho.<\/p>\n\n\n\n<p>O soci\u00f3logo e pesquisador da Universidade de S\u00e3o Paulo Dem\u00e9trio Magnoli falar\u00e1 sobre os conflitos do governo Bolsonaro. O evento vai abordar ainda, a educa\u00e7\u00e3o, a pol\u00edtica do novo governo e o papel do Brasil no com\u00e9rcio global.<\/p>\n\n\n\n<p>Outros especialistas j\u00e1 confirmados s\u00e3o Rubens Ricupero, ex-ministro da Fazenda e ex-embaixador nos Estados Unidos; Cl\u00e1udia Costin, professora da FGV; Priscila Cruz, presidente da organiza\u00e7\u00e3o Todos pela Educa\u00e7\u00e3o; e Fernando Sch\u00fcler, cientista pol\u00edtico e professor do Insper.<\/p>\n","protected":false},"excerpt":{"rendered":"<p>Evento realizado por VEJA e EXAME ter\u00e1 entrevistas e debates em 15 de abril, fazendo um balan\u00e7o dos primeiros 100 dias de governo de Jair Bolsonaro O governo do presidente Jair Bolsonaro vai completar 100 dias em 10 de abril. Especialistas e l\u00edderes pol\u00edticos e empresariais v\u00e3o se reunir no dia 15, em S\u00e3o Paulo, [&hellip;]<\/p>\n","protected":false},"author":2,"featured_media":4728,"comment_status":"open","ping_status":"open","sticky":false,"template":"","format":"standard","meta":{"advanced_seo_description":"","jetpack_seo_html_title":"","jetpack_seo_noindex":false,"_jetpack_memberships_contains_paid_content":false,"footnotes":""},"categories":[32],"tags":[],"class_list":{"0":"post-4727","1":"post","2":"type-post","3":"status-publish","4":"format-standard","5":"has-post-thumbnail","7":"category-politica"},"jetpack_featured_media_url":"https:\/\/www.paranapraia.com.br\/wp-content\/uploads\/2019\/04\/bol.jpg","jetpack_sharing_enabled":true,"_links":{"self":[{"href":"https:\/\/www.paranapraia.com.br\/index.php\/wp-json\/wp\/v2\/posts\/4727"}],"collection":[{"href":"https:\/\/www.paranapraia.com.br\/index.php\/wp-json\/wp\/v2\/posts"}],"about":[{"href":"https:\/\/www.paranapraia.com.br\/index.php\/wp-json\/wp\/v2\/types\/post"}],"author":[{"embeddable":true,"href":"https:\/\/www.paranapraia.com.br\/index.php\/wp-json\/wp\/v2\/users\/2"}],"replies":[{"embeddable":true,"href":"https:\/\/www.paranapraia.com.br\/index.php\/wp-json\/wp\/v2\/comments?post=4727"}],"version-history":[{"count":1,"href":"https:\/\/www.paranapraia.com.br\/index.php\/wp-json\/wp\/v2\/posts\/4727\/revisions"}],"predecessor-version":[{"id":4729,"href":"https:\/\/www.paranapraia.com.br\/index.php\/wp-json\/wp\/v2\/posts\/4727\/revisions\/4729"}],"wp:featuredmedia":[{"embeddable":true,"href":"https:\/\/www.paranapraia.com.br\/index.php\/wp-json\/wp\/v2\/media\/4728"}],"wp:attachment":[{"href":"https:\/\/www.paranapraia.com.br\/index.php\/wp-json\/wp\/v2\/media?parent=4727"}],"wp:term":[{"taxonomy":"category","embeddable":true,"href":"https:\/\/www.paranapraia.com.br\/index.php\/wp-json\/wp\/v2\/categories?post=4727"},{"taxonomy":"post_tag","embeddable":true,"href":"https:\/\/www.paranapraia.com.br\/index.php\/wp-json\/wp\/v2\/tags?post=4727"}],"curies":[{"name":"wp","href":"https:\/\/api.w.org\/{rel}","templated":true}]}}