{"id":46968,"date":"2023-05-08T21:42:58","date_gmt":"2023-05-09T00:42:58","guid":{"rendered":"https:\/\/www.paranapraia.com.br\/?p=46968"},"modified":"2023-05-08T21:42:59","modified_gmt":"2023-05-09T00:42:59","slug":"com-objetivo-de-auxiliar-setor-rural-servico-alerta-geada-comeca-nesta-segunda-feira","status":"publish","type":"post","link":"https:\/\/www.paranapraia.com.br\/index.php\/2023\/05\/08\/com-objetivo-de-auxiliar-setor-rural-servico-alerta-geada-comeca-nesta-segunda-feira\/","title":{"rendered":"Com objetivo de auxiliar setor rural, Servi\u00e7o Alerta Geada come\u00e7a nesta segunda-feira"},"content":{"rendered":"\n<p>Come\u00e7a nesta segunda-feira (8) o servi\u00e7o Alerta Geada, mantido pelo Instituto de Desenvolvimento Rural do Paran\u00e1 (<strong><a href=\"https:\/\/www.idrparana.pr.gov.br\/\" target=\"_blank\" rel=\"noreferrer noopener\">IDR-Paran\u00e1<\/a><\/strong>) em conjunto com o Sistema de Tecnologia e Monitoramento Ambiental do Paran\u00e1 (<strong><a href=\"http:\/\/www.simepar.br\/\" target=\"_blank\" rel=\"noreferrer noopener\">Simepar<\/a><\/strong>). At\u00e9 o t\u00e9rmino do inverno, a previs\u00e3o de geada \u00e9 lan\u00e7ada com at\u00e9 tr\u00eas dias de anteced\u00eancia e confirmada por boletins at\u00e9 24 antes da ocorr\u00eancia.<\/p>\n\n\n\n<p>O objetivo do Alerta Geada \u00e9 auxiliar os produtores rurais na preven\u00e7\u00e3o e redu\u00e7\u00e3o de perdas agr\u00edcolas. Os avisos s\u00e3o amplamente difundidos por uma rede formada por \u00f3rg\u00e3os p\u00fablicos estaduais, prefeituras, cooperativas, associa\u00e7\u00f5es rurais, t\u00e9cnicos e profissionais de agronomia, entidades comunit\u00e1rias e ve\u00edculos de comunica\u00e7\u00e3o. Al\u00e9m da agricultura, s\u00e3o beneficiados outros setores da economia como turismo, com\u00e9rcio de vestu\u00e1rio e constru\u00e7\u00e3o civil.<\/p>\n\n\n\n<p>Segundo o meteorologista Reinaldo Kneib,&nbsp;do Simepar, o risco de geada configura-se com a aproxima\u00e7\u00e3o de uma massa de ar frio e seco em contexto de c\u00e9u claro ou com poucas nuvens noturnas e vento calmo. \u201cO fen\u00f4meno atinge o territ\u00f3rio paranaense bruscamente com for\u00e7a suficiente para provocar queda acentuada da temperatura do ar at\u00e9 abaixo de zero grau no solo, causando frio rigoroso\u201d, explica.<\/p>\n\n\n\n<p>As geadas s\u00e3o mais frequentes em junho e julho, quando intensas ondas de ar frio avan\u00e7am sobre as regi\u00f5es Sudoeste, Sul e Central, bem como nos Campos Gerais e na Regi\u00e3o Metropolitana de Curitiba. A geada negra, por sua vez, caracteriza-se pelo vento forte, queimando as folhas das plantas.<\/p>\n\n\n\n<p>\u201cO Simepar n\u00e3o espera um inverno rigoroso neste ano\u201d, afirma Kneib. \u201cO fen\u00f4meno clim\u00e1tico El Ni\u00f1o deve entrar em a\u00e7\u00e3o no segundo semestre, aumentando o calor e restringindo as ondas de ar frio, raz\u00e3o pela qual as geadas devem ser menos frequentes\u201d.<\/p>\n\n\n\n<p>El Ni\u00f1o refere-se ao extenso aquecimento do Oceano Pac\u00edfico Equatorial, que ocasiona uma grande mudan\u00e7a nos padr\u00f5es clim\u00e1ticos da temperatura do ar e da chuva.<\/p>\n\n\n\n<p><strong>ALTA CONFIABILIDADE<\/strong>&nbsp;\u2013 Desde que foi lan\u00e7ado h\u00e1 28 anos, o servi\u00e7o Alerta Geada destaca-se pelo alto grau de confiabilidade. Por meio de pesquisa e desenvolvimento de novas tecnologias, o Simepar aperfei\u00e7oa o servi\u00e7o continuamente, refinando a metodologia e aumentando a defini\u00e7\u00e3o espacial da ocorr\u00eancia de geada.<\/p>\n\n\n\n<p>Para fazer a previs\u00e3o, o Simepar monitora as condi\u00e7\u00f5es do tempo com base em dados de temperaturas, press\u00e3o atmosf\u00e9rica, ventos e umidade do ar coletados por esta\u00e7\u00f5es telem\u00e9tricas em superf\u00edcie. Tamb\u00e9m s\u00e3o observadas as imagens provenientes de sat\u00e9lites. \u00c9 analisado um campo meteorol\u00f3gico em ampla escala, com dados nacionais e internacionais integrados, considerando ainda o hist\u00f3rico climatol\u00f3gico do Estado. Um mapa de probabilidade classifica a geada como fraca, moderada ou forte.<\/p>\n\n\n\n<p>A previs\u00e3o do Simepar \u00e9 reavaliada duas vezes ao dia. Uma vez emitida, a equipe de agrometeorologistas do IDR-Paran\u00e1 interpreta as informa\u00e7\u00f5es e lan\u00e7a o alerta. Se as condi\u00e7\u00f5es para forma\u00e7\u00e3o de geada persistirem, um aviso de ratifica\u00e7\u00e3o \u00e9 divulgado at\u00e9 24 horas antes da ocorr\u00eancia.<\/p>\n\n\n\n<p><strong>ALERTA&nbsp;<\/strong>\u2013 O alerta pode ser acessado por meio dos seguintes canais:<strong><a href=\"https:\/\/play.google.com\/store\/apps\/details?id=iapar.br.iaparclima&amp;hl=pt&amp;gl=US\" target=\"_blank\" rel=\"noreferrer noopener\">&nbsp;aplicativo IDR Clima<\/a><\/strong>&nbsp;\u2013 dispon\u00edvel gratuitamente no Google Play e na App Store \u2013, p\u00e1ginas do IDR-Paran\u00e1&nbsp;<strong><a href=\"https:\/\/www.idrparana.pr.gov.br\/\" target=\"_blank\" rel=\"noreferrer noopener\">www.idrparana.pr.gov.br<\/a><\/strong>&nbsp;e Simepar&nbsp;<strong><a href=\"http:\/\/www.simepar.br\/\" target=\"_blank\" rel=\"noreferrer noopener\">www.simepar.br<\/a><\/strong>&nbsp;e, ainda, pelo telefone (43) 3391-4500.<\/p>\n\n\n\n<p>No site do Simepar est\u00e3o dispon\u00edveis informa\u00e7\u00f5es atualizadas sobre as condi\u00e7\u00f5es do tempo no quadro Palavra do Meteorologista. Pode ser consultada a previs\u00e3o para at\u00e9 15 dias por munic\u00edpio e regi\u00e3o do Paran\u00e1.<\/p>\n\n\n\n<p>Tamb\u00e9m \u00e9 poss\u00edvel visualizar imagens de sat\u00e9lite, radar, raios, modelo num\u00e9rico e telemetria (temperaturas e chuvas). Previs\u00f5es s\u00e3o divulgadas diariamente no podcast Simepar Informa, distribu\u00eddo \u00e0 imprensa e dispon\u00edvel no\u00a0<strong><a rel=\"noreferrer noopener\" href=\"https:\/\/open.spotify.com\/show\/1VzvYGAaG1QIQ1C2P5Goa5\" target=\"_blank\">Spotify.<\/a><\/strong><\/p>\n\n\n\n<p>AEN<\/p>\n","protected":false},"excerpt":{"rendered":"<p>Come\u00e7a nesta segunda-feira (8) o servi\u00e7o Alerta Geada, mantido pelo Instituto de Desenvolvimento Rural do Paran\u00e1 (IDR-Paran\u00e1) em conjunto com o Sistema de Tecnologia e Monitoramento Ambiental do Paran\u00e1 (Simepar). At\u00e9 o t\u00e9rmino do inverno, a previs\u00e3o de geada \u00e9 lan\u00e7ada com at\u00e9 tr\u00eas dias de anteced\u00eancia e confirmada por boletins at\u00e9 24 antes da [&hellip;]<\/p>\n","protected":false},"author":2,"featured_media":46969,"comment_status":"open","ping_status":"open","sticky":false,"template":"","format":"standard","meta":{"advanced_seo_description":"","jetpack_seo_html_title":"","jetpack_seo_noindex":false,"_jetpack_memberships_contains_paid_content":false,"footnotes":""},"categories":[40],"tags":[],"class_list":{"0":"post-46968","1":"post","2":"type-post","3":"status-publish","4":"format-standard","5":"has-post-thumbnail","7":"category-destaques"},"jetpack_featured_media_url":"https:\/\/www.paranapraia.com.br\/wp-content\/uploads\/2023\/05\/mg_4163-scaled.jpg","jetpack_sharing_enabled":true,"_links":{"self":[{"href":"https:\/\/www.paranapraia.com.br\/index.php\/wp-json\/wp\/v2\/posts\/46968"}],"collection":[{"href":"https:\/\/www.paranapraia.com.br\/index.php\/wp-json\/wp\/v2\/posts"}],"about":[{"href":"https:\/\/www.paranapraia.com.br\/index.php\/wp-json\/wp\/v2\/types\/post"}],"author":[{"embeddable":true,"href":"https:\/\/www.paranapraia.com.br\/index.php\/wp-json\/wp\/v2\/users\/2"}],"replies":[{"embeddable":true,"href":"https:\/\/www.paranapraia.com.br\/index.php\/wp-json\/wp\/v2\/comments?post=46968"}],"version-history":[{"count":1,"href":"https:\/\/www.paranapraia.com.br\/index.php\/wp-json\/wp\/v2\/posts\/46968\/revisions"}],"predecessor-version":[{"id":46970,"href":"https:\/\/www.paranapraia.com.br\/index.php\/wp-json\/wp\/v2\/posts\/46968\/revisions\/46970"}],"wp:featuredmedia":[{"embeddable":true,"href":"https:\/\/www.paranapraia.com.br\/index.php\/wp-json\/wp\/v2\/media\/46969"}],"wp:attachment":[{"href":"https:\/\/www.paranapraia.com.br\/index.php\/wp-json\/wp\/v2\/media?parent=46968"}],"wp:term":[{"taxonomy":"category","embeddable":true,"href":"https:\/\/www.paranapraia.com.br\/index.php\/wp-json\/wp\/v2\/categories?post=46968"},{"taxonomy":"post_tag","embeddable":true,"href":"https:\/\/www.paranapraia.com.br\/index.php\/wp-json\/wp\/v2\/tags?post=46968"}],"curies":[{"name":"wp","href":"https:\/\/api.w.org\/{rel}","templated":true}]}}