{"id":46965,"date":"2023-05-08T19:01:00","date_gmt":"2023-05-08T22:01:00","guid":{"rendered":"https:\/\/www.paranapraia.com.br\/?p=46965"},"modified":"2023-05-08T19:01:01","modified_gmt":"2023-05-08T22:01:01","slug":"vestibular-dos-povos-indigenas-teve-participacao-de-363-estudantes","status":"publish","type":"post","link":"https:\/\/www.paranapraia.com.br\/index.php\/2023\/05\/08\/vestibular-dos-povos-indigenas-teve-participacao-de-363-estudantes\/","title":{"rendered":"Vestibular dos Povos Ind\u00edgenas teve participa\u00e7\u00e3o de 363 estudantes"},"content":{"rendered":"\n<p>O Governo do Estado realizou no domingo (7) e nesta segunda-feira (8) o Vestibular dos Povos Ind\u00edgenas do Paran\u00e1 em Curitiba, Corn\u00e9lio Proc\u00f3pio, Londrina, Mangueirinha, Manoel Ribas, Nova Laranjeiras e Santa Helena. Ao todo, 363 ind\u00edgenas concorrem a 42 vagas nas universidades estaduais de Londrina (UEL), Maring\u00e1 (UEM), Ponta Grossa (UEPG), do Oeste do Paran\u00e1 (Unioeste), do Centro-Oeste (Unicentro), do Norte do Paran\u00e1 (UENP), do Paran\u00e1 (Unespar); e 10 vagas na Universidade Federal do Paran\u00e1 (UFPR).<\/p>\n\n\n\n<p>Nesta edi\u00e7\u00e3o, a Unicentro organizou o processo seletivo. No primeiro dia os candidatos realizaram uma prova oral de L\u00edngua Portuguesa. No segundo dia os estudantes responderam quest\u00f5es de uma prova objetiva de Portugu\u00eas (interpreta\u00e7\u00e3o de texto), Matem\u00e1tica, Biologia, F\u00edsica, Qu\u00edmica, Hist\u00f3ria, Geografia e L\u00ednguas Estrangeiras e Ind\u00edgenas (Ingl\u00eas, Espanhol, Guarani ou Caingangue), e uma reda\u00e7\u00e3o.<\/p>\n\n\n\n<p>O resultado final ser\u00e1 divulgado no dia 31 de maio. J\u00e1 o boletim de desempenho dos concorrentes ficar\u00e1 dispon\u00edvel ate 30 de novembro.<\/p>\n\n\n\n<p>ACESSO AO ENSINO SUPERIOR \u2013 Entre 2011 e 2021, o Brasil registrou um aumento de 374% no n\u00famero de ind\u00edgenas matriculados no ensino superior. Em 2010 eram 9.764 ind\u00edgenas matriculados e em 2021 esse quantitativo passou para 46 mil estudantes em universidades, centros universit\u00e1rios e faculdades, quantidade que representa 0,5% do total de alunos no ensino superior.<\/p>\n\n\n\n<p>Esses n\u00fameros foram divulgados em levantamento do Sindicato das Entidades Mantenedoras de Estabelecimentos de Ensino Superior de S\u00e3o Paulo (Semesp), com base em dados do Censo Demogr\u00e1fico 2010 e do balan\u00e7o do Censo 2022, do Instituto Brasileiro de Geografia e Estat\u00edstica (IBGE); e do Censo da Educa\u00e7\u00e3o Superior, organizado pelo Instituto Nacional de Estudos e Pesquisas Educacionais An\u00edsio Teixeira (Inep).<\/p>\n\n\n\n<p>O Paran\u00e1 registrou no ano passado 291 estudantes ind\u00edgenas matriculados nas sete universidades estaduais e na UFPR, por meio do Vestibular dos Povos Ind\u00edgenas. Outros 195 j\u00e1 se formaram, sendo 92 nos \u00faltimos quatro anos.<\/p>\n\n\n\n<p>AEN<\/p>\n\n\n\n<p><\/p>\n","protected":false},"excerpt":{"rendered":"<p>O Governo do Estado realizou no domingo (7) e nesta segunda-feira (8) o Vestibular dos Povos Ind\u00edgenas do Paran\u00e1 em Curitiba, Corn\u00e9lio Proc\u00f3pio, Londrina, Mangueirinha, Manoel Ribas, Nova Laranjeiras e Santa Helena. Ao todo, 363 ind\u00edgenas concorrem a 42 vagas nas universidades estaduais de Londrina (UEL), Maring\u00e1 (UEM), Ponta Grossa (UEPG), do Oeste do Paran\u00e1 [&hellip;]<\/p>\n","protected":false},"author":2,"featured_media":46966,"comment_status":"open","ping_status":"open","sticky":false,"template":"","format":"standard","meta":{"advanced_seo_description":"","jetpack_seo_html_title":"","jetpack_seo_noindex":false,"_jetpack_memberships_contains_paid_content":false,"footnotes":""},"categories":[78],"tags":[],"class_list":{"0":"post-46965","1":"post","2":"type-post","3":"status-publish","4":"format-standard","5":"has-post-thumbnail","7":"category-cultura"},"jetpack_featured_media_url":"https:\/\/www.paranapraia.com.br\/wp-content\/uploads\/2023\/05\/uem-indigenas_2.jpg","jetpack_sharing_enabled":true,"_links":{"self":[{"href":"https:\/\/www.paranapraia.com.br\/index.php\/wp-json\/wp\/v2\/posts\/46965"}],"collection":[{"href":"https:\/\/www.paranapraia.com.br\/index.php\/wp-json\/wp\/v2\/posts"}],"about":[{"href":"https:\/\/www.paranapraia.com.br\/index.php\/wp-json\/wp\/v2\/types\/post"}],"author":[{"embeddable":true,"href":"https:\/\/www.paranapraia.com.br\/index.php\/wp-json\/wp\/v2\/users\/2"}],"replies":[{"embeddable":true,"href":"https:\/\/www.paranapraia.com.br\/index.php\/wp-json\/wp\/v2\/comments?post=46965"}],"version-history":[{"count":1,"href":"https:\/\/www.paranapraia.com.br\/index.php\/wp-json\/wp\/v2\/posts\/46965\/revisions"}],"predecessor-version":[{"id":46967,"href":"https:\/\/www.paranapraia.com.br\/index.php\/wp-json\/wp\/v2\/posts\/46965\/revisions\/46967"}],"wp:featuredmedia":[{"embeddable":true,"href":"https:\/\/www.paranapraia.com.br\/index.php\/wp-json\/wp\/v2\/media\/46966"}],"wp:attachment":[{"href":"https:\/\/www.paranapraia.com.br\/index.php\/wp-json\/wp\/v2\/media?parent=46965"}],"wp:term":[{"taxonomy":"category","embeddable":true,"href":"https:\/\/www.paranapraia.com.br\/index.php\/wp-json\/wp\/v2\/categories?post=46965"},{"taxonomy":"post_tag","embeddable":true,"href":"https:\/\/www.paranapraia.com.br\/index.php\/wp-json\/wp\/v2\/tags?post=46965"}],"curies":[{"name":"wp","href":"https:\/\/api.w.org\/{rel}","templated":true}]}}