{"id":46962,"date":"2023-05-08T18:08:05","date_gmt":"2023-05-08T21:08:05","guid":{"rendered":"https:\/\/www.paranapraia.com.br\/?p=46962"},"modified":"2023-05-08T18:08:06","modified_gmt":"2023-05-08T21:08:06","slug":"policia-civil-confecciona-411-carteiras-de-identidade-no-pcpr-na-comunidade-em-colombo","status":"publish","type":"post","link":"https:\/\/www.paranapraia.com.br\/index.php\/2023\/05\/08\/policia-civil-confecciona-411-carteiras-de-identidade-no-pcpr-na-comunidade-em-colombo\/","title":{"rendered":"Pol\u00edcia Civil confecciona 411 carteiras de identidade no PCPR na Comunidade em Colombo"},"content":{"rendered":"\n<p>A Pol\u00edcia Civil do Paran\u00e1 (PCPR) levou servi\u00e7os de pol\u00edcia judici\u00e1ria e orienta\u00e7\u00f5es \u00e0 popula\u00e7\u00e3o de Colombo, Regi\u00e3o Metropolitana de Curitiba, durante o PCPR na Comunidade, que aconteceu no s\u00e1bado (6) e domingo (7) na Escola Municipal Ant\u00f4nio Costa. No evento foram atendidas, aproximadamente, 850 pessoas e confeccionadas 411 carteiras de identidade.<\/p>\n\n\n\n<p>Os policiais civis tamb\u00e9m repassaram orienta\u00e7\u00f5es sobre como fazer den\u00fancias, preven\u00e7\u00e3o e quais medidas que podem ser tomadas ao ser v\u00edtima de um crime.<\/p>\n\n\n\n<p>A disponibiliza\u00e7\u00e3o das atividades visa ajudar a popula\u00e7\u00e3o com dificuldade de acesso aos servi\u00e7os da PCPR, aproximando a institui\u00e7\u00e3o da comunidade. De acordo com a diretora da escola em onde o evento foi realizado, Gesiele Toledo, a a\u00e7\u00e3o no local foi muito importante para a comunidade, visto que muitos moradores n\u00e3o possuem condi\u00e7\u00f5es para solicitar e confeccionar o RG. &#8220;Foi um prazer receber o evento em nossa escola com diversos servi\u00e7os da Pol\u00edcia Civil. \u00c9 uma grande oportunidade, principalmente para popula\u00e7\u00e3o que precisa fazer a primeira e segunda via da identidade\u201d, afirma a diretora.<\/p>\n\n\n\n<p>Tamb\u00e9m foram promovidas apresenta\u00e7\u00f5es do grupo T\u00e1tico Integrado de Grupos de Repress\u00e3o Especial da PCPR (Tigre) e do N\u00facleo de Opera\u00e7\u00f5es com C\u00e3es. Os policiais civis tamb\u00e9m realizaram atividades l\u00fadicas com as crian\u00e7as, como pinturas e jogos.<\/p>\n\n\n\n<p>INCLUS\u00c3O &#8211; Al\u00e9m do p\u00fablico previamente agendado para confec\u00e7\u00e3o das carteiras de identidade, tamb\u00e9m foram atendidos os autistas da Associa\u00e7\u00e3o dos Autistas de Colombo. A presidente da associa\u00e7\u00e3o, Adriana Mendes, agradeceu o apoio e parceria da PCPR na a\u00e7\u00e3o. \u201cEstou muito feliz e grata por essa iniciativa, que traz cidadania e inclus\u00e3o aos nossos autistas do munic\u00edpio\u201d, disse.<\/p>\n\n\n\n<p>PROJETO \u2013 O PCPR na Comunidade \u00e9 um projeto que ocorre regularmente em todo o Paran\u00e1. Seu objetivo \u00e9 levar servi\u00e7os de pol\u00edcia judici\u00e1ria \u00e0 popula\u00e7\u00e3o, promover atendimento humanizado, auxiliar na identifica\u00e7\u00e3o de poss\u00edveis v\u00edtimas e na conclus\u00e3o de investiga\u00e7\u00f5es, al\u00e9m aumentar a efici\u00eancia na presta\u00e7\u00e3o do servi\u00e7o p\u00fablico e representar a institui\u00e7\u00e3o em atividades em prol da sociedade.<\/p>\n\n\n\n<p>SOLICITA\u00c7\u00c3O &#8211; Quem tiver interesse no projeto, pode enviar um e-mail para comunicacao@pc.pr.gov.br. O setor de comunica\u00e7\u00e3o da PCPR entrar\u00e1 em contato para alinhar todas as informa\u00e7\u00f5es e promover o evento no local solicitado. Mais informa\u00e7\u00f5es sobre o projeto podem ser verificadas.<\/p>\n\n\n\n<p>AEN<\/p>\n","protected":false},"excerpt":{"rendered":"<p>A Pol\u00edcia Civil do Paran\u00e1 (PCPR) levou servi\u00e7os de pol\u00edcia judici\u00e1ria e orienta\u00e7\u00f5es \u00e0 popula\u00e7\u00e3o de Colombo, Regi\u00e3o Metropolitana de Curitiba, durante o PCPR na Comunidade, que aconteceu no s\u00e1bado (6) e domingo (7) na Escola Municipal Ant\u00f4nio Costa. No evento foram atendidas, aproximadamente, 850 pessoas e confeccionadas 411 carteiras de identidade. Os policiais civis [&hellip;]<\/p>\n","protected":false},"author":2,"featured_media":46963,"comment_status":"open","ping_status":"open","sticky":false,"template":"","format":"standard","meta":{"advanced_seo_description":"","jetpack_seo_html_title":"","jetpack_seo_noindex":false,"_jetpack_memberships_contains_paid_content":false,"footnotes":""},"categories":[35],"tags":[],"class_list":{"0":"post-46962","1":"post","2":"type-post","3":"status-publish","4":"format-standard","5":"has-post-thumbnail","7":"category-economia"},"jetpack_featured_media_url":"https:\/\/www.paranapraia.com.br\/wp-content\/uploads\/2023\/05\/colombo1-scaled.jpg","jetpack_sharing_enabled":true,"_links":{"self":[{"href":"https:\/\/www.paranapraia.com.br\/index.php\/wp-json\/wp\/v2\/posts\/46962"}],"collection":[{"href":"https:\/\/www.paranapraia.com.br\/index.php\/wp-json\/wp\/v2\/posts"}],"about":[{"href":"https:\/\/www.paranapraia.com.br\/index.php\/wp-json\/wp\/v2\/types\/post"}],"author":[{"embeddable":true,"href":"https:\/\/www.paranapraia.com.br\/index.php\/wp-json\/wp\/v2\/users\/2"}],"replies":[{"embeddable":true,"href":"https:\/\/www.paranapraia.com.br\/index.php\/wp-json\/wp\/v2\/comments?post=46962"}],"version-history":[{"count":1,"href":"https:\/\/www.paranapraia.com.br\/index.php\/wp-json\/wp\/v2\/posts\/46962\/revisions"}],"predecessor-version":[{"id":46964,"href":"https:\/\/www.paranapraia.com.br\/index.php\/wp-json\/wp\/v2\/posts\/46962\/revisions\/46964"}],"wp:featuredmedia":[{"embeddable":true,"href":"https:\/\/www.paranapraia.com.br\/index.php\/wp-json\/wp\/v2\/media\/46963"}],"wp:attachment":[{"href":"https:\/\/www.paranapraia.com.br\/index.php\/wp-json\/wp\/v2\/media?parent=46962"}],"wp:term":[{"taxonomy":"category","embeddable":true,"href":"https:\/\/www.paranapraia.com.br\/index.php\/wp-json\/wp\/v2\/categories?post=46962"},{"taxonomy":"post_tag","embeddable":true,"href":"https:\/\/www.paranapraia.com.br\/index.php\/wp-json\/wp\/v2\/tags?post=46962"}],"curies":[{"name":"wp","href":"https:\/\/api.w.org\/{rel}","templated":true}]}}