{"id":46925,"date":"2023-05-08T17:03:28","date_gmt":"2023-05-08T20:03:28","guid":{"rendered":"https:\/\/www.paranapraia.com.br\/?p=46925"},"modified":"2023-05-08T17:03:28","modified_gmt":"2023-05-08T20:03:28","slug":"governo-promove-mutirao-para-colocacao-de-pessoas-negras-no-mercado-de-trabalho","status":"publish","type":"post","link":"https:\/\/www.paranapraia.com.br\/index.php\/2023\/05\/08\/governo-promove-mutirao-para-colocacao-de-pessoas-negras-no-mercado-de-trabalho\/","title":{"rendered":"Governo promove mutir\u00e3o para coloca\u00e7\u00e3o de pessoas negras no mercado de trabalho"},"content":{"rendered":"\n<p>O Governo do Estado, por meio da Secretaria de Trabalho, Qualifica\u00e7\u00e3o e Renda promove nesta quarta-feira (10), na Ag\u00eancia do Trabalhador Central de Curitiba, o Mutir\u00e3o da Empregabilidade Negra, com foco na coloca\u00e7\u00e3o deste p\u00fablico no mercado de trabalho. A previs\u00e3o \u00e9 que sejam ofertadas, no m\u00ednimo, 500 vagas em diversos setores da economia. A a\u00e7\u00e3o ocorrer\u00e1 das 9h \u00e0s 16h, com entrega de senhas at\u00e9 as 12h.&nbsp;<\/p>\n\n\n\n<p>H\u00e1 oportunidades nas \u00e1reas de servi\u00e7os, com\u00e9rcio e ind\u00fastria. A expectativa \u00e9 que 15 empresas participem do processo seletivo, com possibilidade de contrata\u00e7\u00e3o imediata. &#8220;Muitas vagas disponibilizadas no mutir\u00e3o desta quarta n\u00e3o pedem experi\u00eancia, o que significa uma grande chance do primeiro emprego ou de mudan\u00e7a de \u00e1rea&#8221;, diz o gerente da Ag\u00eancia do Trabalhador Central, Rafael Santos.<\/p>\n\n\n\n<p>Este \u00e9 o segundo de quatro mutir\u00f5es programados para maio, M\u00eas do Trabalhador. O primeiro foi para contrata\u00e7\u00e3o de pessoas com 50 anos ou mais. Na pr\u00f3xima quarta-feira (17) ser\u00e1 realizado o Mutir\u00e3o Empregabilidade LGBTQIA+, e no dia 24 o Mutir\u00e3o para pessoas com defici\u00eancia.&nbsp;&nbsp;<\/p>\n\n\n\n<p>De acordo com o secret\u00e1rio do Trabalho, Qualifica\u00e7\u00e3o e Renda, Mauro Moraes, a programa\u00e7\u00e3o especial deste m\u00eas tem import\u00e2ncia social e econ\u00f4mica para o Paran\u00e1. \u201cSegundo dados do IBGE, o maior \u00edndice de desemprego no Brasil ainda \u00e9 entre pessoas negras. Por isso \u00e9 fundamental a realiza\u00e7\u00e3o de mutir\u00f5es com este recorte, oferecendo oportunidade de emprego e renda para este grupo&#8221;, afirma.<\/p>\n\n\n\n<p>AEN<\/p>\n","protected":false},"excerpt":{"rendered":"<p>O Governo do Estado, por meio da Secretaria de Trabalho, Qualifica\u00e7\u00e3o e Renda promove nesta quarta-feira (10), na Ag\u00eancia do Trabalhador Central de Curitiba, o Mutir\u00e3o da Empregabilidade Negra, com foco na coloca\u00e7\u00e3o deste p\u00fablico no mercado de trabalho. A previs\u00e3o \u00e9 que sejam ofertadas, no m\u00ednimo, 500 vagas em diversos setores da economia. A [&hellip;]<\/p>\n","protected":false},"author":2,"featured_media":46926,"comment_status":"open","ping_status":"open","sticky":false,"template":"","format":"standard","meta":{"advanced_seo_description":"","jetpack_seo_html_title":"","jetpack_seo_noindex":false,"_jetpack_memberships_contains_paid_content":false,"footnotes":""},"categories":[35],"tags":[],"class_list":{"0":"post-46925","1":"post","2":"type-post","3":"status-publish","4":"format-standard","5":"has-post-thumbnail","7":"category-economia"},"jetpack_featured_media_url":"https:\/\/www.paranapraia.com.br\/wp-content\/uploads\/2023\/05\/2_2-scaled.jpg","jetpack_sharing_enabled":true,"_links":{"self":[{"href":"https:\/\/www.paranapraia.com.br\/index.php\/wp-json\/wp\/v2\/posts\/46925"}],"collection":[{"href":"https:\/\/www.paranapraia.com.br\/index.php\/wp-json\/wp\/v2\/posts"}],"about":[{"href":"https:\/\/www.paranapraia.com.br\/index.php\/wp-json\/wp\/v2\/types\/post"}],"author":[{"embeddable":true,"href":"https:\/\/www.paranapraia.com.br\/index.php\/wp-json\/wp\/v2\/users\/2"}],"replies":[{"embeddable":true,"href":"https:\/\/www.paranapraia.com.br\/index.php\/wp-json\/wp\/v2\/comments?post=46925"}],"version-history":[{"count":1,"href":"https:\/\/www.paranapraia.com.br\/index.php\/wp-json\/wp\/v2\/posts\/46925\/revisions"}],"predecessor-version":[{"id":46927,"href":"https:\/\/www.paranapraia.com.br\/index.php\/wp-json\/wp\/v2\/posts\/46925\/revisions\/46927"}],"wp:featuredmedia":[{"embeddable":true,"href":"https:\/\/www.paranapraia.com.br\/index.php\/wp-json\/wp\/v2\/media\/46926"}],"wp:attachment":[{"href":"https:\/\/www.paranapraia.com.br\/index.php\/wp-json\/wp\/v2\/media?parent=46925"}],"wp:term":[{"taxonomy":"category","embeddable":true,"href":"https:\/\/www.paranapraia.com.br\/index.php\/wp-json\/wp\/v2\/categories?post=46925"},{"taxonomy":"post_tag","embeddable":true,"href":"https:\/\/www.paranapraia.com.br\/index.php\/wp-json\/wp\/v2\/tags?post=46925"}],"curies":[{"name":"wp","href":"https:\/\/api.w.org\/{rel}","templated":true}]}}