{"id":46921,"date":"2023-05-08T16:50:22","date_gmt":"2023-05-08T19:50:22","guid":{"rendered":"https:\/\/www.paranapraia.com.br\/?p=46921"},"modified":"2023-05-08T16:50:23","modified_gmt":"2023-05-08T19:50:23","slug":"concurso-jovem-autor-matinhense-esta-com-as-inscricoes-abertas","status":"publish","type":"post","link":"https:\/\/www.paranapraia.com.br\/index.php\/2023\/05\/08\/concurso-jovem-autor-matinhense-esta-com-as-inscricoes-abertas\/","title":{"rendered":"Concurso \u201cJovem Autor Matinhense&#8221; est\u00e1 com as inscri\u00e7\u00f5es abertas"},"content":{"rendered":"\n<p>Est\u00e3o abertas as inscri\u00e7\u00f5es para o concurso \u201cJovem Autor Matinhense\u201d. Com o tema \u201cMatinhos, minha cidade\u201d, o concurso (Lei Municipal n.\u00b0 2.237\/2021) tem por objetivo promover, dinamizar e exercitar a produ\u00e7\u00e3o textual dos estudantes de Matinhos e seus professores de l\u00edngua portuguesa.<\/p>\n\n\n\n<figure class=\"wp-block-image size-large\"><img loading=\"lazy\" decoding=\"async\" width=\"1024\" height=\"509\" src=\"https:\/\/www.paranapraia.com.br\/wp-content\/uploads\/2023\/05\/344565272_190387417246302_2581785820900020770_n-1024x509.jpg\" alt=\"\" class=\"wp-image-46922\" srcset=\"https:\/\/www.paranapraia.com.br\/wp-content\/uploads\/2023\/05\/344565272_190387417246302_2581785820900020770_n-1024x509.jpg 1024w, https:\/\/www.paranapraia.com.br\/wp-content\/uploads\/2023\/05\/344565272_190387417246302_2581785820900020770_n-300x149.jpg 300w, https:\/\/www.paranapraia.com.br\/wp-content\/uploads\/2023\/05\/344565272_190387417246302_2581785820900020770_n-768x382.jpg 768w, https:\/\/www.paranapraia.com.br\/wp-content\/uploads\/2023\/05\/344565272_190387417246302_2581785820900020770_n-324x160.jpg 324w, https:\/\/www.paranapraia.com.br\/wp-content\/uploads\/2023\/05\/344565272_190387417246302_2581785820900020770_n-696x346.jpg 696w, https:\/\/www.paranapraia.com.br\/wp-content\/uploads\/2023\/05\/344565272_190387417246302_2581785820900020770_n-1068x531.jpg 1068w, https:\/\/www.paranapraia.com.br\/wp-content\/uploads\/2023\/05\/344565272_190387417246302_2581785820900020770_n-845x420.jpg 845w, https:\/\/www.paranapraia.com.br\/wp-content\/uploads\/2023\/05\/344565272_190387417246302_2581785820900020770_n.jpg 1288w\" sizes=\"(max-width: 1024px) 100vw, 1024px\" \/><\/figure>\n\n\n\n<p>O processo \u00e9 direcionado a alunos matriculados em escolas p\u00fablicas e privadas do munic\u00edpio. Podem participar estudantes das seguintes turmas: 5.\u00ba ano, 9.\u00ba ano do ensino fundamental e 3.\u00ba ano do ensino m\u00e9dio. As inscri\u00e7\u00f5es podem ser realizadas no link: <a rel=\"noreferrer noopener\" href=\"https:\/\/docs.google.com\/forms\/d\/e\/1FAIpQLSfuefXBfnY5YlF70KvD--hNPTJ2guyRjrUC-s9xJwPwkYtfSw\/viewform?fbclid=IwAR0Z5noqxH0gwNXsJsLe3aMy1-H65_1u7gStEAFy0nZcXLnsLOPmtNEKiTA\" target=\"_blank\">https:\/\/docs.google.com\/&#8230;\/1FAIpQLSfuefXBfnY5Yl&#8230;\/viewform<\/a> at\u00e9 o dia 24 deste m\u00eas. <\/p>\n\n\n\n<p>A folha de reda\u00e7\u00e3o deve ser entregue na secretaria da escola at\u00e9 dia 25. A premia\u00e7\u00e3o ir\u00e1 acontecer durante a semana de anivers\u00e1rio da cidade.O edital e a folha de reda\u00e7\u00e3o podem ser baixados em nosso portal: <a rel=\"noreferrer noopener\" href=\"https:\/\/c.atende.net\/p6458f6db8777f?fbclid=IwAR1ofdZrF9PTu2qWe5FcecTFcSSXhFLZDM7x6jE3-YyLEtuNLXgFT7BRhq8\" target=\"_blank\">https:\/\/c.atende.net\/p6458f6db8777f<\/a><\/p>\n\n\n\n<p>Departamento de Comunica\u00e7\u00e3o<\/p>\n\n\n\n<p>Prefeitura de Matinhos<\/p>\n","protected":false},"excerpt":{"rendered":"<p>Est\u00e3o abertas as inscri\u00e7\u00f5es para o concurso \u201cJovem Autor Matinhense\u201d. Com o tema \u201cMatinhos, minha cidade\u201d, o concurso (Lei Municipal n.\u00b0 2.237\/2021) tem por objetivo promover, dinamizar e exercitar a produ\u00e7\u00e3o textual dos estudantes de Matinhos e seus professores de l\u00edngua portuguesa. O processo \u00e9 direcionado a alunos matriculados em escolas p\u00fablicas e privadas do [&hellip;]<\/p>\n","protected":false},"author":2,"featured_media":46923,"comment_status":"open","ping_status":"open","sticky":false,"template":"","format":"standard","meta":{"advanced_seo_description":"","jetpack_seo_html_title":"","jetpack_seo_noindex":false,"_jetpack_memberships_contains_paid_content":false,"footnotes":""},"categories":[40],"tags":[],"class_list":{"0":"post-46921","1":"post","2":"type-post","3":"status-publish","4":"format-standard","5":"has-post-thumbnail","7":"category-destaques"},"jetpack_featured_media_url":"https:\/\/www.paranapraia.com.br\/wp-content\/uploads\/2023\/05\/Sem-nome-900-\u00d7-600-px-2.png","jetpack_sharing_enabled":true,"_links":{"self":[{"href":"https:\/\/www.paranapraia.com.br\/index.php\/wp-json\/wp\/v2\/posts\/46921"}],"collection":[{"href":"https:\/\/www.paranapraia.com.br\/index.php\/wp-json\/wp\/v2\/posts"}],"about":[{"href":"https:\/\/www.paranapraia.com.br\/index.php\/wp-json\/wp\/v2\/types\/post"}],"author":[{"embeddable":true,"href":"https:\/\/www.paranapraia.com.br\/index.php\/wp-json\/wp\/v2\/users\/2"}],"replies":[{"embeddable":true,"href":"https:\/\/www.paranapraia.com.br\/index.php\/wp-json\/wp\/v2\/comments?post=46921"}],"version-history":[{"count":1,"href":"https:\/\/www.paranapraia.com.br\/index.php\/wp-json\/wp\/v2\/posts\/46921\/revisions"}],"predecessor-version":[{"id":46924,"href":"https:\/\/www.paranapraia.com.br\/index.php\/wp-json\/wp\/v2\/posts\/46921\/revisions\/46924"}],"wp:featuredmedia":[{"embeddable":true,"href":"https:\/\/www.paranapraia.com.br\/index.php\/wp-json\/wp\/v2\/media\/46923"}],"wp:attachment":[{"href":"https:\/\/www.paranapraia.com.br\/index.php\/wp-json\/wp\/v2\/media?parent=46921"}],"wp:term":[{"taxonomy":"category","embeddable":true,"href":"https:\/\/www.paranapraia.com.br\/index.php\/wp-json\/wp\/v2\/categories?post=46921"},{"taxonomy":"post_tag","embeddable":true,"href":"https:\/\/www.paranapraia.com.br\/index.php\/wp-json\/wp\/v2\/tags?post=46921"}],"curies":[{"name":"wp","href":"https:\/\/api.w.org\/{rel}","templated":true}]}}