{"id":46912,"date":"2023-05-08T16:25:11","date_gmt":"2023-05-08T19:25:11","guid":{"rendered":"https:\/\/www.paranapraia.com.br\/?p=46912"},"modified":"2023-05-08T16:25:11","modified_gmt":"2023-05-08T19:25:11","slug":"curso-de-formacao-da-guarda-municipal-teve-inicio-em-pontal-do-parana","status":"publish","type":"post","link":"https:\/\/www.paranapraia.com.br\/index.php\/2023\/05\/08\/curso-de-formacao-da-guarda-municipal-teve-inicio-em-pontal-do-parana\/","title":{"rendered":"Curso de forma\u00e7\u00e3o da Guarda Municipal teve in\u00edcio em Pontal do Paran\u00e1"},"content":{"rendered":"\n<p>Na \u00faltima sexta-feira passada (05) tece in\u00edcio o Curso de Forma\u00e7\u00e3o do concurso que est\u00e1 em andamento para a GCM &#8211; Guarda Civil Municipal de Pontal do Paran\u00e1.O evento contou com a presen\u00e7a do Prefeito de Pontal do Paran\u00e1, Rud\u00e3o Gimenes, da Secret\u00e1ria de Seguran\u00e7a P\u00fablica, Any Messina, do comandante da GCM de Paranagu\u00e1, Le\u00f4nidas Marques, do Comandante da GCM de Pontal do Paran\u00e1, Giovane do Ros\u00e1rio, do Sub-Comandante da GCM de Pontal do Paran\u00e1 e Coordenador do Curso de Forma\u00e7\u00e3o, Endrigo Giovanni Albini Comandulli, da Presidente da Comiss\u00e3o do Concurso P\u00fablico da GCM de Pontal do Paran\u00e1, Lilian da Veiga Gabardo e de toda Guarda Civil Municipal de Pontal do Paran\u00e1.Os alunos j\u00e1 passaram pela prova objetiva, pelo teste aptid\u00e3o f\u00edsica, avalia\u00e7\u00e3o psicol\u00f3gica, investiga\u00e7\u00e3o social, apresenta\u00e7\u00e3o de exames m\u00e9dicos e agora iniciam o Curso de Forma\u00e7\u00e3o.<\/p>\n\n\n\n<figure class=\"wp-block-gallery columns-1 is-cropped wp-block-gallery-1 is-layout-flex wp-block-gallery-is-layout-flex\"><ul class=\"blocks-gallery-grid\"><li class=\"blocks-gallery-item\"><figure><img loading=\"lazy\" decoding=\"async\" width=\"1024\" height=\"768\" src=\"https:\/\/www.paranapraia.com.br\/wp-content\/uploads\/2023\/05\/345848486_610156731147702_1014550396616017576_n-1024x768.jpg\" alt=\"\" data-id=\"46914\" data-full-url=\"https:\/\/www.paranapraia.com.br\/wp-content\/uploads\/2023\/05\/345848486_610156731147702_1014550396616017576_n.jpg\" data-link=\"https:\/\/www.paranapraia.com.br\/?attachment_id=46914\" class=\"wp-image-46914\" srcset=\"https:\/\/www.paranapraia.com.br\/wp-content\/uploads\/2023\/05\/345848486_610156731147702_1014550396616017576_n-1024x768.jpg 1024w, https:\/\/www.paranapraia.com.br\/wp-content\/uploads\/2023\/05\/345848486_610156731147702_1014550396616017576_n-300x225.jpg 300w, https:\/\/www.paranapraia.com.br\/wp-content\/uploads\/2023\/05\/345848486_610156731147702_1014550396616017576_n-768x576.jpg 768w, https:\/\/www.paranapraia.com.br\/wp-content\/uploads\/2023\/05\/345848486_610156731147702_1014550396616017576_n-80x60.jpg 80w, https:\/\/www.paranapraia.com.br\/wp-content\/uploads\/2023\/05\/345848486_610156731147702_1014550396616017576_n-265x198.jpg 265w, https:\/\/www.paranapraia.com.br\/wp-content\/uploads\/2023\/05\/345848486_610156731147702_1014550396616017576_n-696x522.jpg 696w, https:\/\/www.paranapraia.com.br\/wp-content\/uploads\/2023\/05\/345848486_610156731147702_1014550396616017576_n-1068x801.jpg 1068w, https:\/\/www.paranapraia.com.br\/wp-content\/uploads\/2023\/05\/345848486_610156731147702_1014550396616017576_n-560x420.jpg 560w, https:\/\/www.paranapraia.com.br\/wp-content\/uploads\/2023\/05\/345848486_610156731147702_1014550396616017576_n.jpg 1280w\" sizes=\"(max-width: 1024px) 100vw, 1024px\" \/><\/figure><\/li><li class=\"blocks-gallery-item\"><figure><img loading=\"lazy\" decoding=\"async\" width=\"1024\" height=\"768\" src=\"https:\/\/www.paranapraia.com.br\/wp-content\/uploads\/2023\/05\/345924386_700569791755696_2242638540113689129_n-1024x768.jpg\" alt=\"\" data-id=\"46915\" data-full-url=\"https:\/\/www.paranapraia.com.br\/wp-content\/uploads\/2023\/05\/345924386_700569791755696_2242638540113689129_n.jpg\" data-link=\"https:\/\/www.paranapraia.com.br\/?attachment_id=46915\" class=\"wp-image-46915\" srcset=\"https:\/\/www.paranapraia.com.br\/wp-content\/uploads\/2023\/05\/345924386_700569791755696_2242638540113689129_n-1024x768.jpg 1024w, https:\/\/www.paranapraia.com.br\/wp-content\/uploads\/2023\/05\/345924386_700569791755696_2242638540113689129_n-300x225.jpg 300w, https:\/\/www.paranapraia.com.br\/wp-content\/uploads\/2023\/05\/345924386_700569791755696_2242638540113689129_n-768x576.jpg 768w, https:\/\/www.paranapraia.com.br\/wp-content\/uploads\/2023\/05\/345924386_700569791755696_2242638540113689129_n-80x60.jpg 80w, https:\/\/www.paranapraia.com.br\/wp-content\/uploads\/2023\/05\/345924386_700569791755696_2242638540113689129_n-265x198.jpg 265w, https:\/\/www.paranapraia.com.br\/wp-content\/uploads\/2023\/05\/345924386_700569791755696_2242638540113689129_n-696x522.jpg 696w, https:\/\/www.paranapraia.com.br\/wp-content\/uploads\/2023\/05\/345924386_700569791755696_2242638540113689129_n-1068x801.jpg 1068w, https:\/\/www.paranapraia.com.br\/wp-content\/uploads\/2023\/05\/345924386_700569791755696_2242638540113689129_n-560x420.jpg 560w, https:\/\/www.paranapraia.com.br\/wp-content\/uploads\/2023\/05\/345924386_700569791755696_2242638540113689129_n.jpg 1280w\" sizes=\"(max-width: 1024px) 100vw, 1024px\" \/><\/figure><\/li><li class=\"blocks-gallery-item\"><figure><img loading=\"lazy\" decoding=\"async\" width=\"1024\" height=\"768\" src=\"https:\/\/www.paranapraia.com.br\/wp-content\/uploads\/2023\/05\/345324280_1110625603673944_5526753101603310223_n-1024x768.jpg\" alt=\"\" data-id=\"46916\" data-full-url=\"https:\/\/www.paranapraia.com.br\/wp-content\/uploads\/2023\/05\/345324280_1110625603673944_5526753101603310223_n.jpg\" data-link=\"https:\/\/www.paranapraia.com.br\/?attachment_id=46916\" class=\"wp-image-46916\" srcset=\"https:\/\/www.paranapraia.com.br\/wp-content\/uploads\/2023\/05\/345324280_1110625603673944_5526753101603310223_n-1024x768.jpg 1024w, https:\/\/www.paranapraia.com.br\/wp-content\/uploads\/2023\/05\/345324280_1110625603673944_5526753101603310223_n-300x225.jpg 300w, https:\/\/www.paranapraia.com.br\/wp-content\/uploads\/2023\/05\/345324280_1110625603673944_5526753101603310223_n-768x576.jpg 768w, https:\/\/www.paranapraia.com.br\/wp-content\/uploads\/2023\/05\/345324280_1110625603673944_5526753101603310223_n-80x60.jpg 80w, https:\/\/www.paranapraia.com.br\/wp-content\/uploads\/2023\/05\/345324280_1110625603673944_5526753101603310223_n-265x198.jpg 265w, https:\/\/www.paranapraia.com.br\/wp-content\/uploads\/2023\/05\/345324280_1110625603673944_5526753101603310223_n-696x522.jpg 696w, https:\/\/www.paranapraia.com.br\/wp-content\/uploads\/2023\/05\/345324280_1110625603673944_5526753101603310223_n-1068x801.jpg 1068w, https:\/\/www.paranapraia.com.br\/wp-content\/uploads\/2023\/05\/345324280_1110625603673944_5526753101603310223_n-560x420.jpg 560w, https:\/\/www.paranapraia.com.br\/wp-content\/uploads\/2023\/05\/345324280_1110625603673944_5526753101603310223_n.jpg 1280w\" sizes=\"(max-width: 1024px) 100vw, 1024px\" \/><\/figure><\/li><li class=\"blocks-gallery-item\"><figure><img loading=\"lazy\" decoding=\"async\" width=\"1024\" height=\"768\" src=\"https:\/\/www.paranapraia.com.br\/wp-content\/uploads\/2023\/05\/345431205_628041342506835_2194168558199022826_n-1024x768.jpg\" alt=\"\" data-id=\"46917\" data-full-url=\"https:\/\/www.paranapraia.com.br\/wp-content\/uploads\/2023\/05\/345431205_628041342506835_2194168558199022826_n.jpg\" data-link=\"https:\/\/www.paranapraia.com.br\/?attachment_id=46917\" class=\"wp-image-46917\" srcset=\"https:\/\/www.paranapraia.com.br\/wp-content\/uploads\/2023\/05\/345431205_628041342506835_2194168558199022826_n-1024x768.jpg 1024w, https:\/\/www.paranapraia.com.br\/wp-content\/uploads\/2023\/05\/345431205_628041342506835_2194168558199022826_n-300x225.jpg 300w, https:\/\/www.paranapraia.com.br\/wp-content\/uploads\/2023\/05\/345431205_628041342506835_2194168558199022826_n-768x576.jpg 768w, https:\/\/www.paranapraia.com.br\/wp-content\/uploads\/2023\/05\/345431205_628041342506835_2194168558199022826_n-80x60.jpg 80w, https:\/\/www.paranapraia.com.br\/wp-content\/uploads\/2023\/05\/345431205_628041342506835_2194168558199022826_n-265x198.jpg 265w, https:\/\/www.paranapraia.com.br\/wp-content\/uploads\/2023\/05\/345431205_628041342506835_2194168558199022826_n-696x522.jpg 696w, https:\/\/www.paranapraia.com.br\/wp-content\/uploads\/2023\/05\/345431205_628041342506835_2194168558199022826_n-1068x801.jpg 1068w, https:\/\/www.paranapraia.com.br\/wp-content\/uploads\/2023\/05\/345431205_628041342506835_2194168558199022826_n-560x420.jpg 560w, https:\/\/www.paranapraia.com.br\/wp-content\/uploads\/2023\/05\/345431205_628041342506835_2194168558199022826_n.jpg 1280w\" sizes=\"(max-width: 1024px) 100vw, 1024px\" \/><\/figure><\/li><li class=\"blocks-gallery-item\"><figure><img loading=\"lazy\" decoding=\"async\" width=\"1024\" height=\"644\" src=\"https:\/\/www.paranapraia.com.br\/wp-content\/uploads\/2023\/05\/346061575_771045708020137_2133378962937417487_n-1024x644.jpg\" alt=\"\" data-id=\"46918\" data-full-url=\"https:\/\/www.paranapraia.com.br\/wp-content\/uploads\/2023\/05\/346061575_771045708020137_2133378962937417487_n.jpg\" data-link=\"https:\/\/www.paranapraia.com.br\/?attachment_id=46918\" class=\"wp-image-46918\" srcset=\"https:\/\/www.paranapraia.com.br\/wp-content\/uploads\/2023\/05\/346061575_771045708020137_2133378962937417487_n-1024x644.jpg 1024w, https:\/\/www.paranapraia.com.br\/wp-content\/uploads\/2023\/05\/346061575_771045708020137_2133378962937417487_n-300x189.jpg 300w, https:\/\/www.paranapraia.com.br\/wp-content\/uploads\/2023\/05\/346061575_771045708020137_2133378962937417487_n-768x483.jpg 768w, https:\/\/www.paranapraia.com.br\/wp-content\/uploads\/2023\/05\/346061575_771045708020137_2133378962937417487_n-696x437.jpg 696w, https:\/\/www.paranapraia.com.br\/wp-content\/uploads\/2023\/05\/346061575_771045708020137_2133378962937417487_n-668x420.jpg 668w, https:\/\/www.paranapraia.com.br\/wp-content\/uploads\/2023\/05\/346061575_771045708020137_2133378962937417487_n.jpg 1055w\" sizes=\"(max-width: 1024px) 100vw, 1024px\" \/><\/figure><\/li><\/ul><\/figure>\n\n\n\n<p>Nessa \u00faltima etapa foram convocados 28 candidatos, por\u00e9m se apresentaram 24 deles.<\/p>\n\n\n\n<p>O Curso de Forma\u00e7\u00e3o \u00e9 uma parceria das GCMs de Pontal do Paran\u00e1 e Paranagu\u00e1. Os alunos ter\u00e3o aulas no Corpo de Bombeiros de Pontal do Paran\u00e1 e na na Academia de Capacita\u00e7\u00e3o, Ensino e Forma\u00e7\u00e3o da Guarda Civil Municipal de Paranagu\u00e1.<\/p>\n\n\n\n<p>A Secret\u00e1ria de Seguran\u00e7a P\u00fablica, Any Messina, explicou como funcionar\u00e1 o Curso de Forma\u00e7\u00e3o.<\/p>\n\n\n\n<p> \u201cNessa nova fase, que \u00e9 eliminat\u00f3ria, teremos um prazo aproximado de 6 meses. Os candidatos passar\u00e3o por instru\u00e7\u00f5es que compreendem o exerc\u00edcio das atividades de Guarda Civil Municipal, al\u00e9m de pr\u00e1ticas de coopera\u00e7\u00e3o, \u00e9tica, cidadania, justi\u00e7a e t\u00e9cnicas necess\u00e1rias ao bom desempenho de suas atividades profissionais\u201d, disse a secret\u00e1ria.<\/p>\n\n\n\n<p>O prefeito de Pontal do Paran\u00e1, Rud\u00e3o Gimenes, parabenizou todos os alunos por terem chegado nesta fase e ressaltou a import\u00e2ncia de eles estarem refor\u00e7ando a Guarda Municipal de Pontal do Paran\u00e1.<\/p>\n\n\n\n<p>\u201cQuero parabenizar voc\u00eas por estarem aqui na \u00faltima etapa do nosso concurso, eu sei que voc\u00eas se dedicaram at\u00e9 aqui, \u00e9 uma etapa que voc\u00eas ter\u00e3o bastante instru\u00e7\u00e3o. A forma\u00e7\u00e3o de voc\u00eas ser\u00e1 de conhecimento e tamb\u00e9m f\u00edsica. A Guarda Municipal de Pontal do Paran\u00e1 n\u00e3o tem somente uma fun\u00e7\u00e3o administrativa, de cuidar apenas do nosso patrim\u00f4nio, mas tem a fun\u00e7\u00e3o tamb\u00e9m de cuidar da seguran\u00e7a p\u00fablica de nossa cidade. Por isso n\u00f3s armamos a GCM e precisamos de Guardas Municipais bem preparados. Voc\u00eas ir\u00e3o fortalecer o munic\u00edpio com a presen\u00e7a de mais Guardas Municipais nas ruas\u201d, disse o prefeito.<\/p>\n\n\n\n<p>Assessoria<\/p>\n","protected":false},"excerpt":{"rendered":"<p>Na \u00faltima sexta-feira passada (05) tece in\u00edcio o Curso de Forma\u00e7\u00e3o do concurso que est\u00e1 em andamento para a GCM &#8211; Guarda Civil Municipal de Pontal do Paran\u00e1.O evento contou com a presen\u00e7a do Prefeito de Pontal do Paran\u00e1, Rud\u00e3o Gimenes, da Secret\u00e1ria de Seguran\u00e7a P\u00fablica, Any Messina, do comandante da GCM de Paranagu\u00e1, Le\u00f4nidas [&hellip;]<\/p>\n","protected":false},"author":2,"featured_media":46913,"comment_status":"open","ping_status":"open","sticky":false,"template":"","format":"standard","meta":{"advanced_seo_description":"","jetpack_seo_html_title":"","jetpack_seo_noindex":false,"_jetpack_memberships_contains_paid_content":false,"footnotes":""},"categories":[40],"tags":[],"class_list":{"0":"post-46912","1":"post","2":"type-post","3":"status-publish","4":"format-standard","5":"has-post-thumbnail","7":"category-destaques"},"jetpack_featured_media_url":"https:\/\/www.paranapraia.com.br\/wp-content\/uploads\/2023\/05\/345869782_233368376045556_7463938845024618115_n.jpg","jetpack_sharing_enabled":true,"_links":{"self":[{"href":"https:\/\/www.paranapraia.com.br\/index.php\/wp-json\/wp\/v2\/posts\/46912"}],"collection":[{"href":"https:\/\/www.paranapraia.com.br\/index.php\/wp-json\/wp\/v2\/posts"}],"about":[{"href":"https:\/\/www.paranapraia.com.br\/index.php\/wp-json\/wp\/v2\/types\/post"}],"author":[{"embeddable":true,"href":"https:\/\/www.paranapraia.com.br\/index.php\/wp-json\/wp\/v2\/users\/2"}],"replies":[{"embeddable":true,"href":"https:\/\/www.paranapraia.com.br\/index.php\/wp-json\/wp\/v2\/comments?post=46912"}],"version-history":[{"count":1,"href":"https:\/\/www.paranapraia.com.br\/index.php\/wp-json\/wp\/v2\/posts\/46912\/revisions"}],"predecessor-version":[{"id":46919,"href":"https:\/\/www.paranapraia.com.br\/index.php\/wp-json\/wp\/v2\/posts\/46912\/revisions\/46919"}],"wp:featuredmedia":[{"embeddable":true,"href":"https:\/\/www.paranapraia.com.br\/index.php\/wp-json\/wp\/v2\/media\/46913"}],"wp:attachment":[{"href":"https:\/\/www.paranapraia.com.br\/index.php\/wp-json\/wp\/v2\/media?parent=46912"}],"wp:term":[{"taxonomy":"category","embeddable":true,"href":"https:\/\/www.paranapraia.com.br\/index.php\/wp-json\/wp\/v2\/categories?post=46912"},{"taxonomy":"post_tag","embeddable":true,"href":"https:\/\/www.paranapraia.com.br\/index.php\/wp-json\/wp\/v2\/tags?post=46912"}],"curies":[{"name":"wp","href":"https:\/\/api.w.org\/{rel}","templated":true}]}}