{"id":46909,"date":"2023-05-08T16:13:23","date_gmt":"2023-05-08T19:13:23","guid":{"rendered":"https:\/\/www.paranapraia.com.br\/?p=46909"},"modified":"2023-05-08T16:13:24","modified_gmt":"2023-05-08T19:13:24","slug":"noivo-apaixonado-e-hospital-fazem-casamento-dos-sonhos-para-noiva-com-cancer","status":"publish","type":"post","link":"https:\/\/www.paranapraia.com.br\/index.php\/2023\/05\/08\/noivo-apaixonado-e-hospital-fazem-casamento-dos-sonhos-para-noiva-com-cancer\/","title":{"rendered":"Noivo apaixonado e hospital fazem casamento dos sonhos para noiva com c\u00e2ncer"},"content":{"rendered":"\n<p>Um noivo apaixonado e um batalh\u00e3o do bem, formado pelo Hospital do C\u00e2ncer de Muria\u00e9, em Minas Gerais, cabelereiros, maquiadores, fot\u00f3grafos e empresas particulares ajudaram a realizar um sonho. Com c\u00e2ncer de mama, Lucilene Valente, de 37 anos, queria casar de noiva com toda tradi\u00e7\u00e3o e pompa.<\/p>\n\n\n\n<p>Rafael Muniz, de 32 anos, o noivo, pediu ajuda ao hospital para organizar a festa! O hospital n\u00e3o s\u00f3 ajudou como tamb\u00e9m buscou parceiros para transformar o grande dia em um evento \u00e0 altura do sonho. Foi tudo t\u00e3o perfeito que at\u00e9 o cen\u00e1rio ajudou: os jardins dos hospital cercados por uma lagoa.<\/p>\n\n\n\n<p>Emocionada diante da surpresa, Lucilene parecia n\u00e3o acreditar. \u201cEu sempre falava que tinha o sonho me casar de noiva. Pode ser coisa boba, mas para mim era importante.\u201d A festa foi realizada no \u00faltimo dia 17, em Muria\u00e9, Zona da Mata de Minas Gerais.<\/p>\n\n\n\n<p><strong>Hist\u00f3ria de amor<\/strong><\/p>\n\n\n\n<p>Lucilene e Rafael se tornaram amigos, antes do namoro, tudo pela internet. Com o diagn\u00f3stico de c\u00e2ncer de mama, acabaram se aproximando e engataram o relacionamento h\u00e1 dois anos. De l\u00e1 para c\u00e1, nasceu uma linda hist\u00f3ria de amor.<\/p>\n\n\n\n<p>No momento do casamento, a grande pergunta do noivo para a noiva: \u201cBenzinho, voc\u00ea aceita se casar comigo?\u201d. N\u00e3o houve quem n\u00e3o chorasse. Quanta emo\u00e7\u00e3o!<\/p>\n\n\n\n<p>A noiva se derrete ao lembrar de como tudo come\u00e7ou: &nbsp;\u201cHist\u00f3ria de muita supera\u00e7\u00e3o. Sou a prova viva de que Deus \u00e9 perfeito\u201d.<\/p>\n\n\n\n<p>Segundo Lucilene, em meio \u00e0 felicidade pelo casamento, seguir\u00e1 com o tratamento. Nos pr\u00f3ximos dias, ela passa por uma consulta m\u00e9dica, que analisa o resultado de uma bi\u00f3psia. \u201cVir\u00e3o dias dif\u00edceis, mas estou com meu cora\u00e7\u00e3o calmo\u201d, disse a noiva.<\/p>\n\n\n\n<p><strong>Organiza\u00e7\u00e3o<\/strong><\/p>\n\n\n\n<p>Determinado a realizar o sonho da amada, Rafael foi atr\u00e1s do hospital para pedir suporte.<\/p>\n\n\n\n<p>\u201cDepois do meu contato, as meninas do marketing [do hospital] me ligaram para dar a not\u00edcia de que a dire\u00e7\u00e3o havia aprovado a ideia e que o pessoal iria trabalhar para realizar o sonho da Lucilene. Eu fiquei maravilhado, muito feliz\u201d, afirmou.<\/p>\n\n\n\n<p>Para surpreender Lucilene, a administra\u00e7\u00e3o do hospital inventou uma a\u00e7\u00e3o promocional para o Dia das M\u00e3es e perguntou se ela queria participar. Desta forma foi poss\u00edvel, arrumar o vestido e produzir a maquiagem e at\u00e9 uma sess\u00e3o de fotos e v\u00eddeo.<\/p>\n\n\n\n<p>Parentes, amigos e funcion\u00e1rios do hospital participaram da festa de casamento nos jardins do hospital, pr\u00f3ximo \u00e0 lagoa.<\/p>\n\n\n\n<p>\u201c\u00c9 uma lagoa linda. Acaba sendo um lugar para distra\u00e7\u00e3o, em meio a dias dif\u00edceis. Eu ainda estou maravilhada com tudo o que aconteceu. Eu s\u00f3 sabia chorar\u201d, reagiu a noiva.<\/p>\n\n\n\n<p><strong>Agradecimentos<\/strong><\/p>\n\n\n\n<p>Em nota, a Funda\u00e7\u00e3o Cristiano Varella, respons\u00e1vel pela administra\u00e7\u00e3o do Hospital do C\u00e2ncer de Muria\u00e9 agradeceu \u201caos parceiros envolvidos na a\u00e7\u00e3o\u201d.<\/p>\n\n\n\n<p>Participaram do grande dia cabeleireiros, maquiadores, m\u00fasicos, estilista, costureira, joalheria e equipe de fotografia e cinegrafia, al\u00e9m de uma empresa que emprestou cadeiras e uma confeiteira que doou docinhos bem-casados para a festa.<\/p>\n\n\n\n<p>\u201cRecome\u00e7os. &nbsp;Sonhos realizados. Projetos futuros. Li\u00e7\u00f5es de f\u00e9, de sabedoria, de amor. Quem conhece, convive ou trabalha no Hospital do C\u00e2ncer de Muria\u00e9 se depara, dia ap\u00f3s dia, com tudo isso\u201d, diz a nota do hospital. Que lindo!<\/p>\n\n\n\n<p>Com informa\u00e7\u00f5es da&nbsp;<a href=\"https:\/\/www.fcv.org.br\/site\/noticia\/detalhe\/1145\/conheca-a-historia-de-amor-da-lucilene-e-rafael-unidos-pelo-hospital-do-cancer-de-muriae\" target=\"_blank\" rel=\"noreferrer noopener\">Funda\u00e7\u00e3o Cristiano Varella<\/a>&nbsp;e do&nbsp;<a href=\"https:\/\/www.otempo.com.br\/fm-otempo\/\/mulher-que-trata-cancer-realiza-sonho-e-se-casa-em-hospital-de-mg-superacao-1.2855018\" target=\"_blank\" rel=\"noreferrer noopener\">O Tempo<\/a><\/p>\n","protected":false},"excerpt":{"rendered":"<p>Um noivo apaixonado e um batalh\u00e3o do bem, formado pelo Hospital do C\u00e2ncer de Muria\u00e9, em Minas Gerais, cabelereiros, maquiadores, fot\u00f3grafos e empresas particulares ajudaram a realizar um sonho. Com c\u00e2ncer de mama, Lucilene Valente, de 37 anos, queria casar de noiva com toda tradi\u00e7\u00e3o e pompa. Rafael Muniz, de 32 anos, o noivo, pediu [&hellip;]<\/p>\n","protected":false},"author":2,"featured_media":46910,"comment_status":"open","ping_status":"open","sticky":false,"template":"","format":"standard","meta":{"advanced_seo_description":"","jetpack_seo_html_title":"","jetpack_seo_noindex":false,"_jetpack_memberships_contains_paid_content":false,"footnotes":""},"categories":[40],"tags":[],"class_list":{"0":"post-46909","1":"post","2":"type-post","3":"status-publish","4":"format-standard","5":"has-post-thumbnail","7":"category-destaques"},"jetpack_featured_media_url":"https:\/\/www.paranapraia.com.br\/wp-content\/uploads\/2023\/05\/WhatsApp-Image-2023-05-08-at-16.12.31.jpeg","jetpack_sharing_enabled":true,"_links":{"self":[{"href":"https:\/\/www.paranapraia.com.br\/index.php\/wp-json\/wp\/v2\/posts\/46909"}],"collection":[{"href":"https:\/\/www.paranapraia.com.br\/index.php\/wp-json\/wp\/v2\/posts"}],"about":[{"href":"https:\/\/www.paranapraia.com.br\/index.php\/wp-json\/wp\/v2\/types\/post"}],"author":[{"embeddable":true,"href":"https:\/\/www.paranapraia.com.br\/index.php\/wp-json\/wp\/v2\/users\/2"}],"replies":[{"embeddable":true,"href":"https:\/\/www.paranapraia.com.br\/index.php\/wp-json\/wp\/v2\/comments?post=46909"}],"version-history":[{"count":1,"href":"https:\/\/www.paranapraia.com.br\/index.php\/wp-json\/wp\/v2\/posts\/46909\/revisions"}],"predecessor-version":[{"id":46911,"href":"https:\/\/www.paranapraia.com.br\/index.php\/wp-json\/wp\/v2\/posts\/46909\/revisions\/46911"}],"wp:featuredmedia":[{"embeddable":true,"href":"https:\/\/www.paranapraia.com.br\/index.php\/wp-json\/wp\/v2\/media\/46910"}],"wp:attachment":[{"href":"https:\/\/www.paranapraia.com.br\/index.php\/wp-json\/wp\/v2\/media?parent=46909"}],"wp:term":[{"taxonomy":"category","embeddable":true,"href":"https:\/\/www.paranapraia.com.br\/index.php\/wp-json\/wp\/v2\/categories?post=46909"},{"taxonomy":"post_tag","embeddable":true,"href":"https:\/\/www.paranapraia.com.br\/index.php\/wp-json\/wp\/v2\/tags?post=46909"}],"curies":[{"name":"wp","href":"https:\/\/api.w.org\/{rel}","templated":true}]}}