{"id":46903,"date":"2023-05-08T16:04:13","date_gmt":"2023-05-08T19:04:13","guid":{"rendered":"https:\/\/www.paranapraia.com.br\/?p=46903"},"modified":"2023-05-08T16:04:13","modified_gmt":"2023-05-08T19:04:13","slug":"guaratuba-prefeitura-abre-inscricoes-do-concurso-da-guarda-municipal","status":"publish","type":"post","link":"https:\/\/www.paranapraia.com.br\/index.php\/2023\/05\/08\/guaratuba-prefeitura-abre-inscricoes-do-concurso-da-guarda-municipal\/","title":{"rendered":"Guaratuba: Prefeitura abre inscri\u00e7\u00f5es do concurso da Guarda Municipal"},"content":{"rendered":"\n<p>O prazo de inscri\u00e7\u00e3o para o concurso da Guarda Civil Municipal \u00e9 do dia 08\/05 a 06\/06\/23. As inscri\u00e7\u00f5es devem ser realizadas atrav\u00e9s do site oficial da Unioeste: <a rel=\"noreferrer noopener\" href=\"https:\/\/concursos.unioeste.br\/concursos\/publicacoes\/PREFEITURA+MUNICIPAL+DE+GUARATUBA\/32?fbclid=IwAR1ddxUMA3JCsgZGy5Gwk5zt4BBSE595I1JNiziOENoRNZaHIwP8KGN6Ah4\" target=\"_blank\">https:\/\/concursos.unioeste.br\/&#8230;\/PREFEITURA+MUNICIPAL&#8230;\/32<\/a>O valor da inscri\u00e7\u00e3o \u00e9 de R$120,00 e deve ser pago at\u00e9 o dia 07\/06\/23, candidatos inscritos no Cad\u00danico (com cadastro atualizado) e com renda familiar mensal per capita de at\u00e9 meio sal\u00e1rio-m\u00ednimo podem solicitar a isen\u00e7\u00e3o da taxa de inscri\u00e7\u00e3o at\u00e9 o dia 22\/05. <\/p>\n\n\n\n<p>Edital Guarda Municipal: <a rel=\"noreferrer noopener\" href=\"http:\/\/portal.guaratuba.pr.gov.br\/concurso-guarda-municipal\/001-2023-guarda-municipal.pdf?fbclid=IwAR2ehoc_etFfH-2Zvoyby0hTswalYOgsLIkENC8C9v1baaWtLnGuDZzTwms\" target=\"_blank\">http:\/\/portal.guaratuba.pr.gov.br\/&#8230;\/001-2023-guarda&#8230;<\/a><\/p>\n","protected":false},"excerpt":{"rendered":"<p>O prazo de inscri\u00e7\u00e3o para o concurso da Guarda Civil Municipal \u00e9 do dia 08\/05 a 06\/06\/23. As inscri\u00e7\u00f5es devem ser realizadas atrav\u00e9s do site oficial da Unioeste: https:\/\/concursos.unioeste.br\/&#8230;\/PREFEITURA+MUNICIPAL&#8230;\/32O valor da inscri\u00e7\u00e3o \u00e9 de R$120,00 e deve ser pago at\u00e9 o dia 07\/06\/23, candidatos inscritos no Cad\u00danico (com cadastro atualizado) e com renda familiar mensal [&hellip;]<\/p>\n","protected":false},"author":2,"featured_media":46904,"comment_status":"open","ping_status":"open","sticky":false,"template":"","format":"standard","meta":{"advanced_seo_description":"","jetpack_seo_html_title":"","jetpack_seo_noindex":false,"_jetpack_memberships_contains_paid_content":false,"footnotes":""},"categories":[40],"tags":[],"class_list":{"0":"post-46903","1":"post","2":"type-post","3":"status-publish","4":"format-standard","5":"has-post-thumbnail","7":"category-destaques"},"jetpack_featured_media_url":"https:\/\/www.paranapraia.com.br\/wp-content\/uploads\/2023\/05\/prefeito-sanciona-leia-que-cria-a-guarda-municipal-63519837d20db.jpeg","jetpack_sharing_enabled":true,"_links":{"self":[{"href":"https:\/\/www.paranapraia.com.br\/index.php\/wp-json\/wp\/v2\/posts\/46903"}],"collection":[{"href":"https:\/\/www.paranapraia.com.br\/index.php\/wp-json\/wp\/v2\/posts"}],"about":[{"href":"https:\/\/www.paranapraia.com.br\/index.php\/wp-json\/wp\/v2\/types\/post"}],"author":[{"embeddable":true,"href":"https:\/\/www.paranapraia.com.br\/index.php\/wp-json\/wp\/v2\/users\/2"}],"replies":[{"embeddable":true,"href":"https:\/\/www.paranapraia.com.br\/index.php\/wp-json\/wp\/v2\/comments?post=46903"}],"version-history":[{"count":1,"href":"https:\/\/www.paranapraia.com.br\/index.php\/wp-json\/wp\/v2\/posts\/46903\/revisions"}],"predecessor-version":[{"id":46905,"href":"https:\/\/www.paranapraia.com.br\/index.php\/wp-json\/wp\/v2\/posts\/46903\/revisions\/46905"}],"wp:featuredmedia":[{"embeddable":true,"href":"https:\/\/www.paranapraia.com.br\/index.php\/wp-json\/wp\/v2\/media\/46904"}],"wp:attachment":[{"href":"https:\/\/www.paranapraia.com.br\/index.php\/wp-json\/wp\/v2\/media?parent=46903"}],"wp:term":[{"taxonomy":"category","embeddable":true,"href":"https:\/\/www.paranapraia.com.br\/index.php\/wp-json\/wp\/v2\/categories?post=46903"},{"taxonomy":"post_tag","embeddable":true,"href":"https:\/\/www.paranapraia.com.br\/index.php\/wp-json\/wp\/v2\/tags?post=46903"}],"curies":[{"name":"wp","href":"https:\/\/api.w.org\/{rel}","templated":true}]}}