{"id":46900,"date":"2023-05-08T15:52:38","date_gmt":"2023-05-08T18:52:38","guid":{"rendered":"https:\/\/www.paranapraia.com.br\/?p=46900"},"modified":"2023-05-08T15:52:39","modified_gmt":"2023-05-08T18:52:39","slug":"testes-rapidos-para-diagnostico-da-hanseniase-sao-distribuidos-para-todo-parana","status":"publish","type":"post","link":"https:\/\/www.paranapraia.com.br\/index.php\/2023\/05\/08\/testes-rapidos-para-diagnostico-da-hanseniase-sao-distribuidos-para-todo-parana\/","title":{"rendered":"Testes r\u00e1pidos para diagn\u00f3stico da hansen\u00edase s\u00e3o distribu\u00eddos para todo Paran\u00e1"},"content":{"rendered":"\n<p>A Secretaria de Estado da Sa\u00fade (Sesa) distribuiu 1.430 testes r\u00e1pidos para detec\u00e7\u00e3o da hansen\u00edase \u00e0s 22 regionais de sa\u00fade. Eles ir\u00e3o apoiar a Aten\u00e7\u00e3o Prim\u00e1ria \u00e0 Sa\u00fade (APS) na vigil\u00e2ncia \u00e0s pessoas que estiveram em contato pr\u00f3ximo e prolongado com casos confirmados da doen\u00e7a.<\/p>\n\n\n\n<p>De acordo com o Minist\u00e9rio da Sa\u00fade (MS), o Brasil \u00e9 o primeiro pa\u00eds no mundo a ofertar insumos para detec\u00e7\u00e3o da doen\u00e7a na rede p\u00fablica. Os testes s\u00e3o disponibilizados aos munic\u00edpios conforme a demanda.<\/p>\n\n\n\n<p>Os profissionais respons\u00e1veis em disponibilizar esta ferramenta aos munic\u00edpios participaram de capacita\u00e7\u00f5es no Laborat\u00f3rio Central do Estado (Lacen), Vigil\u00e2ncia Epidemiol\u00f3gica e Aten\u00e7\u00e3o \u00e0 Sa\u00fade, para identificar os casos eleg\u00edveis para os testes quando novos casos da hansen\u00edase forem notificados.<\/p>\n\n\n\n<p>\u201cOs testes v\u00e3o possibilitar uma agilidade muito maior para o diagn\u00f3stico precoce da hansen\u00edase. Isso vai contribuir para a quebra da cadeia de transmiss\u00e3o em tempo oportuno e tamb\u00e9m reduzir as sequelas provocadas pelo comprometimento dos nervos perif\u00e9ricos, que caracterizam a doen\u00e7a\u201d, explicou o secret\u00e1rio de Estado da Sa\u00fade, Beto Preto.<\/p>\n\n\n\n<p><strong>HANSEN\u00cdASE&nbsp;<\/strong>&#8211;&nbsp;A hansen\u00edase \u00e9 uma doen\u00e7a infecciosa transmitida por bact\u00e9ria (Mycobacterium leprae) e sua contamina\u00e7\u00e3o ocorre por via respirat\u00f3ria, em got\u00edculas de saliva expelidas durante a fala, espirro ou tosse. Para adquirir a doen\u00e7a, \u00e9 necess\u00e1rio contato pr\u00f3ximo e prolongado com doente n\u00e3o tratado. \u00c9 uma doen\u00e7a silenciosa, cujo per\u00edodo de incuba\u00e7\u00e3o \u00e9 longo, e pode levar at\u00e9 10 anos para se manifestar.&nbsp;<\/p>\n\n\n\n<p>Entre os primeiros sintomas est\u00e3o as manchas pelo corpo com altera\u00e7\u00e3o ou perda de sensibilidade local, fraqueza e dores nas articula\u00e7\u00f5es de bra\u00e7os, pernas, m\u00e3os e p\u00e9s, n\u00f3dulos e ressecamento da pele. A doen\u00e7a tem alto poder incapacitante, trazendo estigma e discrimina\u00e7\u00e3o \u00e0s pessoas acometidas.<\/p>\n\n\n\n<p>O tratamento, que \u00e9 disponibilizado gratuitamente pelo Sistema \u00danico de Sa\u00fade (SUS), tem dura\u00e7\u00e3o de 6 a 12 meses, podendo ser prolongado em casos mais avan\u00e7ados. O m\u00e9todo utilizado \u00e9 a poliquimioterapia, composto por tr\u00eas antibi\u00f3ticos e quanto antes for iniciado menores s\u00e3o as chances de agravamento. O uso do medicamento, al\u00e9m de curar a doen\u00e7a, interrompe a transmiss\u00e3o e previne as incapacidades f\u00edsicas.<\/p>\n\n\n\n<p>No Paran\u00e1, o atendimento especializado, quando h\u00e1 necessidade de encaminhamento da APS, pode ser no Hospital de Dermatologia Sanit\u00e1ria do Paran\u00e1, em Piraquara, Regi\u00e3o Metropolitana de Curitiba. O antigo Lepros\u00e1rio S\u00e3o Roque foi projetado em 1926, com o intuito de atender exclusivamente pacientes portadores da hansen\u00edase.<\/p>\n\n\n\n<p>Hoje, sob gest\u00e3o da Funda\u00e7\u00e3o Estatal de Aten\u00e7\u00e3o em Sa\u00fade (Funeas) a institui\u00e7\u00e3o \u00e9 refer\u00eancia em dermatologia e feridas com oferta de servi\u00e7os de consultas especializadas e equipe multiprofissional.<\/p>\n\n\n\n<p><strong>DADOS<\/strong>&nbsp;\u2013&nbsp;Segundo o Minist\u00e9rio, o Brasil est\u00e1 em primeiro lugar no mundo em incid\u00eancia de hansen\u00edase e em segundo em n\u00famero absoluto de casos, atr\u00e1s apenas da \u00cdndia, que tem mais de 1,3 bilh\u00e3o de habitantes. De acordo com dados do Sistema de Informa\u00e7\u00e3o de Agravos de Notifica\u00e7\u00e3o (Sinan), em 2022 foram diagnosticados no Paran\u00e1 374 novos casos. Em 2023, j\u00e1 s\u00e3o 101 novos&nbsp;diagn\u00f3sticos e 709 pacientes est\u00e3o em tratamento no Estado.&nbsp;<\/p>\n\n\n\n<p><strong>A\u00c7\u00d5ES<\/strong>\u00a0&#8211;\u00a0O Plano Estrat\u00e9gico Estadual de Controle da Hansen\u00edase prev\u00ea a\u00e7\u00f5es integradas entre Vigil\u00e2ncia e Aten\u00e7\u00e3o \u00e0 Sa\u00fade que, apoiadas pela assist\u00eancia farmac\u00eautica, laboratorial e de promo\u00e7\u00e3o da sa\u00fade, coordenam o trabalho de enfrentamento da doen\u00e7a no Paran\u00e1. Entre elas, a busca ativa para detec\u00e7\u00e3o precoce dos casos, tratamento oportuno na preven\u00e7\u00e3o e tratamento das incapacidades, reabilita\u00e7\u00e3o, manejo das rea\u00e7\u00f5es hans\u00eanicas, recidivas e nos eventos p\u00f3s-alta, investiga\u00e7\u00e3o dos contatos de forma a interromper a cadeia de transmiss\u00e3o, forma\u00e7\u00e3o de grupos de autocuidado, acesso a \u00f3rteses e pr\u00f3teses e em a\u00e7\u00f5es adicionais que promovam o enfrentamento do estigma e da discrimina\u00e7\u00e3o \u00e0s pessoas acometidas pela doen\u00e7a.<\/p>\n\n\n\n<p>AEN<\/p>\n","protected":false},"excerpt":{"rendered":"<p>A Secretaria de Estado da Sa\u00fade (Sesa) distribuiu 1.430 testes r\u00e1pidos para detec\u00e7\u00e3o da hansen\u00edase \u00e0s 22 regionais de sa\u00fade. Eles ir\u00e3o apoiar a Aten\u00e7\u00e3o Prim\u00e1ria \u00e0 Sa\u00fade (APS) na vigil\u00e2ncia \u00e0s pessoas que estiveram em contato pr\u00f3ximo e prolongado com casos confirmados da doen\u00e7a. De acordo com o Minist\u00e9rio da Sa\u00fade (MS), o Brasil [&hellip;]<\/p>\n","protected":false},"author":2,"featured_media":46901,"comment_status":"open","ping_status":"open","sticky":false,"template":"","format":"standard","meta":{"advanced_seo_description":"","jetpack_seo_html_title":"","jetpack_seo_noindex":false,"_jetpack_memberships_contains_paid_content":false,"footnotes":""},"categories":[50],"tags":[],"class_list":{"0":"post-46900","1":"post","2":"type-post","3":"status-publish","4":"format-standard","5":"has-post-thumbnail","7":"category-saude"},"jetpack_featured_media_url":"https:\/\/www.paranapraia.com.br\/wp-content\/uploads\/2023\/05\/hanseniase-divulgacao.jpg","jetpack_sharing_enabled":true,"_links":{"self":[{"href":"https:\/\/www.paranapraia.com.br\/index.php\/wp-json\/wp\/v2\/posts\/46900"}],"collection":[{"href":"https:\/\/www.paranapraia.com.br\/index.php\/wp-json\/wp\/v2\/posts"}],"about":[{"href":"https:\/\/www.paranapraia.com.br\/index.php\/wp-json\/wp\/v2\/types\/post"}],"author":[{"embeddable":true,"href":"https:\/\/www.paranapraia.com.br\/index.php\/wp-json\/wp\/v2\/users\/2"}],"replies":[{"embeddable":true,"href":"https:\/\/www.paranapraia.com.br\/index.php\/wp-json\/wp\/v2\/comments?post=46900"}],"version-history":[{"count":1,"href":"https:\/\/www.paranapraia.com.br\/index.php\/wp-json\/wp\/v2\/posts\/46900\/revisions"}],"predecessor-version":[{"id":46902,"href":"https:\/\/www.paranapraia.com.br\/index.php\/wp-json\/wp\/v2\/posts\/46900\/revisions\/46902"}],"wp:featuredmedia":[{"embeddable":true,"href":"https:\/\/www.paranapraia.com.br\/index.php\/wp-json\/wp\/v2\/media\/46901"}],"wp:attachment":[{"href":"https:\/\/www.paranapraia.com.br\/index.php\/wp-json\/wp\/v2\/media?parent=46900"}],"wp:term":[{"taxonomy":"category","embeddable":true,"href":"https:\/\/www.paranapraia.com.br\/index.php\/wp-json\/wp\/v2\/categories?post=46900"},{"taxonomy":"post_tag","embeddable":true,"href":"https:\/\/www.paranapraia.com.br\/index.php\/wp-json\/wp\/v2\/tags?post=46900"}],"curies":[{"name":"wp","href":"https:\/\/api.w.org\/{rel}","templated":true}]}}