{"id":46892,"date":"2023-05-08T15:36:32","date_gmt":"2023-05-08T18:36:32","guid":{"rendered":"https:\/\/www.paranapraia.com.br\/?p=46892"},"modified":"2023-05-08T15:46:17","modified_gmt":"2023-05-08T18:46:17","slug":"exposicao-do-artista-jaume-plensa-no-mon-pode-ser-vista-ate-domingo","status":"publish","type":"post","link":"https:\/\/www.paranapraia.com.br\/index.php\/2023\/05\/08\/exposicao-do-artista-jaume-plensa-no-mon-pode-ser-vista-ate-domingo\/","title":{"rendered":"Exposi\u00e7\u00e3o do artista Jaume Plensa no MON pode ser vista at\u00e9 domingo"},"content":{"rendered":"\n<p>A exposi\u00e7\u00e3o \u201cInvis\u00edvel e Indiz\u00edvel\u201d, do artista espanhol Jaume Plensa,&nbsp;poder\u00e1 ser vista at\u00e9 domingo, dia 14 de maio, no espa\u00e7o do Olho, no Museu Oscar Niemeyer (MON). Com curadoria de Marcello Dantas, a mostra conta com 17 obras que provocam reflex\u00e3o no visitante.&nbsp;<\/p>\n\n\n\n<p>Um dos principais nomes de sua gera\u00e7\u00e3o, Plensa \u00e9 um artista reconhecido mundialmente por suas obras de grande escala e instala\u00e7\u00f5es no espa\u00e7o p\u00fablico. Com uma trajet\u00f3ria art\u00edstica de mais de 40 anos, ele utiliza materiais diversos em suas obras, do vidro ao a\u00e7o e ao bronze, at\u00e9 elementos menos tang\u00edveis, como \u00e1gua, luz e som. Essa contraposi\u00e7\u00e3o entre a materialidade e imaterialidade \u00e9 uma caracter\u00edstica marcante de seu trabalho.\u00a0<\/p>\n\n\n\n<figure class=\"wp-block-image size-large\"><img loading=\"lazy\" decoding=\"async\" width=\"705\" height=\"529\" src=\"https:\/\/www.paranapraia.com.br\/wp-content\/uploads\/2023\/05\/Jaume-Plensa_Waves-I-2012_Stone-and-stainless-steel_253-x-215-x-290-com2.jpg\" alt=\"\" class=\"wp-image-46893\" srcset=\"https:\/\/www.paranapraia.com.br\/wp-content\/uploads\/2023\/05\/Jaume-Plensa_Waves-I-2012_Stone-and-stainless-steel_253-x-215-x-290-com2.jpg 705w, https:\/\/www.paranapraia.com.br\/wp-content\/uploads\/2023\/05\/Jaume-Plensa_Waves-I-2012_Stone-and-stainless-steel_253-x-215-x-290-com2-300x225.jpg 300w, https:\/\/www.paranapraia.com.br\/wp-content\/uploads\/2023\/05\/Jaume-Plensa_Waves-I-2012_Stone-and-stainless-steel_253-x-215-x-290-com2-80x60.jpg 80w, https:\/\/www.paranapraia.com.br\/wp-content\/uploads\/2023\/05\/Jaume-Plensa_Waves-I-2012_Stone-and-stainless-steel_253-x-215-x-290-com2-265x198.jpg 265w, https:\/\/www.paranapraia.com.br\/wp-content\/uploads\/2023\/05\/Jaume-Plensa_Waves-I-2012_Stone-and-stainless-steel_253-x-215-x-290-com2-696x522.jpg 696w, https:\/\/www.paranapraia.com.br\/wp-content\/uploads\/2023\/05\/Jaume-Plensa_Waves-I-2012_Stone-and-stainless-steel_253-x-215-x-290-com2-560x420.jpg 560w\" sizes=\"(max-width: 705px) 100vw, 705px\" \/><\/figure>\n\n\n\n<p>A exposi\u00e7\u00e3o re\u00fane, pela primeira vez, duas obras suas de grande volumetria (mais de sete metros de altura) e constru\u00e7\u00f5es distintas: \u201cSilent Hortense\u201d e \u201cInvisible Rui Rui\u201d. A primeira d\u00e1 corpo \u00e0 impossibilidade de expressar o que n\u00e3o h\u00e1 como ser dito, enquanto a segunda retira o corpo de uma express\u00e3o sublime que pede sil\u00eancio.<\/p>\n\n\n\n<p>Essas express\u00f5es e gestos sutis representadas em suas obras provocam uma compreens\u00e3o ampla sobre a consci\u00eancia e exist\u00eancia humana. \u201cAs pequenas distor\u00e7\u00f5es e imperfei\u00e7\u00f5es presentes em suas esculturas instigam no espectador uma conex\u00e3o mais intuitiva, em que as semelhan\u00e7as se sobrep\u00f5em \u00e0s diverg\u00eancias\u201d, define o curador Marcello Dantas.&nbsp;<\/p>\n\n\n\n<p><strong>ARTISTA E CURADOR &#8211;\u00a0<\/strong>Jaume Plensa\u00a0nasceu em 1955, em Barcelona, na Espanha, e reside e trabalha em Barcelona. Com uma trajet\u00f3ria art\u00edstica de mais de 40 anos, sua pr\u00e1tica \u00e9 marcada por obras de grande escala em espa\u00e7os p\u00fablicos e por esculturas e instala\u00e7\u00f5es que exploram diferentes materiais, como resina, poli\u00e9ster, a\u00e7o, ferro, \u00e1gua, vidro e n\u00e1ilon. Seus trabalhos j\u00e1 foram expostos na Espanha, Fran\u00e7a, Jap\u00e3o, Inglaterra, Coreia, Alemanha, Canad\u00e1, Estados Unidos, Brasil.<\/p>\n\n\n\n<figure class=\"wp-block-image size-large\"><img loading=\"lazy\" decoding=\"async\" width=\"300\" height=\"450\" src=\"https:\/\/www.paranapraia.com.br\/wp-content\/uploads\/2023\/05\/jaume.jpg\" alt=\"\" class=\"wp-image-46894\" srcset=\"https:\/\/www.paranapraia.com.br\/wp-content\/uploads\/2023\/05\/jaume.jpg 300w, https:\/\/www.paranapraia.com.br\/wp-content\/uploads\/2023\/05\/jaume-200x300.jpg 200w, https:\/\/www.paranapraia.com.br\/wp-content\/uploads\/2023\/05\/jaume-280x420.jpg 280w\" sizes=\"(max-width: 300px) 100vw, 300px\" \/><\/figure>\n\n\n\n<p>A busca pela sutileza da forma o destaca entre os grandes escultores do nosso tempo, que abordam a dimens\u00e3o humana e sua rela\u00e7\u00e3o com o meio ambiente. Plensa incorpora imagens silenciosas de rostos, m\u00e3os e palavras disseminadas na mem\u00f3ria. Sua vasta produ\u00e7\u00e3o \u00e9 resultado da equa\u00e7\u00e3o escultura-contexto, de forma a gerar um impacto reflexivo no p\u00fablico.<\/p>\n\n\n\n<p>O artista recebeu diversos pr\u00eamios nacionais e internacionais: Medaille des Chevaliers des Arts et Lettres, Minist\u00e9rio da Cultura da Fran\u00e7a, em Paris (1993); pr\u00eamio da Funda\u00e7\u00e3o Atelier Calder, Sach\u00e9, na Fran\u00e7a (1996); pr\u00eamio Nacional de Belas Artes do Governo da Catalunha (1997); Doutor Honoris Causa pelo Art Institute of Chicago, EUA (2005). Na Espanha foi agraciado com o Pr\u00eamio Nacional de Belas Artes (2012), o prestigioso Pr\u00eamio Vel\u00e1zquez de Artes (2013) e o Doutorado Honor\u00e1rio da Universitat Aut\u00f2noma de Barcelona (2018).&nbsp;<\/p>\n\n\n\n<p>Marcello Dantas\u00a0\u00e9 um premiado curador interdisciplinar com ampla atividade no Brasil e no Exterior. Trabalha na fronteira entre a arte e a tecnologia, produzindo exposi\u00e7\u00f5es, museus e m\u00faltiplos projetos que buscam proporcionar experi\u00eancias de imers\u00e3o por meio dos sentidos e da percep\u00e7\u00e3o.<\/p>\n\n\n\n<p><\/p>\n\n\n\n<p>Nos \u00faltimos anos esteve por tr\u00e1s da concep\u00e7\u00e3o de diversos museus, como o Museu da L\u00edngua Portuguesa e a Japan House, em S\u00e3o Paulo; Museu da Natureza, na Serra da Capivara, Piau\u00ed; Museu da Cidade de Manaus; Museu da Gente Sergipana, em Aracaju; Museu do Caribe e Museu do Carnaval, em Barranquilla, na Col\u00f4mbia.<\/p>\n\n\n\n<p>Realizou exposi\u00e7\u00f5es individuais de alguns dos mais importantes e influentes nomes da arte contempor\u00e2nea como Ai Weiwei, Anish Kapoor, Bill Viola, Christian Boltanski, Jenny Holzer, Laurie Anderson, Michelangelo Pistoletto, Rebecca Horn e Tunga. Foi tamb\u00e9m diretor art\u00edstico do Pavilh\u00e3o do Brasil na Expo Shanghai 2010; do Pavilh\u00e3o do Brasil na Rio+20; da Esta\u00e7\u00e3o Pel\u00e9, em Berlim, na Copa do Mundo de 2006.<\/p>\n\n\n\n<p>Atualmente, \u00e9 respons\u00e1vel pela curadoria da Bienal do Mercosul, inaugurada em setembro, em Porto Alegre, e \u00e9 curador do SFER IK Museo em Tulum, no M\u00e9xico. Formado pela New York University, Marcello Dantas \u00e9 membro do conselho de v\u00e1rias institui\u00e7\u00f5es internacionais e mentor de artes visuais do Art Institute of Chicago.<\/p>\n\n\n\n<p><strong>MON &#8211;&nbsp;<\/strong>O Museu Oscar Niemeyer \u00e9 patrim\u00f4nio estatal vinculado \u00e0 Secretaria da Cultura do Paran\u00e1. A institui\u00e7\u00e3o abriga referenciais importantes da produ\u00e7\u00e3o art\u00edstica nacional e internacional nas \u00e1reas de artes visuais, arquitetura e design, al\u00e9m de grandiosas cole\u00e7\u00f5es asi\u00e1tica e africana. No total, o acervo conta com aproximadamente 14 mil obras de arte, abrigadas em um espa\u00e7o superior a 35 mil metros quadrados de \u00e1rea constru\u00edda, o que torna o MON o maior museu de arte da Am\u00e9rica Latina.&nbsp;<\/p>\n\n\n\n<p><strong>SERVI\u00c7O:<\/strong><\/p>\n\n\n\n<p><strong>\u201cInvis\u00edvel e Indiz\u00edvel\u201d, do artista Jaume Plensa<\/strong><\/p>\n\n\n\n<p>At\u00e9 14 de maio<\/p>\n\n\n\n<p>Espa\u00e7o expositivo do Olho<\/p>\n\n\n\n<p>Museu Oscar Niemeyer<\/p>\n\n\n\n<p><strong><a href=\"https:\/\/www.museuoscarniemeyer.org.br\/\" target=\"_blank\" rel=\"noreferrer noopener\">www.museuoscarniemeyer.org.br<\/a><\/strong><\/p>\n","protected":false},"excerpt":{"rendered":"<p>A exposi\u00e7\u00e3o \u201cInvis\u00edvel e Indiz\u00edvel\u201d, do artista espanhol Jaume Plensa,&nbsp;poder\u00e1 ser vista at\u00e9 domingo, dia 14 de maio, no espa\u00e7o do Olho, no Museu Oscar Niemeyer (MON). Com curadoria de Marcello Dantas, a mostra conta com 17 obras que provocam reflex\u00e3o no visitante.&nbsp; Um dos principais nomes de sua gera\u00e7\u00e3o, Plensa \u00e9 um artista reconhecido [&hellip;]<\/p>\n","protected":false},"author":2,"featured_media":46897,"comment_status":"open","ping_status":"open","sticky":false,"template":"","format":"standard","meta":{"advanced_seo_description":"","jetpack_seo_html_title":"","jetpack_seo_noindex":false,"_jetpack_memberships_contains_paid_content":false,"footnotes":""},"categories":[40],"tags":[],"class_list":{"0":"post-46892","1":"post","2":"type-post","3":"status-publish","4":"format-standard","5":"has-post-thumbnail","7":"category-destaques"},"jetpack_featured_media_url":"https:\/\/www.paranapraia.com.br\/wp-content\/uploads\/2023\/05\/invisivel_e_indizivel_jaume_plensa._foto_andre_nacli.jpg","jetpack_sharing_enabled":true,"_links":{"self":[{"href":"https:\/\/www.paranapraia.com.br\/index.php\/wp-json\/wp\/v2\/posts\/46892"}],"collection":[{"href":"https:\/\/www.paranapraia.com.br\/index.php\/wp-json\/wp\/v2\/posts"}],"about":[{"href":"https:\/\/www.paranapraia.com.br\/index.php\/wp-json\/wp\/v2\/types\/post"}],"author":[{"embeddable":true,"href":"https:\/\/www.paranapraia.com.br\/index.php\/wp-json\/wp\/v2\/users\/2"}],"replies":[{"embeddable":true,"href":"https:\/\/www.paranapraia.com.br\/index.php\/wp-json\/wp\/v2\/comments?post=46892"}],"version-history":[{"count":2,"href":"https:\/\/www.paranapraia.com.br\/index.php\/wp-json\/wp\/v2\/posts\/46892\/revisions"}],"predecessor-version":[{"id":46899,"href":"https:\/\/www.paranapraia.com.br\/index.php\/wp-json\/wp\/v2\/posts\/46892\/revisions\/46899"}],"wp:featuredmedia":[{"embeddable":true,"href":"https:\/\/www.paranapraia.com.br\/index.php\/wp-json\/wp\/v2\/media\/46897"}],"wp:attachment":[{"href":"https:\/\/www.paranapraia.com.br\/index.php\/wp-json\/wp\/v2\/media?parent=46892"}],"wp:term":[{"taxonomy":"category","embeddable":true,"href":"https:\/\/www.paranapraia.com.br\/index.php\/wp-json\/wp\/v2\/categories?post=46892"},{"taxonomy":"post_tag","embeddable":true,"href":"https:\/\/www.paranapraia.com.br\/index.php\/wp-json\/wp\/v2\/tags?post=46892"}],"curies":[{"name":"wp","href":"https:\/\/api.w.org\/{rel}","templated":true}]}}